{"id":25847,"date":"2023-05-18T13:11:45","date_gmt":"2023-05-18T10:11:45","guid":{"rendered":"http:\/\/akdenizolaygazetesi.com\/?p=25847"},"modified":"2023-05-18T13:11:45","modified_gmt":"2023-05-18T10:11:45","slug":"baskan-yilmaz-bakan-nebatiyi-agirladi","status":"publish","type":"post","link":"https:\/\/akdenizolaygazetesi.com\/?p=25847","title":{"rendered":"BA\u015eKAN YILMAZ, BAKAN NEBAT\u0130&#8217;Y\u0130 A\u011eIRLADI"},"content":{"rendered":"<p>Hazine ve Maliye Bakan\u0131, Mersin Milletvekili Nureddin Nebati, Toroslar Belediye Ba\u015fkan\u0131 Ats\u0131z Af\u015f\u0131n Y\u0131lmaz&#8217;\u0131 ziyaret etti.<\/p>\n<p>Ziyarette Bakan Nebati&#8217;ye; 28. D\u00f6nem AK Parti Mersin Milletvekilleri Ali K\u0131ratl\u0131 ve Havva Sibel S\u00f6ylemez, AK Parti Toroslar \u0130l\u00e7e Ba\u015fkan\u0131 Bekir Top\u00e7u, Toroslar Belediyesi Cumhur \u0130ttifak\u0131 Meclis \u00dcyeleri Celal Ata, Cesim Aslan, Ferhat Salt, Fatma \u00d6zer ve Mehmet Ko\u00e7 da e\u015flik etti.<\/p>\n<p>Ba\u015fkan Y\u0131lmaz;  Bakan Nebati&#8217;yi Toroslar Belediyesinde a\u011f\u0131rlamaktan onur duyduklar\u0131n\u0131 belirterek, il\u00e7edeki hizmetler ve projelerle ilgili bilgiler verdi.<\/p>\n<p>BAKAN NEBAT\u0130, \u015eEREF DEFTER\u0130NE D\u00dc\u015e\u00dcNCELER\u0130N\u0130 YAZDI<\/p>\n<p>Hazine ve Maliye Bakan\u0131, Mersin Milletvekili Nureddin Nebati, Toroslar Belediyesinin \u015feref defterine d\u00fc\u015f\u00fcncelerini yazarak, Toroslar Belediye Ba\u015fkan\u0131 Ats\u0131z Af\u015f\u0131n Y\u0131lmaz&#8217;a ba\u015far\u0131lar\u0131n\u0131n devam\u0131n\u0131 diledi.<\/p>\n<p>Bakan Nebati, Ba\u015fkan Y\u0131lmaz&#8217;a misafirperverli\u011finden dolay\u0131 te\u015fekk\u00fcr ederek t\u00fcm Toroslar halk\u0131na sevgilerini iletti.<\/p>\n<p>Ba\u015fkan Y\u0131lmaz da Bakan Nebati&#8217;ye, T\u00fcrk dili, k\u00fclt\u00fcr\u00fc ve tarihinin en de\u011ferli an\u0131tlar\u0131ndan olan Orhun Yaz\u0131tlar\u0131&#8217;n\u0131n minyat\u00fcr \u00f6rne\u011fini hediye ederek te\u015fekk\u00fcr etti.<\/p>\n","protected":false},"excerpt":{"rendered":"<p>Hazine ve Maliye Bakan\u0131, Mersin Milletvekili Nureddin Nebati, Toroslar Belediye Ba\u015fkan\u0131 Ats\u0131z Af\u015f\u0131n Y\u0131lmaz&#8217;\u0131 ziyaret etti. Ziyarette Bakan Nebati&#8217;ye; 28. D\u00f6nem AK Parti Mersin Milletvekilleri Ali K\u0131ratl\u0131 ve Havva Sibel &hellip; <a href=\"https:\/\/akdenizolaygazetesi.com\/?p=25847\" class=\"more-link\">Devam\u0131n\u0131 Oku&#8230;<\/a><\/p>\n","protected":false},"author":2,"featured_media":25848,"comment_status":"open","ping_status":"open","sticky":false,"template":"","format":"standard","meta":[],"categories":[1,2,3],"tags":[],"_links":{"self":[{"href":"https:\/\/akdenizolaygazetesi.com\/index.php?rest_route=\/wp\/v2\/posts\/25847"}],"collection":[{"href":"https:\/\/akdenizolaygazetesi.com\/index.php?rest_route=\/wp\/v2\/posts"}],"about":[{"href":"https:\/\/akdenizolaygazetesi.com\/index.php?rest_route=\/wp\/v2\/types\/post"}],"author":[{"embeddable":true,"href":"https:\/\/akdenizolaygazetesi.com\/index.php?rest_route=\/wp\/v2\/users\/2"}],"replies":[{"embeddable":true,"href":"https:\/\/akdenizolaygazetesi.com\/index.php?rest_route=%2Fwp%2Fv2%2Fcomments&post=25847"}],"version-history":[{"count":1,"href":"https:\/\/akdenizolaygazetesi.com\/index.php?rest_route=\/wp\/v2\/posts\/25847\/revisions"}],"predecessor-version":[{"id":25849,"href":"https:\/\/akdenizolaygazetesi.com\/index.php?rest_route=\/wp\/v2\/posts\/25847\/revisions\/25849"}],"wp:featuredmedia":[{"embeddable":true,"href":"https:\/\/akdenizolaygazetesi.com\/index.php?rest_route=\/wp\/v2\/media\/25848"}],"wp:attachment":[{"href":"https:\/\/akdenizolaygazetesi.com\/index.php?rest_route=%2Fwp%2Fv2%2Fmedia&parent=25847"}],"wp:term":[{"taxonomy":"category","embeddable":true,"href":"https:\/\/akdenizolaygazetesi.com\/index.php?rest_route=%2Fwp%2Fv2%2Fcategories&post=25847"},{"taxonomy":"post_tag","embeddable":true,"href":"https:\/\/akdenizolaygazetesi.com\/index.php?rest_route=%2Fwp%2Fv2%2Ftags&post=25847"}],"curies":[{"name":"wp","href":"https:\/\/api.w.org\/{rel}","templated":true}]}}