{"id":2585,"date":"2020-11-04T18:23:05","date_gmt":"2020-11-04T15:23:05","guid":{"rendered":"http:\/\/mersinekonomipolitikagazetesi.com\/?p=2585"},"modified":"2020-11-04T18:23:05","modified_gmt":"2020-11-04T15:23:05","slug":"cozum-birlikte-olur-akilla-bilimle-olur","status":"publish","type":"post","link":"https:\/\/akdenizolaygazetesi.com\/?p=2585","title":{"rendered":"\u201c\u00c7\u00f6z\u00fcm birlikte olur, ak\u0131lla, bilimle olur\u201d"},"content":{"rendered":"<p>CHP Genel Ba\u015fkan\u0131 Yard\u0131mc\u0131s\u0131 Orhan Sar\u0131bal, CHP Mersin \u0130l Ba\u015fkanl\u0131\u011f\u0131n\u0131 ziyaret etti., Ekonomideki \u00e7\u00f6z\u00fcm\u00fcn birlikte, ak\u0131lla ve bilimle olaca\u011f\u0131n\u0131 ifade eden Sar\u0131bal, ekonomik ve sosyal konseyin bir an \u00f6nce toplanmas\u0131 gerekti\u011fini belirtti. Sar\u0131bal, &#8220;Ya\u015fad\u0131\u011f\u0131m\u0131z krizin nedenlerini ve gerek\u00e7elerini do\u011fru bir \u015fekilde alt alta koymazsak, gel ge\u00e7 politikalar\u0131yla sadece alg\u0131 politikas\u0131yla \u00e7\u00f6z\u00fclemeyece\u011fini biliyoruz. O y\u00fczden sa\u011fduyuya ihtiyac\u0131m\u0131z var. \u00c7\u00f6z\u00fcm birlikte olur, ak\u0131lla, bilimle olur&#8221; dedi.<br \/>\n\u00a0<br \/>\nG\u00fcndeme ili\u015fkin a\u00e7\u0131klamalarda bulunan Sar\u0131bal, \u201c16 y\u0131ld\u0131r bu \u00fclkede hayat\u0131n her alan\u0131nda ekonominin 3 kat b\u00fcy\u00fcd\u00fc\u011f\u00fcn\u00fc s\u00f6ylemi\u015flerdi ama parametrelere bakt\u0131\u011f\u0131m\u0131zda kar\u015f\u0131m\u0131za \u015f\u00f6yle bir tablo \u00e7\u0131kt\u0131. T\u00fcrkiye \u0130statistik Kurumu s\u0131k s\u0131k rakamlar yay\u0131nlar ama o rakamlar\u0131n biz a\u015fa\u011f\u0131 yukar\u0131 hep do\u011fru olmad\u0131\u011f\u0131n\u0131 s\u00f6ylerdik. E\u011fer bir \u00fclkenin ekonomisi 3 kat b\u00fcy\u00fcm\u00fc\u015fse, halk\u0131n refah\u0131n\u0131n 3 kat artmas\u0131 gerekir. Mesela i\u015fsizli\u011fin 3 kat d\u00fc\u015fmesi laz\u0131m ama o g\u00f6stergeler hi\u00e7bir zaman bu dediklerimizi kar\u015f\u0131lamad\u0131.\u201d ifadelerini kulland\u0131.<\/p>\n<p>Bir g\u00fcn bu \u00fclkede d\u00fcnya sald\u0131r\u0131s\u0131 denilen, ba\u015fka \u00fclkelerden sald\u0131r\u0131 denilen, bunun ezan\u0131m\u0131za, bayra\u011f\u0131m\u0131za sald\u0131r\u0131 diyen, d\u0131\u015f ko\u015fullardan \u00fclkemize b\u00fcy\u00fck bir sald\u0131r\u0131 var diyen bir siyasi iktidarla kar\u015f\u0131 kar\u015f\u0131yay\u0131z. Ya\u015fanan her problemlerin kar\u015f\u0131s\u0131nda kendine bir d\u00fc\u015fman, bir sebep, bir gerek\u00e7e bulmaya \u00e7al\u0131\u015fan ve bunu bas\u0131nla halka b\u00f6yle bir alg\u0131yla yutturmaya \u00e7al\u0131\u015fan bir iktidarla kar\u015f\u0131 kar\u015f\u0131yay\u0131z. Dolar\u0131n y\u00fckselmesinin sebebi ne papaz krizidir ne Trumb\u2019\u0131n twitleridir, ne d\u0131\u015f bask\u0131lard\u0131r, sadece ve sadece 16 y\u0131ld\u0131r keyfi ve denetimsiz y\u00f6netimin sonucudur\u201d ifadelerini kulland\u0131.\u00a0<br \/>\n16 y\u0131lda 186 kez kamu ihale kanununun de\u011fi\u015fti diyen Sar\u0131bal, \u201c\u0130halenin \u015fartnamesine g\u00f6re m\u00fcteahhit de\u011fil, o i\u015fi vermek istedi\u011fimiz m\u00fcteahhitte g\u00f6re \u015fartname haz\u0131rlad\u0131k\u201d diye konu\u015ftu.<\/p>\n<p>Ekonomik krizin ba\u015flamas\u0131nda ilk gezi olaylar\u0131n\u0131 \u00f6ne s\u00fcrd\u00fck daha sonrada FET\u00d6\u2019y\u00fc bahane ettik. OHAL kapsam\u0131nda adaleti, demokrasiyi ask\u0131ya ald\u0131lar. Zaten zor g\u00f6t\u00fcrd\u00fckleri bir h\u00fck\u00fcmet, zor g\u00f6t\u00fcrd\u00fckleri bir ekonomi vard\u0131. 16 milyar ile 20 milyar dolar aras\u0131nda her y\u0131l yat\u0131r\u0131m gelen para, bir anda bitti, yok oldu. Toplum bu s\u00fcre\u00e7te h\u0131zl\u0131ca bor\u00e7land\u0131. \u00dcretmeden t\u00fcketen, kazanmadan harcayan, sonunu hi\u00e7 hesaplamayan bir ekonomik d\u00fczeni \u00fczerinden gidiyorduk. 2002 ile 2009 sonuna kadar T\u00fcrk paras\u0131n\u0131 k\u0131ymetli k\u0131lan d\u00fc\u015f\u00fck kur, y\u00fcksek faiz politikas\u0131yla \u00fclkeyi cazip hale getirdi, \u00fclkede \u00fcretim yerine ithalat egemen k\u0131l\u0131nd\u0131\u201d diye konu\u015ftu.\u00a0<\/p>\n<p>Sar\u0131bal, Ekonomik ve sosyal konseyin toplanmas\u0131 gerekti\u011fini vurgulayarak \u201cBu konsey \u00fclkenin ya\u015fad\u0131\u011f\u0131 ekonomik sorunlar \u00fczerine acilen toplanmal\u0131 ve \u00fclkenin ekonomik a\u00e7\u0131dan d\u00fc\u015ft\u00fc\u011f\u00fc zor durumdan \u00e7\u0131kabilmesi i\u00e7in yeni \u00f6neriler sunup, yeni yol haritalar\u0131 \u00e7izmesi gerekiyor.\u201d dedi ve \u015f\u00f6yle devam etti;<br \/>\n2009 y\u0131l\u0131ndan beri bu konsey toplanm\u0131yor. Dolay\u0131s\u0131yla ba\u015f\u0131 bo\u015f, nereye s\u00fcr\u00fcklendi\u011fi belli olmayan, kaptan\u0131 olmayan bir gemiye d\u00f6n\u00fc\u015fm\u00fc\u015f durumday\u0131z. O gemi bo\u015fsa diyecek bir \u015fey yok ama o gemide bizler, hepimiz var. H\u00fck\u00fcmetin yapt\u0131\u011f\u0131 yanl\u0131\u015fl\u0131klar hepimize mal olur. Bu ya\u015fad\u0131\u011f\u0131m\u0131z krizin nedenlerini ve gerek\u00e7elerini do\u011fru bir \u015fekilde alt alta koymazsak, gel ge\u00e7 politikalar\u0131yla sadece alg\u0131 politikas\u0131yla \u00e7\u00f6z\u00fclemeyece\u011fini biliyoruz. O y\u00fczden sa\u011fduyuya ihtiyac\u0131m\u0131z var. Siyasal iktidar inad\u0131ndan vazge\u00e7sin. B\u00fct\u00fcn muhalefeti bir an \u00f6nce toplas\u0131n. Ekonomi ve sosyal konsey bir an \u00f6nce toplanmal\u0131. Sanayici, i\u015f\u00e7iyi, t\u00fcccar\u0131 her kesimi dinlesin. Bunun art\u0131k bir AK Parti sorunu olmad\u0131\u011f\u0131n\u0131, T\u00fcrkiye\u2019nin temel meselesi oldu\u011funu, yang\u0131n\u0131n herkesi etkiledi\u011fini g\u00f6rs\u00fcn. \u00c7\u00f6z\u00fcm birlikte olur, ak\u0131lla, bilimle olur. S\u00fcrekli diklenmekle, yasak\u00e7\u0131 politikalarla bu \u00fclke aya\u011fa kalkamaz. Dilerim ki hepimizin insanca ya\u015fayaca\u011f\u0131, demokrasinin, bilimin, akl\u0131n yolunda hukuk devletinin egemen olaca\u011f\u0131, laik, demokratik bir sosyal hukuk devleti olan T\u00fcrkiye Cumhuriyeti, yeniden aya\u011fa kalkar, yeninde b\u00fct\u00fcn krizleri a\u015far ve birlikte ortak\u00e7a ya\u015far\u0131z. Kurtulu\u015f yok tek ba\u015f\u0131na ya hep beraber ya hi\u00e7birimiz..\u00a0<\/p>\n","protected":false},"excerpt":{"rendered":"<p>CHP Genel Ba\u015fkan\u0131 Yard\u0131mc\u0131s\u0131 Orhan Sar\u0131bal, CHP Mersin \u0130l Ba\u015fkanl\u0131\u011f\u0131n\u0131 ziyaret etti., Ekonomideki \u00e7\u00f6z\u00fcm\u00fcn birlikte, ak\u0131lla ve bilimle olaca\u011f\u0131n\u0131 ifade eden Sar\u0131bal, ekonomik ve sosyal konseyin bir an \u00f6nce toplanmas\u0131 &hellip; <a href=\"https:\/\/akdenizolaygazetesi.com\/?p=2585\" class=\"more-link\">Devam\u0131n\u0131 Oku&#8230;<\/a><\/p>\n","protected":false},"author":1,"featured_media":0,"comment_status":"open","ping_status":"open","sticky":false,"template":"","format":"standard","meta":[],"categories":[],"tags":[],"_links":{"self":[{"href":"https:\/\/akdenizolaygazetesi.com\/index.php?rest_route=\/wp\/v2\/posts\/2585"}],"collection":[{"href":"https:\/\/akdenizolaygazetesi.com\/index.php?rest_route=\/wp\/v2\/posts"}],"about":[{"href":"https:\/\/akdenizolaygazetesi.com\/index.php?rest_route=\/wp\/v2\/types\/post"}],"author":[{"embeddable":true,"href":"https:\/\/akdenizolaygazetesi.com\/index.php?rest_route=\/wp\/v2\/users\/1"}],"replies":[{"embeddable":true,"href":"https:\/\/akdenizolaygazetesi.com\/index.php?rest_route=%2Fwp%2Fv2%2Fcomments&post=2585"}],"version-history":[{"count":0,"href":"https:\/\/akdenizolaygazetesi.com\/index.php?rest_route=\/wp\/v2\/posts\/2585\/revisions"}],"wp:attachment":[{"href":"https:\/\/akdenizolaygazetesi.com\/index.php?rest_route=%2Fwp%2Fv2%2Fmedia&parent=2585"}],"wp:term":[{"taxonomy":"category","embeddable":true,"href":"https:\/\/akdenizolaygazetesi.com\/index.php?rest_route=%2Fwp%2Fv2%2Fcategories&post=2585"},{"taxonomy":"post_tag","embeddable":true,"href":"https:\/\/akdenizolaygazetesi.com\/index.php?rest_route=%2Fwp%2Fv2%2Ftags&post=2585"}],"curies":[{"name":"wp","href":"https:\/\/api.w.org\/{rel}","templated":true}]}}