{"id":25850,"date":"2023-05-18T16:29:57","date_gmt":"2023-05-18T13:29:57","guid":{"rendered":"http:\/\/akdenizolaygazetesi.com\/?p=25850"},"modified":"2023-05-18T16:29:57","modified_gmt":"2023-05-18T13:29:57","slug":"baskan-secerden-19-mayis-mesaji-2","status":"publish","type":"post","link":"https:\/\/akdenizolaygazetesi.com\/?p=25850","title":{"rendered":"BA\u015eKAN SE\u00c7ER&#8217;DEN 19 MAYIS MESAJI"},"content":{"rendered":"<p>Mersin B\u00fcy\u00fck\u015fehir Belediye Ba\u015fkan\u0131 Vahap Se\u00e7er, 19 May\u0131s Atat\u00fcrk&#8217;\u00fc Anma, Gen\u00e7lik ve Spor Bayram\u0131 dolay\u0131s\u0131yla bir mesaj yay\u0131mlad\u0131. Ba\u015fkan Se\u00e7er, mesaj\u0131nda \u015fu ifadelere yer verdi:<\/p>\n<p>&#8220;19 May\u0131s 1919, temeli ulus egemenli\u011fine dayanan, modern ve tam ba\u011f\u0131ms\u0131z T\u00fcrkiye&#8217;nin temellerinin at\u0131ld\u0131\u011f\u0131 bir d\u00f6n\u00fcm noktas\u0131d\u0131r.<br \/>\nAy y\u0131ld\u0131zl\u0131 bayra\u011f\u0131m\u0131z bug\u00fcn \u00f6zg\u00fcrce dalgalan\u0131yorsa, bunu Gazi Mustafa Kemal&#8217;in Samsun&#8217;a \u00e7\u0131karak yakt\u0131\u011f\u0131 bu ba\u011f\u0131ms\u0131zl\u0131k ate\u015fine bor\u00e7luyuz.<br \/>\n104 y\u0131l \u00f6nce her \u015feyin bitti\u011fini zannedenlere kar\u015f\u0131; t\u00fcm zorluklara ra\u011fmen verilen m\u00fccadele ile bir millet uyanm\u0131\u015f, ayd\u0131nl\u0131k bir cumhuriyetin temelleri at\u0131lm\u0131\u015ft\u0131r.<\/p>\n<p>Sevgili Gen\u00e7ler;<\/p>\n<p>Ulu \u00d6nder Atat\u00fcrk&#8217;\u00fcn &#8216;Ya istiklal, ya \u00f6l\u00fcm!&#8217; diyerek ba\u015flatt\u0131\u011f\u0131 bu onurlu m\u00fccadelenin t\u00fcm kazan\u0131mlar\u0131, art\u0131k sizlere emanettir.<br \/>\n\u00dclkemizin d\u00fcnya nezdindeki ilerleme yar\u0131\u015f\u0131nda \u00fcst s\u0131ralarda yer almas\u0131, \u00f6zg\u00fcveni y\u00fcksek, kendini s\u00fcrekli geli\u015ftiren gen\u00e7ler vas\u0131tas\u0131yla olacakt\u0131r.<br \/>\nSizler; \u00fclkemizin umudu ve g\u00fcvencesisiniz.<br \/>\nBizler, kentimizi y\u00f6netirken ald\u0131\u011f\u0131m\u0131z her sorumluluk ve g\u00f6revi lay\u0131k\u0131yla yerine getirmek i\u00e7in canla ba\u015fla \u00e7al\u0131\u015f\u0131rken, enerji kayna\u011f\u0131m\u0131z ve motivasyonumuz yine sizlersiniz.<br \/>\nCumhuriyete, Atat\u00fcrk ilke ve eserlerine ve 19 May\u0131s ruhuna her zamankinden daha fazla sahip \u00e7\u0131kaca\u011f\u0131n\u0131za inanc\u0131m tamd\u0131r.<br \/>\nBu duygu ve d\u00fc\u015f\u00fcncelerle, 19 May\u0131s Atat\u00fcrk&#8217;\u00fc Anma, Gen\u00e7lik ve Spor Bayram\u0131n\u0131z\u0131 kutluyor, Cumhuriyetimizin kurucusu Gazi Mustafa Kemal Atat\u00fcrk&#8217;\u00fc, t\u00fcm \u015fehitlerimizi ve kahraman gazilerimizi rahmet ve minnetle an\u0131yorum.&#8221;<\/p>\n","protected":false},"excerpt":{"rendered":"<p>Mersin B\u00fcy\u00fck\u015fehir Belediye Ba\u015fkan\u0131 Vahap Se\u00e7er, 19 May\u0131s Atat\u00fcrk&#8217;\u00fc Anma, Gen\u00e7lik ve Spor Bayram\u0131 dolay\u0131s\u0131yla bir mesaj yay\u0131mlad\u0131. Ba\u015fkan Se\u00e7er, mesaj\u0131nda \u015fu ifadelere yer verdi: &#8220;19 May\u0131s 1919, temeli ulus &hellip; <a href=\"https:\/\/akdenizolaygazetesi.com\/?p=25850\" class=\"more-link\">Devam\u0131n\u0131 Oku&#8230;<\/a><\/p>\n","protected":false},"author":2,"featured_media":25851,"comment_status":"open","ping_status":"open","sticky":false,"template":"","format":"standard","meta":[],"categories":[3],"tags":[],"_links":{"self":[{"href":"https:\/\/akdenizolaygazetesi.com\/index.php?rest_route=\/wp\/v2\/posts\/25850"}],"collection":[{"href":"https:\/\/akdenizolaygazetesi.com\/index.php?rest_route=\/wp\/v2\/posts"}],"about":[{"href":"https:\/\/akdenizolaygazetesi.com\/index.php?rest_route=\/wp\/v2\/types\/post"}],"author":[{"embeddable":true,"href":"https:\/\/akdenizolaygazetesi.com\/index.php?rest_route=\/wp\/v2\/users\/2"}],"replies":[{"embeddable":true,"href":"https:\/\/akdenizolaygazetesi.com\/index.php?rest_route=%2Fwp%2Fv2%2Fcomments&post=25850"}],"version-history":[{"count":1,"href":"https:\/\/akdenizolaygazetesi.com\/index.php?rest_route=\/wp\/v2\/posts\/25850\/revisions"}],"predecessor-version":[{"id":25852,"href":"https:\/\/akdenizolaygazetesi.com\/index.php?rest_route=\/wp\/v2\/posts\/25850\/revisions\/25852"}],"wp:featuredmedia":[{"embeddable":true,"href":"https:\/\/akdenizolaygazetesi.com\/index.php?rest_route=\/wp\/v2\/media\/25851"}],"wp:attachment":[{"href":"https:\/\/akdenizolaygazetesi.com\/index.php?rest_route=%2Fwp%2Fv2%2Fmedia&parent=25850"}],"wp:term":[{"taxonomy":"category","embeddable":true,"href":"https:\/\/akdenizolaygazetesi.com\/index.php?rest_route=%2Fwp%2Fv2%2Fcategories&post=25850"},{"taxonomy":"post_tag","embeddable":true,"href":"https:\/\/akdenizolaygazetesi.com\/index.php?rest_route=%2Fwp%2Fv2%2Ftags&post=25850"}],"curies":[{"name":"wp","href":"https:\/\/api.w.org\/{rel}","templated":true}]}}