{"id":25853,"date":"2023-05-18T16:31:49","date_gmt":"2023-05-18T13:31:49","guid":{"rendered":"http:\/\/akdenizolaygazetesi.com\/?p=25853"},"modified":"2023-05-18T16:31:49","modified_gmt":"2023-05-18T13:31:49","slug":"baskan-abdullah-ozyigitten-19-mayis-mesaji","status":"publish","type":"post","link":"https:\/\/akdenizolaygazetesi.com\/?p=25853","title":{"rendered":"Ba\u015fkan Abdullah \u00d6zyi\u011fit\u2019ten 19 May\u0131s mesaj\u0131"},"content":{"rendered":"<p>Yeni\u015fehir Belediye Ba\u015fkan\u0131 Abdullah \u00d6zyi\u011fit, 19 May\u0131s Atat\u00fcrk\u2019\u00fc Anma, Gen\u00e7lik ve Spor Bayram\u0131\u2019n\u0131 yay\u0131nlad\u0131\u011f\u0131 mesajla kutlad\u0131. Ba\u015fkan \u00d6zyi\u011fit, mesaj\u0131nda gen\u00e7lere seslenen Ba\u015fkan \u00d6zyi\u011fit, \u201cGelece\u011fin T\u00fcrkiye&#8217;sini \u015fekillendirecek olan da sizlersiniz. \u015eimdi s\u00f6z s\u0131ras\u0131 sizin! Yeniliklere cesurca y\u00f6nelen, ba\u015far\u0131ya ula\u015fmak i\u00e7in azimle \u00e7al\u0131\u015fan gen\u00e7lerimiz! G\u00fc\u00e7l\u00fc sesiniz, fikirleriniz, heyecan\u0131n\u0131z ve enerjinizle her \u015fey \u00e7ok g\u00fczel olacak\u2026\u201ddedi.<br \/>\nYeni\u015fehir Belediye Ba\u015fkan\u0131 Abdullah \u00d6zyi\u011fit, yay\u0131nlad\u0131\u011f\u0131 mesajda \u015fu ifadelere yer verdi: \u201cDe\u011fi\u015fim ve d\u00f6n\u00fc\u015f\u00fcm\u00fcn ta kendisi olan sevgili gen\u00e7ler! \u00d6nderimiz Mustafa Kemal Atat\u00fcrk&#8217;\u00fcn ba\u015flatt\u0131\u011f\u0131 kurtulu\u015f hareketi, milletimizin ba\u011f\u0131ms\u0131zl\u0131k ate\u015fini tutu\u015fturdu. Bug\u00fcn, o ate\u015fi siz gen\u00e7lerimizin kalbinde ve ruhunda g\u00f6r\u00fcyorum. B\u00fcy\u00fck Atat\u00fcrk&#8217;\u00fcn miras\u0131n\u0131 sahiplenin, ya\u015fat\u0131n ve onun yolundan ilerleyin. Ba\u011f\u0131ms\u0131zl\u0131k ve \u00f6zg\u00fcrl\u00fck me\u015falesini daima y\u00fckseklerde tutun. \u00c7\u00fcnk\u00fc \u00fclkemizin kalk\u0131nmas\u0131nda ve demokratikle\u015fmesinde sizlerin rol\u00fc b\u00fcy\u00fck. Sizler, akl\u0131n ve bilimin rehberli\u011finde \u00fclkemizi daha ileriye ta\u015f\u0131yacak nesilsiniz. Gelece\u011fin T\u00fcrkiye&#8217;sini \u015fekillendirecek olan da sizlersiniz. \u015eimdi s\u00f6z s\u0131ras\u0131 sizin! Yeniliklere cesurca y\u00f6nelen, ba\u015far\u0131ya ula\u015fmak i\u00e7in azimle \u00e7al\u0131\u015fan gen\u00e7lerimiz! G\u00fc\u00e7l\u00fc sesiniz, fikirleriniz, heyecan\u0131n\u0131z ve enerjinizle her \u015fey \u00e7ok g\u00fczel olacak\u2026 \u0130nan\u0131yoruz ve g\u00fcveniyoruz, bahar\u0131 getirecek olan sizlersiniz\u202619 May\u0131s Atat\u00fcrk&#8217;\u00fc Anma Gen\u00e7lik ve Spor Bayram\u0131 kutlu olsun.\u201d<\/p>\n","protected":false},"excerpt":{"rendered":"<p>Yeni\u015fehir Belediye Ba\u015fkan\u0131 Abdullah \u00d6zyi\u011fit, 19 May\u0131s Atat\u00fcrk\u2019\u00fc Anma, Gen\u00e7lik ve Spor Bayram\u0131\u2019n\u0131 yay\u0131nlad\u0131\u011f\u0131 mesajla kutlad\u0131. Ba\u015fkan \u00d6zyi\u011fit, mesaj\u0131nda gen\u00e7lere seslenen Ba\u015fkan \u00d6zyi\u011fit, \u201cGelece\u011fin T\u00fcrkiye&#8217;sini \u015fekillendirecek olan da sizlersiniz. \u015eimdi &hellip; <a href=\"https:\/\/akdenizolaygazetesi.com\/?p=25853\" class=\"more-link\">Devam\u0131n\u0131 Oku&#8230;<\/a><\/p>\n","protected":false},"author":2,"featured_media":25854,"comment_status":"open","ping_status":"open","sticky":false,"template":"","format":"standard","meta":[],"categories":[3],"tags":[],"_links":{"self":[{"href":"https:\/\/akdenizolaygazetesi.com\/index.php?rest_route=\/wp\/v2\/posts\/25853"}],"collection":[{"href":"https:\/\/akdenizolaygazetesi.com\/index.php?rest_route=\/wp\/v2\/posts"}],"about":[{"href":"https:\/\/akdenizolaygazetesi.com\/index.php?rest_route=\/wp\/v2\/types\/post"}],"author":[{"embeddable":true,"href":"https:\/\/akdenizolaygazetesi.com\/index.php?rest_route=\/wp\/v2\/users\/2"}],"replies":[{"embeddable":true,"href":"https:\/\/akdenizolaygazetesi.com\/index.php?rest_route=%2Fwp%2Fv2%2Fcomments&post=25853"}],"version-history":[{"count":1,"href":"https:\/\/akdenizolaygazetesi.com\/index.php?rest_route=\/wp\/v2\/posts\/25853\/revisions"}],"predecessor-version":[{"id":25855,"href":"https:\/\/akdenizolaygazetesi.com\/index.php?rest_route=\/wp\/v2\/posts\/25853\/revisions\/25855"}],"wp:featuredmedia":[{"embeddable":true,"href":"https:\/\/akdenizolaygazetesi.com\/index.php?rest_route=\/wp\/v2\/media\/25854"}],"wp:attachment":[{"href":"https:\/\/akdenizolaygazetesi.com\/index.php?rest_route=%2Fwp%2Fv2%2Fmedia&parent=25853"}],"wp:term":[{"taxonomy":"category","embeddable":true,"href":"https:\/\/akdenizolaygazetesi.com\/index.php?rest_route=%2Fwp%2Fv2%2Fcategories&post=25853"},{"taxonomy":"post_tag","embeddable":true,"href":"https:\/\/akdenizolaygazetesi.com\/index.php?rest_route=%2Fwp%2Fv2%2Ftags&post=25853"}],"curies":[{"name":"wp","href":"https:\/\/api.w.org\/{rel}","templated":true}]}}