{"id":25856,"date":"2023-05-18T16:33:08","date_gmt":"2023-05-18T13:33:08","guid":{"rendered":"http:\/\/akdenizolaygazetesi.com\/?p=25856"},"modified":"2023-05-18T16:33:08","modified_gmt":"2023-05-18T13:33:08","slug":"baskan-yilmazdan-19-mayis-mesaji","status":"publish","type":"post","link":"https:\/\/akdenizolaygazetesi.com\/?p=25856","title":{"rendered":"BA\u015eKAN YILMAZ&#8217;DAN, 19 MAYIS MESAJI"},"content":{"rendered":"<p>Toroslar Belediye Ba\u015fkan\u0131 Ats\u0131z Af\u015f\u0131n Y\u0131lmaz, 19 May\u0131s Atat\u00fcrk&#8217;\u00fc Anma, Gen\u00e7lik ve Spor Bayram\u0131 dolay\u0131s\u0131yla bir kutlama mesaj\u0131 yay\u0131nlad\u0131.<\/p>\n<p>Ba\u015fkan Y\u0131lmaz, mesaj\u0131nda; &#8220;Cumhuriyetimizin kurucusu Gazi Mustafa Kemal Atat\u00fcrk&#8217;\u00fcn Samsun&#8217;a \u00e7\u0131karak Kurtulu\u015f Sava\u015f\u0131m\u0131z\u0131 ba\u015flatt\u0131\u011f\u0131, milli m\u00fccadelemizin ve ulusumuzun ba\u011f\u0131ms\u0131zl\u0131\u011f\u0131 i\u00e7in bir d\u00f6n\u00fcm noktas\u0131 olan 19 May\u0131s 1919&#8217;un 104&#8217;\u00fcnc\u00fc y\u0131l d\u00f6n\u00fcm\u00fcn\u00fc kutlaman\u0131n onurunu ve gururunu ya\u015f\u0131yoruz&#8221; dedi.<\/p>\n<p>&#8220;Atat\u00fcrk&#8217;\u00fcn; &#8216;Ey y\u00fckselen yeni nesil, gelecek sizindir. Cumhuriyeti biz kurduk, onu y\u00fckseltecek ve s\u00fcrd\u00fcrecek sizlersiniz&#8217; diyerek 19 May\u0131s&#8217;\u0131 arma\u011fan etti\u011fi gen\u00e7lerimizin, \u00fclkemizi her alanda daha da ileriye ta\u015f\u0131yaca\u011f\u0131na inanc\u0131m\u0131z tamd\u0131r&#8221; diyen Ba\u015fkan Y\u0131lmaz; &#8220;Gen\u00e7lerimiz i\u00e7in temennimiz; kalpleri vatan ve millet sevgisiyle dolu, bilgi \u00e7a\u011f\u0131n\u0131n b\u00fct\u00fcn geli\u015fmi\u015fliklerini kullanabilen, ara\u015ft\u0131ran, sporcu kimlikleriyle \u00f6ne \u00e7\u0131kan, g\u00f6rev ve sorumluluklar\u0131na y\u00fcrekten ba\u011fl\u0131 olarak yeti\u015fmeleridir. Biz de \u00fczerimize d\u00fc\u015fen sorumluluklar\u0131 yerine getirme gayretindeyiz. Her t\u00fcrl\u00fc imk\u00e2nlar\u0131m\u0131z\u0131 onlar\u0131n gelece\u011fi i\u00e7in seferber ediyoruz. T\u00fcrk gen\u00e7li\u011fi, Atas\u0131&#8217;n\u0131n emanetine her zaman sahip \u00e7\u0131kacak. Onlara, inan\u0131yor ve g\u00fcveniyoruz. Bu duygu ve d\u00fc\u015f\u00fcncelerle gelece\u011fimizin teminat\u0131 gen\u00e7lerimizin ve t\u00fcm hem\u015fehrilerimizin, 19 May\u0131s Atat\u00fcrk&#8217;\u00fc Anma, Gen\u00e7lik ve Spor Bayram\u0131&#8217;n\u0131 kutluyor, Cumhuriyetimizin kurucusu Gazi Mustafa Kemal Atat\u00fcrk&#8217;\u00fc, silah arkada\u015flar\u0131n\u0131, aziz \u015fehitlerimizi ve kahraman gazilerimizi rahmet, minnet ve \u015f\u00fckranla an\u0131yorum&#8221; \u015feklinde konu\u015ftu.<\/p>\n<p>&#8220;19 MAYIS TIRI TOROSLAR&#8217;I GEZECEK, GELENEKSEL T\u00dcRK OK\u00c7ULU\u011eU ve TEN\u0130S TURNUVASI YAPILACAK<\/p>\n<p>Toroslar Belediyesinin 19 May\u0131s Atat\u00fcrk&#8217;\u00fc Anma, Gen\u00e7lik ve Spor Bayram\u0131 kapsam\u0131nda haz\u0131rlad\u0131\u011f\u0131 Gezici Bayram T\u0131r\u0131, 19 May\u0131s Cuma g\u00fcn\u00fc il\u00e7enin d\u00f6rt bir yan\u0131n\u0131 gezerek bayram co\u015fkusunu g\u00fcn boyu caddelere, sokaklara ve evlere ta\u015f\u0131yacak.<\/p>\n<p>Etkinlikler, 20 May\u0131s Cumartesi g\u00fcn\u00fc Mersin Gen\u00e7lik ve Spor \u0130l M\u00fcd\u00fcrl\u00fc\u011f\u00fc i\u015fbirli\u011fiyle ger\u00e7ekle\u015ftirilecek &#8220;Ata&#8217;ya Vefa Geleneksel T\u00fcrk Ok\u00e7ulu\u011fu Turnuvas\u0131&#8221; ile devam edecek.<\/p>\n<p>Toroslar Belediye Ba\u015fkan\u0131 Ats\u0131z Af\u015f\u0131n Y\u0131lmaz&#8217;\u0131n, ata sporu ok\u00e7ulu\u011fu gelecek nesillere tan\u0131tmak, k\u00fclt\u00fcrel de\u011ferleri g\u00fc\u00e7lendirmek amac\u0131yla d\u00fczenledi\u011fi turnuva, Korukent Mahallesi&#8217;nde bulanan Bilge Ka\u011fan Stad\u0131&#8217;nda saat 10.00&#8217;da ba\u015flayacak. T\u00fcrkiye&#8217;nin \u00e7e\u015fitli illerinden gelecek olan sporcular\u0131n kat\u0131laca\u011f\u0131 turnuvan\u0131n \u00f6d\u00fcl t\u00f6reni, yine ayn\u0131 g\u00fcn saat 16.00&#8217;da d\u00fczenlenecek.<\/p>\n<p>Etkinlikler, 16-20 May\u0131s tarihleri aras\u0131nda ger\u00e7ekle\u015fen 19 May\u0131s Atat\u00fcrk&#8217;\u00fc Anma, Gen\u00e7lik ve Spor Bayram\u0131 Tenis Turnuvas\u0131&#8217;n\u0131n \u00f6d\u00fcl t\u00f6reni ile son bulacak.<\/p>\n<p>Tenis Turnuvas\u0131n\u0131n \u00f6d\u00fcl t\u00f6reni ise, \u00c7a\u011fda\u015fkent Mahallesi&#8217;nde bulunan Toroslar Belediyesi 3 Ocak Spor Kompleksi&#8217;nde 23 May\u0131s Sal\u0131 g\u00fcn\u00fc saat 16.00&#8217;da ba\u015flayacak final m\u00fcsabakas\u0131n\u0131n ard\u0131ndan saat 17.00&#8217;da yap\u0131lacak.<\/p>\n","protected":false},"excerpt":{"rendered":"<p>Toroslar Belediye Ba\u015fkan\u0131 Ats\u0131z Af\u015f\u0131n Y\u0131lmaz, 19 May\u0131s Atat\u00fcrk&#8217;\u00fc Anma, Gen\u00e7lik ve Spor Bayram\u0131 dolay\u0131s\u0131yla bir kutlama mesaj\u0131 yay\u0131nlad\u0131. Ba\u015fkan Y\u0131lmaz, mesaj\u0131nda; &#8220;Cumhuriyetimizin kurucusu Gazi Mustafa Kemal Atat\u00fcrk&#8217;\u00fcn Samsun&#8217;a \u00e7\u0131karak &hellip; <a href=\"https:\/\/akdenizolaygazetesi.com\/?p=25856\" class=\"more-link\">Devam\u0131n\u0131 Oku&#8230;<\/a><\/p>\n","protected":false},"author":2,"featured_media":25857,"comment_status":"open","ping_status":"open","sticky":false,"template":"","format":"standard","meta":[],"categories":[2,3,10],"tags":[],"_links":{"self":[{"href":"https:\/\/akdenizolaygazetesi.com\/index.php?rest_route=\/wp\/v2\/posts\/25856"}],"collection":[{"href":"https:\/\/akdenizolaygazetesi.com\/index.php?rest_route=\/wp\/v2\/posts"}],"about":[{"href":"https:\/\/akdenizolaygazetesi.com\/index.php?rest_route=\/wp\/v2\/types\/post"}],"author":[{"embeddable":true,"href":"https:\/\/akdenizolaygazetesi.com\/index.php?rest_route=\/wp\/v2\/users\/2"}],"replies":[{"embeddable":true,"href":"https:\/\/akdenizolaygazetesi.com\/index.php?rest_route=%2Fwp%2Fv2%2Fcomments&post=25856"}],"version-history":[{"count":1,"href":"https:\/\/akdenizolaygazetesi.com\/index.php?rest_route=\/wp\/v2\/posts\/25856\/revisions"}],"predecessor-version":[{"id":25858,"href":"https:\/\/akdenizolaygazetesi.com\/index.php?rest_route=\/wp\/v2\/posts\/25856\/revisions\/25858"}],"wp:featuredmedia":[{"embeddable":true,"href":"https:\/\/akdenizolaygazetesi.com\/index.php?rest_route=\/wp\/v2\/media\/25857"}],"wp:attachment":[{"href":"https:\/\/akdenizolaygazetesi.com\/index.php?rest_route=%2Fwp%2Fv2%2Fmedia&parent=25856"}],"wp:term":[{"taxonomy":"category","embeddable":true,"href":"https:\/\/akdenizolaygazetesi.com\/index.php?rest_route=%2Fwp%2Fv2%2Fcategories&post=25856"},{"taxonomy":"post_tag","embeddable":true,"href":"https:\/\/akdenizolaygazetesi.com\/index.php?rest_route=%2Fwp%2Fv2%2Ftags&post=25856"}],"curies":[{"name":"wp","href":"https:\/\/api.w.org\/{rel}","templated":true}]}}