{"id":25859,"date":"2023-05-19T16:38:58","date_gmt":"2023-05-19T13:38:58","guid":{"rendered":"http:\/\/akdenizolaygazetesi.com\/?p=25859"},"modified":"2023-05-19T16:38:58","modified_gmt":"2023-05-19T13:38:58","slug":"akkuyu-nukleerin-duzenledigi-ulusal-cocuk-resi%cc%87m-yarismasinin-kazananlari-belli-oldu","status":"publish","type":"post","link":"https:\/\/akdenizolaygazetesi.com\/?p=25859","title":{"rendered":"AKKUYU N\u00dcKLEER\u2019\u0130N D\u00dcZENLED\u0130\u011e\u0130 ULUSAL \u00c7OCUK RESI\u0307M YARI\u015eMASI\u2019NIN KAZANANLARI BELL\u0130 OLDU"},"content":{"rendered":"<p>AKKUYU N\u00dcKLEER A.\u015e taraf\u0131ndan 6-16 ya\u015f aras\u0131 \u00e7ocuklara y\u00f6nelik olarak d\u00fczenlenen Ulusal \u00c7ocuk Resim Yar\u0131\u015fmas\u0131\u2019n\u0131n kazananlar\u0131 belli oldu. <\/p>\n<p>\u00c7evrimi\u00e7i olarak d\u00fczenlenen yar\u0131\u015fmaya, Mersin, \u0130stanbul, Ankara, Bursa, \u0130zmir, Antalya, Adana, Manisa, Gaziantep, Konya\u2019n\u0131n da aralar\u0131nda bulundu\u011fu T\u00fcrkiye&#8217;nin d\u00f6rt bir yan\u0131ndaki kentlerden 100&#8217;den fazla \u00e7ocuk kat\u0131ld\u0131. AKKUYU N\u00dcKLEER A.\u015e. \u00dcretim ve \u0130n\u015faat Organizasyon Direkt\u00f6r\u00fc Denis Sezemin, AKKUYU N\u00dcKLEER A.\u015e Genel M\u00fcd\u00fcr Bas\u0131n Sekreteri ve \u0130leti\u015fim Direkt\u00f6r\u00fc Vasiliy Korelsky, AKKUYU N\u00dcKLEER A.\u015e Hukuk M\u00fc\u015faviri Naila Atmaca, AKKUYU N\u00dcKLEER A.\u015e Sat\u0131\u015f Ba\u015f Uzman\u0131 Fedora Dushkova ve T\u00fcrkiye N\u00fckleer Sanayi Derne\u011fi Y\u00f6netim Kurulu \u00dcyesi Nesrin Sevimli\u2019den olu\u015fan j\u00fcri \u00fcyeleri, kat\u0131l\u0131mc\u0131lar\u0131n \u00e7al\u0131\u015fmalar\u0131n\u0131 teknik, \u00f6zg\u00fcnl\u00fck ve yar\u0131\u015fma temas\u0131na uygunluk a\u00e7\u0131lar\u0131ndan de\u011ferlendirdi.<\/p>\n<p>Yar\u0131\u015fman\u0131n sonu\u00e7lar\u0131na ili\u015fkin konu\u015fan AKKUYU N\u00dcKLEER A.\u015e Genel M\u00fcd\u00fcr\u00fc Anastasia Zoteeva \u015funlar\u0131 s\u00f6yledi: &#8220;J\u00fcri, \u00e7ok say\u0131da parlak ve orijinal eser aras\u0131ndan en iyisini se\u00e7mekte zorland\u0131. Her bir yar\u0131\u015fmac\u0131ya aktif, yarat\u0131c\u0131 ve yaratmaya istekli olduklar\u0131 i\u00e7in \u00e7ok te\u015fekk\u00fcr ediyoruz! \u00c7ocuklar bu konuda te\u015fvik edilmelidir. Yar\u0131\u015fmam\u0131z art\u0131k bir gelenek haline geldi ve her y\u0131l kat\u0131l\u0131mc\u0131 co\u011frafyas\u0131n\u0131n geni\u015fledi\u011fi, \u00e7ocuklar taraf\u0131ndan g\u00f6sterilen ilginin artt\u0131\u011f\u0131n\u0131 g\u00f6zlemliyoruz. Kazananlar\u0131n, T\u00fcrkiye i\u00e7in \u00f6zel bir bayram olan 19 May\u0131s Atat\u00fcrk&#8217;\u00fc Anma, Gen\u00e7lik ve Spor Bayram\u0131\u2019nda a\u00e7\u0131klanmas\u0131 sembolik bir anlam ta\u015f\u0131yor. T\u00fcrkiye Cumhuriyeti\u2019nin kurucusu Mustafa Kemal Atat\u00fcrk, yeni kurulan cumhuriyetin kalk\u0131nmas\u0131 ve refah\u0131 i\u00e7in umutlar\u0131n\u0131 gen\u00e7 nesle ba\u011flam\u0131\u015ft\u0131. N\u00fckleer enerji, T\u00fcrkiye ekonomisi i\u00e7in yaln\u0131zca yeni bir y\u00fcksek teknoloji kullanan end\u00fcstri ve b\u00fcy\u00fck miktarda elektri\u011fin g\u00fcvenilir ve temiz bir kayna\u011f\u0131 de\u011fil, ayn\u0131 zamanda gelecek nesillerin geli\u015fimi i\u00e7in de b\u00fcy\u00fck bir f\u0131rsat. AKKUYU N\u00dcKLEER A.\u015e, \u00e7e\u015fitli yar\u0131\u015fmalar ve e\u011fitim, bilin\u00e7lendirme ve sosyal giri\u015fimler yoluyla T\u00fcrkiye&#8217;deki gen\u00e7leri desteklemeye devam edecektir.\u201d <\/p>\n<p>Resim yar\u0131\u015fmas\u0131n\u0131n kategorilere g\u00f6re kazananlar\u0131 \u015f\u00f6yle: <\/p>\n<p>\u201cAtomik S\u00fcper Kahraman\u201d adayl\u0131\u011f\u0131<\/p>\n<p>6-10 ya\u015f kategorisi: birincilik &#8211; Karin Berra Karag\u00f6z, ikincilik &#8211; Yasmina Strizhova, \u00fc\u00e7\u00fcnc\u00fcl\u00fck &#8211; Varvara Kudryashova.<\/p>\n<p>11-16 ya\u015f kategorisi: birincilik &#8211; Cansu Ko\u00e7ak, ikincilik &#8211; Alvina Strizhova, \u00fc\u00e7\u00fcnc\u00fcl\u00fck &#8211; Eyl\u00fcl \u00c7elikk\u0131ran.<\/p>\n<p>\u201cD\u00fcnyay\u0131 De\u011fi\u015ftiren Enerji&#8221; adayl\u0131\u011f\u0131<\/p>\n<p>6-10 ya\u015f kategorisi: birincilik &#8211; Yarina Myakisheva, ikincilik &#8211; Varvara Khromikh, \u00fc\u00e7\u00fcnc\u00fcl\u00fck &#8211; Safiye Cesur.<\/p>\n<p>11-16 ya\u015f kategorisi: birincilik &#8211; Misha Martynova, ikincilik &#8211; Anastasia Derbenyova, \u00fc\u00e7\u00fcnc\u00fcl\u00fck &#8211; Ivan Korchmarik.<\/p>\n<p>&#8220;Enerjik Y\u00fcz\u00fcnc\u00fc Y\u0131l&#8221; adayl\u0131\u011f\u0131 (video klip).<\/p>\n<p>Birincilik &#8211; Mikhail Konakov, ikincilik &#8211; Varvara Khromykh, \u00fc\u00e7\u00fcnc\u00fcl\u00fck &#8211; Okay Ceylan.<\/p>\n<p>Kategorilerin kazananlar\u0131na AKKUYU N\u00dcKLEER taraf\u0131ndan hat\u0131ra olarak \u00e7e\u015fitli hediyeler verilecek. <\/p>\n","protected":false},"excerpt":{"rendered":"<p>AKKUYU N\u00dcKLEER A.\u015e taraf\u0131ndan 6-16 ya\u015f aras\u0131 \u00e7ocuklara y\u00f6nelik olarak d\u00fczenlenen Ulusal \u00c7ocuk Resim Yar\u0131\u015fmas\u0131\u2019n\u0131n kazananlar\u0131 belli oldu. \u00c7evrimi\u00e7i olarak d\u00fczenlenen yar\u0131\u015fmaya, Mersin, \u0130stanbul, Ankara, Bursa, \u0130zmir, Antalya, Adana, Manisa, &hellip; <a href=\"https:\/\/akdenizolaygazetesi.com\/?p=25859\" class=\"more-link\">Devam\u0131n\u0131 Oku&#8230;<\/a><\/p>\n","protected":false},"author":2,"featured_media":25860,"comment_status":"open","ping_status":"open","sticky":false,"template":"","format":"standard","meta":[],"categories":[1,2,3],"tags":[],"_links":{"self":[{"href":"https:\/\/akdenizolaygazetesi.com\/index.php?rest_route=\/wp\/v2\/posts\/25859"}],"collection":[{"href":"https:\/\/akdenizolaygazetesi.com\/index.php?rest_route=\/wp\/v2\/posts"}],"about":[{"href":"https:\/\/akdenizolaygazetesi.com\/index.php?rest_route=\/wp\/v2\/types\/post"}],"author":[{"embeddable":true,"href":"https:\/\/akdenizolaygazetesi.com\/index.php?rest_route=\/wp\/v2\/users\/2"}],"replies":[{"embeddable":true,"href":"https:\/\/akdenizolaygazetesi.com\/index.php?rest_route=%2Fwp%2Fv2%2Fcomments&post=25859"}],"version-history":[{"count":1,"href":"https:\/\/akdenizolaygazetesi.com\/index.php?rest_route=\/wp\/v2\/posts\/25859\/revisions"}],"predecessor-version":[{"id":25861,"href":"https:\/\/akdenizolaygazetesi.com\/index.php?rest_route=\/wp\/v2\/posts\/25859\/revisions\/25861"}],"wp:featuredmedia":[{"embeddable":true,"href":"https:\/\/akdenizolaygazetesi.com\/index.php?rest_route=\/wp\/v2\/media\/25860"}],"wp:attachment":[{"href":"https:\/\/akdenizolaygazetesi.com\/index.php?rest_route=%2Fwp%2Fv2%2Fmedia&parent=25859"}],"wp:term":[{"taxonomy":"category","embeddable":true,"href":"https:\/\/akdenizolaygazetesi.com\/index.php?rest_route=%2Fwp%2Fv2%2Fcategories&post=25859"},{"taxonomy":"post_tag","embeddable":true,"href":"https:\/\/akdenizolaygazetesi.com\/index.php?rest_route=%2Fwp%2Fv2%2Ftags&post=25859"}],"curies":[{"name":"wp","href":"https:\/\/api.w.org\/{rel}","templated":true}]}}