{"id":25862,"date":"2023-05-19T16:40:20","date_gmt":"2023-05-19T13:40:20","guid":{"rendered":"http:\/\/akdenizolaygazetesi.com\/?p=25862"},"modified":"2023-05-19T16:40:20","modified_gmt":"2023-05-19T13:40:20","slug":"mersinde-engelliler-yolda-kalmiyor","status":"publish","type":"post","link":"https:\/\/akdenizolaygazetesi.com\/?p=25862","title":{"rendered":"&#8220;MERS\u0130N&#8217;DE ENGELL\u0130LER YOLDA KALMIYOR&#8221;"},"content":{"rendered":"<p>Mersin B\u00fcy\u00fck\u015fehir Belediyesi&#8217;nin ihtiya\u00e7 sahibi \u00f6zel gereksinimli bireylere y\u00f6nelik temin etti\u011fi ak\u00fcl\u00fc sandalyelerden faydalanan 73 ya\u015f\u0131ndaki Ya\u015far Alabar, g\u00fcnl\u00fck hayatta ya\u015fad\u0131\u011f\u0131 zorluklar\u0131, B\u00fcy\u00fck\u015fehir&#8217;in kendisine verdi\u011fi destekler ile bir bir a\u015f\u0131yor.<\/p>\n<p>Daha \u00f6nce manuel arac\u0131 olan ve tek ba\u015f\u0131na hayat\u0131n\u0131 idame ettirmekte zorlanan Alabar, B\u00fcy\u00fck\u015fehir&#8217;in kendisine verdi\u011fi ak\u00fcl\u00fc sandalye ile market al\u0131\u015fveri\u015flerinden g\u00fcnl\u00fck i\u015flere kadar evinin t\u00fcm ihtiya\u00e7lar\u0131n\u0131 kendisi rahat\u00e7a g\u00f6rebiliyor.<\/p>\n<p>Sandalyesini, B\u00fcy\u00fck\u015fehir&#8217;in kentin farkl\u0131 noktalar\u0131nda kurdu\u011fu \u015farj istasyonlar\u0131 sayesinde rahat\u00e7a \u015farj edebilen Alabar, ula\u015f\u0131m\u0131n\u0131 da, B\u00fcy\u00fck\u015fehir&#8217;in \u00f6zel bireylerin rahat\u00e7a yolculuk yapabilmesi i\u00e7in tasarlad\u0131\u011f\u0131 Limon&#8217;larla kolayl\u0131kla sa\u011flayabiliyor. Alabar, \u00f6zel bireylere sa\u011flanan imkanlar i\u00e7in te\u015fekk\u00fcrlerini iletirken, B\u00fcy\u00fck\u015fehir sayesinde Mersin&#8217;deki \u00f6zel bireylerin \u00e7ok \u015fansl\u0131 oldu\u011funu vurgulad\u0131.<\/p>\n<p>&#8220;Bu arac\u0131 ald\u0131ktan sonra gayet rahat\u0131m&#8221;<br \/>\nDaha \u00f6nce mobilyac\u0131l\u0131k yapt\u0131\u011f\u0131n\u0131 ve d\u00f6rt sene \u00f6nce damar t\u0131kan\u0131kl\u0131\u011f\u0131ndan dolay\u0131 sol aya\u011f\u0131n\u0131n diz \u00fcst\u00fcnden kesildi\u011fini kaydeden Alabar, &#8220;B\u00fcy\u00fck bir mobilya at\u00f6lyem vard\u0131. Her insan bir engelli aday\u0131d\u0131r. Onun i\u00e7in herkes kendi sa\u011fl\u0131\u011f\u0131na dikkat etsin. Bir engelli arac\u0131m vard\u0131, ama manueldi ve itme g\u00fcc\u00fcyle ilerliyordu. \u00c7ok zorluklar \u00e7ekiyordum. B\u00fcy\u00fck\u015fehir&#8217;in verdi\u011fi ak\u00fcl\u00fc sandalyeyi ald\u0131ktan sonra gayet rahat\u0131m. Bu y\u00fczden B\u00fcy\u00fck\u015fehir Belediye Ba\u015fkan\u0131m\u0131za ve Engelliler \u015eube M\u00fcd\u00fcrl\u00fc\u011f\u00fc&#8217;ne te\u015fekk\u00fcr ediyorum. \u00c7\u00fcnk\u00fc burada g\u00f6rev yapan personeller, gelen b\u00fct\u00fcn engellilere bir ana \u015fefkati g\u00f6steriyor&#8221; dedi.<\/p>\n<p>Ak\u00fcl\u00fc sandalyesi sayesinde \u015fu anda istedi\u011fi yere gidebildi\u011fini s\u00f6yleyen Alabar, &#8220;Tek ba\u015f\u0131ma otob\u00fcslere biniyorum. Her ihtiyac\u0131m\u0131 kar\u015f\u0131layabiliyorum. Ekme\u011fimi al\u0131yorum, sebzemi al\u0131yorum, evimin ihtiya\u00e7lar\u0131n\u0131 gideriyorum. Bu y\u00fczden \u00e7ok mutluyum&#8221; diye konu\u015ftu.<\/p>\n<p>&#8220;Engelli yolda kalm\u0131yor&#8221;<br \/>\nB\u00fcy\u00fck\u015fehir&#8217;in, \u00f6zel bireyleri d\u00fc\u015f\u00fcnerek dizayn etti\u011fi otob\u00fcslerden, yollardan ve daha bir\u00e7ok hizmetten yararland\u0131\u011f\u0131n\u0131 belirten Alabar, &#8220;Yollara yap\u0131lan engelli rampalar\u0131, al\u0131nan otob\u00fcslerdeki rampalar, Mersin&#8217;in muhtelif yerlerine konulan \u015farj aletleri ve engellilerin hayat\u0131n\u0131 kolayla\u015ft\u0131ran t\u00fcm hizmetler i\u00e7in ba\u015fkan\u0131m\u0131za \u00e7ok te\u015fekk\u00fcr ediyorum. \u015eof\u00f6rler de gayet iyi ve biz engelliler ile iyi anla\u015f\u0131yorlar. Biniyoruz ve istedi\u011fimiz yere kadar bizi g\u00f6t\u00fcr\u00fcyorlar&#8221; diye konu\u015ftu. &#8220;\u015earj istasyonlar\u0131 kuruldu\u011fundan dolay\u0131 b\u00fct\u00fcn engelliler \u015fansl\u0131&#8221; diyen Alabar, &#8220;Sadece belediyemizin \u00f6n\u00fcnde de\u011fil, Mersin&#8217;in muhtelif yerlerinde \u015farj aletleri var. K\u0131sacas\u0131 engelli yolda kalm\u0131yor&#8221; ifadelerine yer verdi.<\/p>\n<p>&#8220;\u00c7ok b\u00fcy\u00fck bir belediyemiz ve \u00e7ok b\u00fcy\u00fck bir ba\u015fkan\u0131m\u0131z var&#8221;<br \/>\nBa\u015fkan Vahap Se\u00e7er&#8217;in sadece engellilere de\u011fil, Mersin&#8217;deki b\u00fct\u00fcn yoksul insanlara, ya\u015fl\u0131lara, ihtiya\u00e7 sahiplerine, ayn\u0131 \u015fefkati g\u00f6sterdi\u011fini vurgulayan Alabar, &#8220;\u015eunu da s\u00f6ylemekten vazge\u00e7miyorum; Mersinimizde, bir ekmek paras\u0131yla yemek da\u011f\u0131tan bir belediyemiz var. \u00c7ok b\u00fcy\u00fck bir belediyemiz var. \u00c7ok b\u00fcy\u00fck bir ba\u015fkan\u0131m\u0131z var, ona \u015f\u00fckranlar\u0131m\u0131 sunuyorum&#8221; dedi.<\/p>\n","protected":false},"excerpt":{"rendered":"<p>Mersin B\u00fcy\u00fck\u015fehir Belediyesi&#8217;nin ihtiya\u00e7 sahibi \u00f6zel gereksinimli bireylere y\u00f6nelik temin etti\u011fi ak\u00fcl\u00fc sandalyelerden faydalanan 73 ya\u015f\u0131ndaki Ya\u015far Alabar, g\u00fcnl\u00fck hayatta ya\u015fad\u0131\u011f\u0131 zorluklar\u0131, B\u00fcy\u00fck\u015fehir&#8217;in kendisine verdi\u011fi destekler ile bir bir a\u015f\u0131yor. &hellip; <a href=\"https:\/\/akdenizolaygazetesi.com\/?p=25862\" class=\"more-link\">Devam\u0131n\u0131 Oku&#8230;<\/a><\/p>\n","protected":false},"author":2,"featured_media":25863,"comment_status":"open","ping_status":"open","sticky":false,"template":"","format":"standard","meta":[],"categories":[1,2,3,9],"tags":[],"_links":{"self":[{"href":"https:\/\/akdenizolaygazetesi.com\/index.php?rest_route=\/wp\/v2\/posts\/25862"}],"collection":[{"href":"https:\/\/akdenizolaygazetesi.com\/index.php?rest_route=\/wp\/v2\/posts"}],"about":[{"href":"https:\/\/akdenizolaygazetesi.com\/index.php?rest_route=\/wp\/v2\/types\/post"}],"author":[{"embeddable":true,"href":"https:\/\/akdenizolaygazetesi.com\/index.php?rest_route=\/wp\/v2\/users\/2"}],"replies":[{"embeddable":true,"href":"https:\/\/akdenizolaygazetesi.com\/index.php?rest_route=%2Fwp%2Fv2%2Fcomments&post=25862"}],"version-history":[{"count":1,"href":"https:\/\/akdenizolaygazetesi.com\/index.php?rest_route=\/wp\/v2\/posts\/25862\/revisions"}],"predecessor-version":[{"id":25864,"href":"https:\/\/akdenizolaygazetesi.com\/index.php?rest_route=\/wp\/v2\/posts\/25862\/revisions\/25864"}],"wp:featuredmedia":[{"embeddable":true,"href":"https:\/\/akdenizolaygazetesi.com\/index.php?rest_route=\/wp\/v2\/media\/25863"}],"wp:attachment":[{"href":"https:\/\/akdenizolaygazetesi.com\/index.php?rest_route=%2Fwp%2Fv2%2Fmedia&parent=25862"}],"wp:term":[{"taxonomy":"category","embeddable":true,"href":"https:\/\/akdenizolaygazetesi.com\/index.php?rest_route=%2Fwp%2Fv2%2Fcategories&post=25862"},{"taxonomy":"post_tag","embeddable":true,"href":"https:\/\/akdenizolaygazetesi.com\/index.php?rest_route=%2Fwp%2Fv2%2Ftags&post=25862"}],"curies":[{"name":"wp","href":"https:\/\/api.w.org\/{rel}","templated":true}]}}