{"id":25865,"date":"2023-05-19T16:42:09","date_gmt":"2023-05-19T13:42:09","guid":{"rendered":"http:\/\/akdenizolaygazetesi.com\/?p=25865"},"modified":"2023-05-19T16:42:09","modified_gmt":"2023-05-19T13:42:09","slug":"19-mayis-ataturku-anma-genclik-ve-spor-bayrami-mersinde-cosku-ile-kutlandi","status":"publish","type":"post","link":"https:\/\/akdenizolaygazetesi.com\/?p=25865","title":{"rendered":"19 MAYIS ATAT\u00dcRK&#8217;\u00dc ANMA, GEN\u00c7L\u0130K VE SPOR BAYRAMI, MERS\u0130N&#8217;DE CO\u015eKU \u0130LE KUTLANDI"},"content":{"rendered":"<p>Mersin B\u00fcy\u00fck\u015fehir Belediye Ba\u015fkan\u0131 Vahap Se\u00e7er, Mersin Valili\u011fi taraf\u0131ndan 19 May\u0131s Atat\u00fcrk&#8217;\u00fc Anma, Gen\u00e7lik ve Spor Bayram\u0131&#8217;n\u0131n 104. y\u0131l d\u00f6n\u00fcm\u00fc dolay\u0131s\u0131yla d\u00fczenlenen resmi kutlama program\u0131na kat\u0131ld\u0131. 19 May\u0131s kutlamalar\u0131 Mersin&#8217;de co\u015fkulu bir \u015fekilde ger\u00e7ekle\u015firken; gen\u00e7lerin sergiledi\u011fi birbirinden g\u00fczel g\u00f6steriler, aralar\u0131nda Ba\u015fkan Vahap Se\u00e7er&#8217;in de bulundu\u011fu izleyiciler taraf\u0131ndan b\u00fcy\u00fck be\u011feni toplad\u0131.<\/p>\n<p>19 May\u0131s, Mersin&#8217;de co\u015fku ile kutland\u0131<br \/>\nCumhuriyet Meydan\u0131&#8217;nda d\u00fczenlenen kutlama program\u0131na; Mersin Valisi Ali Hamza Pehlivan ve e\u015fi Y\u0131ld\u0131z Pehlivan, Akdeniz B\u00f6lge ve Garnizon Komutan\u0131 Tu\u011famiral Fuat Gedik ile Mersin B\u00fcy\u00fck\u015fehir Belediye Ba\u015fkan\u0131 Vahap Se\u00e7er, Mersin milletvekilleri, il\u00e7e Belediye Ba\u015fkanlar\u0131, kent protokol\u00fc, gaziler, \u00f6\u011frenciler ve Mersin halk\u0131 kat\u0131l\u0131m sa\u011flad\u0131.<\/p>\n<p>Sayg\u0131 duru\u015fu ve \u0130stiklal Mar\u015f\u0131 ile ba\u015flayan t\u00f6rende, Mersin Gen\u00e7lik ve Spor \u0130l M\u00fcd\u00fcr\u00fc \u00d6kke\u015f Demir g\u00fcn\u00fcn anlam ve \u00f6nemini belirten bir konu\u015fma ger\u00e7ekle\u015ftirdi.<\/p>\n<p>T\u00f6ren; Gen\u00e7lik Merkezi \u00dcyesi Ay\u015fe Erdemci taraf\u0131ndan okunan \u015fiirin ard\u0131ndan \u0130l Milli E\u011fitim M\u00fcd\u00fcrl\u00fc\u011f\u00fc \u00d6\u011fretmenler Halk Oyunlar\u0131 Ekibi&#8217;nin g\u00f6sterileri ile devam etti.<\/p>\n<p>Mersin B\u00fcy\u00fck\u015fehir Belediyesi Halk Oyunlar\u0131 Ekibi de kutlama program\u0131nda g\u00f6sterilerini sergilerken, Mersin Gen\u00e7lik ve Spor \u0130l M\u00fcd\u00fcrl\u00fc\u011f\u00fc artistik jimnastik ve tekvando g\u00f6sterileri yap\u0131ld\u0131. Kutlama program\u0131; Mersin Devlet Opera ve Balesi M\u00fcd\u00fcrl\u00fc\u011f\u00fc, Toroslar Halk E\u011fitim M\u00fcd\u00fcrl\u00fc\u011f\u00fc ve Mersin Polifonik Korolar Derne\u011fi&#8217;nden olu\u015fan Gen\u00e7lik Korosu&#8217;nun, Mersin B\u00fcy\u00fck\u015fehir Belediye Bandosu e\u015fli\u011finde ger\u00e7ekle\u015ftirdi\u011fi konser ile sona erdi.<\/p>\n","protected":false},"excerpt":{"rendered":"<p>Mersin B\u00fcy\u00fck\u015fehir Belediye Ba\u015fkan\u0131 Vahap Se\u00e7er, Mersin Valili\u011fi taraf\u0131ndan 19 May\u0131s Atat\u00fcrk&#8217;\u00fc Anma, Gen\u00e7lik ve Spor Bayram\u0131&#8217;n\u0131n 104. y\u0131l d\u00f6n\u00fcm\u00fc dolay\u0131s\u0131yla d\u00fczenlenen resmi kutlama program\u0131na kat\u0131ld\u0131. 19 May\u0131s kutlamalar\u0131 Mersin&#8217;de &hellip; <a href=\"https:\/\/akdenizolaygazetesi.com\/?p=25865\" class=\"more-link\">Devam\u0131n\u0131 Oku&#8230;<\/a><\/p>\n","protected":false},"author":2,"featured_media":25866,"comment_status":"open","ping_status":"open","sticky":false,"template":"","format":"standard","meta":[],"categories":[2,3],"tags":[],"_links":{"self":[{"href":"https:\/\/akdenizolaygazetesi.com\/index.php?rest_route=\/wp\/v2\/posts\/25865"}],"collection":[{"href":"https:\/\/akdenizolaygazetesi.com\/index.php?rest_route=\/wp\/v2\/posts"}],"about":[{"href":"https:\/\/akdenizolaygazetesi.com\/index.php?rest_route=\/wp\/v2\/types\/post"}],"author":[{"embeddable":true,"href":"https:\/\/akdenizolaygazetesi.com\/index.php?rest_route=\/wp\/v2\/users\/2"}],"replies":[{"embeddable":true,"href":"https:\/\/akdenizolaygazetesi.com\/index.php?rest_route=%2Fwp%2Fv2%2Fcomments&post=25865"}],"version-history":[{"count":1,"href":"https:\/\/akdenizolaygazetesi.com\/index.php?rest_route=\/wp\/v2\/posts\/25865\/revisions"}],"predecessor-version":[{"id":25867,"href":"https:\/\/akdenizolaygazetesi.com\/index.php?rest_route=\/wp\/v2\/posts\/25865\/revisions\/25867"}],"wp:featuredmedia":[{"embeddable":true,"href":"https:\/\/akdenizolaygazetesi.com\/index.php?rest_route=\/wp\/v2\/media\/25866"}],"wp:attachment":[{"href":"https:\/\/akdenizolaygazetesi.com\/index.php?rest_route=%2Fwp%2Fv2%2Fmedia&parent=25865"}],"wp:term":[{"taxonomy":"category","embeddable":true,"href":"https:\/\/akdenizolaygazetesi.com\/index.php?rest_route=%2Fwp%2Fv2%2Fcategories&post=25865"},{"taxonomy":"post_tag","embeddable":true,"href":"https:\/\/akdenizolaygazetesi.com\/index.php?rest_route=%2Fwp%2Fv2%2Ftags&post=25865"}],"curies":[{"name":"wp","href":"https:\/\/api.w.org\/{rel}","templated":true}]}}