{"id":25871,"date":"2023-05-19T16:44:49","date_gmt":"2023-05-19T13:44:49","guid":{"rendered":"http:\/\/akdenizolaygazetesi.com\/?p=25871"},"modified":"2023-05-19T16:44:49","modified_gmt":"2023-05-19T13:44:49","slug":"baskan-yilmazdan-ozel-genclere-turk-bayrakli-plaket","status":"publish","type":"post","link":"https:\/\/akdenizolaygazetesi.com\/?p=25871","title":{"rendered":"BA\u015eKAN YILMAZ&#8217;DAN, \u00d6ZEL GEN\u00c7LERE T\u00dcRK BAYRAKLI PLAKET"},"content":{"rendered":"<p>Mersin&#8217;in merkez il\u00e7esi Toroslar&#8217;da, \u00f6zel gereksinimli bireyler ve aileleri Toroslar Belediyesinin Engelsiz Ya\u015fam Pikni\u011fi&#8217;nde bulu\u015ftu.<\/p>\n<p>Toroslar Belediye Ba\u015fkan\u0131 Ats\u0131z Af\u015f\u0131n Y\u0131lmaz da pikni\u011fe kat\u0131larak, misafirlerini yaln\u0131z b\u0131rakmad\u0131.<\/p>\n<p>Piknik alan\u0131ndaki masalar\u0131 tek tek gezerek \u00e7ocuklarla, gen\u00e7lerle ve aileleriyle yak\u0131ndan ilgilenen Ba\u015fkan Y\u0131lmaz; &#8220;Bizler, sizleri \u00e7ok seviyoruz. Her zaman yan\u0131n\u0131zday\u0131z. Sizler mutlu olunca biz de \u00e7ok mutlu oluyoruz&#8221; dedi.<\/p>\n<p>19 May\u0131s Atat\u00fcrk&#8217;\u00fc Anma, Gen\u00e7lik ve Spor Bayram\u0131 kutlamalar\u0131 kapsam\u0131nda Korukent Mahallesi&#8217;nde bulunan Prof. Dr. Aziz Sancar Gen\u00e7lik Merkezi&#8217;nde d\u00fczenlenen piknikte kat\u0131l\u0131mc\u0131lar, mar\u015flar, m\u00fczik ve animat\u00f6rler e\u015fli\u011finde g\u00fcn boyu bayram co\u015fkusunu ya\u015fad\u0131.<\/p>\n<p>\u00d6zel bireyler, hem arkada\u015flar\u0131yla doyas\u0131ya e\u011flendi hem de g\u00fczel havan\u0131n tad\u0131n\u0131 \u00e7\u0131kard\u0131.<\/p>\n<p>Toroslar Belediyesi Engelsiz Akademi Merkezi ile \u00d6zel Sporcular Kursunun kursiyerleri, il\u00e7edeki Rehabilitasyon Merkezleri ile \u0130\u015fitme Engelliler Okulu&#8217;nda okuyan \u00f6zel gen\u00e7ler ve ailelerinin kat\u0131ld\u0131\u011f\u0131 piknikte, t\u00fcm kat\u0131l\u0131mc\u0131lara Toroslar Belediyesince yemek ikram\u0131nda da bulunuldu.<\/p>\n<p>Toroslar Akademi Merkezi&#8217;ndeki LGS ve YKS Kurslar\u0131na kat\u0131lan gen\u00e7ler ile il\u00e7edeki Ya\u015fl\u0131 Bak\u0131m Merkezlerinde kalan b\u00fcy\u00fcklerin ve her mahalleden vatanda\u015flar\u0131n da e\u015flik etti\u011fi piknik program\u0131nda, \u00f6zel bireylerin y\u00fczlerindeki mutluluk ise g\u00f6r\u00fclmeye de\u011ferdi<\/p>\n<p>BA\u015eKAN YILMAZ&#8217;DAN, \u00d6ZEL GEN\u00c7LERE T\u00dcRK BAYRAKLI PLAKET<\/p>\n<p>Toroslar Belediye Ba\u015fkan\u0131 Ats\u0131z Af\u015f\u0131n Y\u0131lmaz, piknik program\u0131n\u0131n sonunda 1 g\u00fcnl\u00fck Temsili Askerlik Program\u0131n\u0131 ba\u015far\u0131yla tamamlayan \u00f6zel gen\u00e7lere de bir s\u00fcrpriz yapt\u0131.<\/p>\n<p>Akdeniz B\u00f6lge ve Garnizon Komutanl\u0131\u011f\u0131&#8217;nda terhis belgelerini alan gen\u00e7lerin her birine T\u00fcrk Bayrakl\u0131 plaket takdim etti. \u00d6zel gen\u00e7ler ve aileleri, Ba\u015fkan Y\u0131lmaz&#8217;a bu anlaml\u0131 hediyesinden dolay\u0131 te\u015fekk\u00fcr etti.<\/p>\n<p>&#8220;HEP B\u0130RL\u0130KTE N\u0130CE Y\u00dcZYILLARA&#8221;<\/p>\n<p>Etkinli\u011fe kat\u0131lan t\u00fcm misafirlerinin ve Mersinli hem\u015fehrilerinin 19 May\u0131s Atat\u00fcrk&#8217;\u00fc Anma, Gen\u00e7lik ve Spor Bayram\u0131&#8217;n\u0131 kutlayan Ba\u015fkan Y\u0131lmaz, birlik ve beraberli\u011fe vurgu yaparak; &#8220;19 May\u0131s, Gazi Mustafa Kemal Atat\u00fcrk&#8217;\u00fcn Samsun&#8217;a \u00e7\u0131kt\u0131\u011f\u0131 g\u00fcnd\u00fcr. D\u00fc\u015fmanlar, vatan\u0131m\u0131z\u0131 i\u015fgal etmi\u015fken, s\u0131k\u0131nt\u0131dayken ve birileri de kurtulu\u015fa inanm\u0131yorken Mustafa Kemal Pa\u015fa Samsun&#8217;a \u00e7\u0131kt\u0131.  Kuvayi Milliye Dernekleri&#8217;ni kurdu ve milli g\u00fc\u00e7ler bir araya geldi. D\u00fc\u015fman\u0131 kovduk ve Cumhuriyetimizi kurduk \u00e7ok \u015f\u00fck\u00fcr. Bu y\u0131l da Cumhuriyetimizin 100. y\u0131l\u0131n\u0131 kutlayaca\u011f\u0131z. Hep beraber daha nice y\u00fczy\u0131llara in\u015fallah&#8221; diye konu\u015ftu.<\/p>\n","protected":false},"excerpt":{"rendered":"<p>Mersin&#8217;in merkez il\u00e7esi Toroslar&#8217;da, \u00f6zel gereksinimli bireyler ve aileleri Toroslar Belediyesinin Engelsiz Ya\u015fam Pikni\u011fi&#8217;nde bulu\u015ftu. Toroslar Belediye Ba\u015fkan\u0131 Ats\u0131z Af\u015f\u0131n Y\u0131lmaz da pikni\u011fe kat\u0131larak, misafirlerini yaln\u0131z b\u0131rakmad\u0131. Piknik alan\u0131ndaki masalar\u0131 &hellip; <a href=\"https:\/\/akdenizolaygazetesi.com\/?p=25871\" class=\"more-link\">Devam\u0131n\u0131 Oku&#8230;<\/a><\/p>\n","protected":false},"author":2,"featured_media":25872,"comment_status":"open","ping_status":"open","sticky":false,"template":"","format":"standard","meta":[],"categories":[1,2,3,9],"tags":[],"_links":{"self":[{"href":"https:\/\/akdenizolaygazetesi.com\/index.php?rest_route=\/wp\/v2\/posts\/25871"}],"collection":[{"href":"https:\/\/akdenizolaygazetesi.com\/index.php?rest_route=\/wp\/v2\/posts"}],"about":[{"href":"https:\/\/akdenizolaygazetesi.com\/index.php?rest_route=\/wp\/v2\/types\/post"}],"author":[{"embeddable":true,"href":"https:\/\/akdenizolaygazetesi.com\/index.php?rest_route=\/wp\/v2\/users\/2"}],"replies":[{"embeddable":true,"href":"https:\/\/akdenizolaygazetesi.com\/index.php?rest_route=%2Fwp%2Fv2%2Fcomments&post=25871"}],"version-history":[{"count":1,"href":"https:\/\/akdenizolaygazetesi.com\/index.php?rest_route=\/wp\/v2\/posts\/25871\/revisions"}],"predecessor-version":[{"id":25873,"href":"https:\/\/akdenizolaygazetesi.com\/index.php?rest_route=\/wp\/v2\/posts\/25871\/revisions\/25873"}],"wp:featuredmedia":[{"embeddable":true,"href":"https:\/\/akdenizolaygazetesi.com\/index.php?rest_route=\/wp\/v2\/media\/25872"}],"wp:attachment":[{"href":"https:\/\/akdenizolaygazetesi.com\/index.php?rest_route=%2Fwp%2Fv2%2Fmedia&parent=25871"}],"wp:term":[{"taxonomy":"category","embeddable":true,"href":"https:\/\/akdenizolaygazetesi.com\/index.php?rest_route=%2Fwp%2Fv2%2Fcategories&post=25871"},{"taxonomy":"post_tag","embeddable":true,"href":"https:\/\/akdenizolaygazetesi.com\/index.php?rest_route=%2Fwp%2Fv2%2Ftags&post=25871"}],"curies":[{"name":"wp","href":"https:\/\/api.w.org\/{rel}","templated":true}]}}