{"id":25874,"date":"2023-05-19T16:46:40","date_gmt":"2023-05-19T13:46:40","guid":{"rendered":"http:\/\/akdenizolaygazetesi.com\/?p=25874"},"modified":"2023-05-19T16:46:40","modified_gmt":"2023-05-19T13:46:40","slug":"baskan-yilmaz-cocuklarimiz-bizim-bugunumuz-yarinimiz-ve-gelecegimizdir","status":"publish","type":"post","link":"https:\/\/akdenizolaygazetesi.com\/?p=25874","title":{"rendered":"BA\u015eKAN YILMAZ; &#8220;\u00c7OCUKLARIMIZ,  B\u0130Z\u0130M BUG\u00dcN\u00dcM\u00dcZ, YARINIMIZ VE GELECE\u011e\u0130M\u0130ZD\u0130R&#8221;"},"content":{"rendered":"<p>Toroslar Belediyesi \u015eehit Durmu\u015f Tek Anaokulu&#8217;nda, gelece\u011fin gen\u00e7leri 19 May\u0131s Atat\u00fcrk&#8217;\u00fc Anma, Gen\u00e7lik ve Spor Bayram\u0131&#8217;n\u0131n 104&#8217;\u00fcnc\u00fc y\u0131l\u0131n\u0131 en anlaml\u0131 bir \u015fekilde kutlad\u0131.<\/p>\n<p>BANDIRMA VAPURU&#8217;NU \u00c7\u0130ZD\u0130LER<\/p>\n<p>Alan\u0131nda uzman e\u011fitimciler e\u015fli\u011finde e\u011flenceli, sanatsal, k\u00fclt\u00fcrel ve sportif aktivitelerle dolu bir\u00e7ok e\u011fitim alan 3-6 ya\u015f grubundaki minikler, y\u00fcreklerindeki Atat\u00fcrk sevgisiyle duyguland\u0131rd\u0131.<\/p>\n<p>Atat\u00fcrk&#8217;\u00fc, 19 May\u0131s 1919&#8217;da Samsun&#8217;a ula\u015ft\u0131ran Band\u0131rma Vapuru&#8217;nu minik elleriyle mar\u015flar e\u015fli\u011finde kara tahtaya \u00e7izen anaokulu \u00f6\u011frencileri; &#8220;Bug\u00fcn\u00fcn \u00e7ocuklar\u0131, daima Atam\u0131z\u0131n izinde y\u00fcr\u00fcmeye ant i\u00e7mi\u015f gen\u00e7lik olarak b\u00fcy\u00fcyor. 19 May\u0131s Atat\u00fcrk&#8217;\u00fc Anma, Gen\u00e7lik ve Spor Bayram\u0131m\u0131z kutlu olsun&#8221; mesaj\u0131 da verdi.<\/p>\n<p>BA\u015eKAN YILMAZ; &#8220;\u00c7OCUKLARIMIZ,  B\u0130Z\u0130M BUG\u00dcN\u00dcM\u00dcZ, YARINIMIZ VE GELECE\u011e\u0130M\u0130ZD\u0130R&#8221;<\/p>\n<p>Toroslar Belediye Ba\u015fkan\u0131 Ats\u0131z Af\u015f\u0131n Y\u0131lmaz, &#8220;P\u0131r\u0131l p\u0131r\u0131l g\u00f6zleriyle d\u00fcnyaya bakan miniklerimizin ben de g\u00f6zlerinden \u00f6p\u00fcyor, bu anlaml\u0131 mesaj i\u00e7in her birini ayr\u0131 ayr\u0131 tebrik ediyorum. \u00c7ocuklar\u0131m\u0131z, bizim bug\u00fcn\u00fcm\u00fcz, yar\u0131n\u0131m\u0131z ve gelece\u011fimizdir. Onlar \u00fclkemize, bayra\u011f\u0131m\u0131za, vatan\u0131m\u0131za, milli ve manevi de\u011ferlerimize s\u0131ms\u0131k\u0131 sar\u0131larak sahip \u00e7\u0131kacaklar&#8221; dedi.<\/p>\n<p>Ba\u015fkan Y\u0131lmaz; &#8220;E\u011fitimi \u00f6nemsiyoruz. Okul \u00f6ncesi e\u011fitim s\u00fcresince \u00e7ocuklar ilk\u00f6\u011fretime haz\u0131rlan\u0131rken, payla\u015fmay\u0131, dayan\u0131\u015fmay\u0131, sosyalle\u015fmeyi ve birlikte \u00e7al\u0131\u015fmay\u0131 \u00f6\u011freniyorlar. \u00c7ocuklar\u0131m\u0131za daha g\u00fczel ve g\u00fc\u00e7l\u00fc bir T\u00fcrkiye b\u0131rakmak ve onlar\u0131 gelece\u011fe haz\u0131rlamak hepimizin sorumlulu\u011fudur. Y\u00fcreklerindeki Atat\u00fcrk sevgisiyle haz\u0131rlad\u0131klar\u0131 bu anlaml\u0131 etkinlik i\u00e7in \u015eehit Durmu\u015f Tek Anaokulumuzun minik \u00f6\u011frencilerini ve \u00f6\u011fretmenlerini kutluyorum&#8221; \u015feklinde konu\u015ftu.<\/p>\n","protected":false},"excerpt":{"rendered":"<p>Toroslar Belediyesi \u015eehit Durmu\u015f Tek Anaokulu&#8217;nda, gelece\u011fin gen\u00e7leri 19 May\u0131s Atat\u00fcrk&#8217;\u00fc Anma, Gen\u00e7lik ve Spor Bayram\u0131&#8217;n\u0131n 104&#8217;\u00fcnc\u00fc y\u0131l\u0131n\u0131 en anlaml\u0131 bir \u015fekilde kutlad\u0131. BANDIRMA VAPURU&#8217;NU \u00c7\u0130ZD\u0130LER Alan\u0131nda uzman e\u011fitimciler e\u015fli\u011finde &hellip; <a href=\"https:\/\/akdenizolaygazetesi.com\/?p=25874\" class=\"more-link\">Devam\u0131n\u0131 Oku&#8230;<\/a><\/p>\n","protected":false},"author":2,"featured_media":25875,"comment_status":"open","ping_status":"open","sticky":false,"template":"","format":"standard","meta":[],"categories":[2,3],"tags":[],"_links":{"self":[{"href":"https:\/\/akdenizolaygazetesi.com\/index.php?rest_route=\/wp\/v2\/posts\/25874"}],"collection":[{"href":"https:\/\/akdenizolaygazetesi.com\/index.php?rest_route=\/wp\/v2\/posts"}],"about":[{"href":"https:\/\/akdenizolaygazetesi.com\/index.php?rest_route=\/wp\/v2\/types\/post"}],"author":[{"embeddable":true,"href":"https:\/\/akdenizolaygazetesi.com\/index.php?rest_route=\/wp\/v2\/users\/2"}],"replies":[{"embeddable":true,"href":"https:\/\/akdenizolaygazetesi.com\/index.php?rest_route=%2Fwp%2Fv2%2Fcomments&post=25874"}],"version-history":[{"count":1,"href":"https:\/\/akdenizolaygazetesi.com\/index.php?rest_route=\/wp\/v2\/posts\/25874\/revisions"}],"predecessor-version":[{"id":25876,"href":"https:\/\/akdenizolaygazetesi.com\/index.php?rest_route=\/wp\/v2\/posts\/25874\/revisions\/25876"}],"wp:featuredmedia":[{"embeddable":true,"href":"https:\/\/akdenizolaygazetesi.com\/index.php?rest_route=\/wp\/v2\/media\/25875"}],"wp:attachment":[{"href":"https:\/\/akdenizolaygazetesi.com\/index.php?rest_route=%2Fwp%2Fv2%2Fmedia&parent=25874"}],"wp:term":[{"taxonomy":"category","embeddable":true,"href":"https:\/\/akdenizolaygazetesi.com\/index.php?rest_route=%2Fwp%2Fv2%2Fcategories&post=25874"},{"taxonomy":"post_tag","embeddable":true,"href":"https:\/\/akdenizolaygazetesi.com\/index.php?rest_route=%2Fwp%2Fv2%2Ftags&post=25874"}],"curies":[{"name":"wp","href":"https:\/\/api.w.org\/{rel}","templated":true}]}}