{"id":25877,"date":"2023-05-22T13:26:59","date_gmt":"2023-05-22T10:26:59","guid":{"rendered":"http:\/\/akdenizolaygazetesi.com\/?p=25877"},"modified":"2023-05-22T13:26:59","modified_gmt":"2023-05-22T10:26:59","slug":"secer-yaralar-birlik-olunarak-sarilabilir","status":"publish","type":"post","link":"https:\/\/akdenizolaygazetesi.com\/?p=25877","title":{"rendered":"SE\u00c7ER: &#8220;YARALAR B\u0130RL\u0130K OLUNARAK SARILAB\u0130L\u0130R&#8221;"},"content":{"rendered":"<p>Mersin B\u00fcy\u00fck\u015fehir Belediye Ba\u015fkan\u0131 Vahap Se\u00e7er, 6 \u015eubat Ya\u015fam Derne\u011fi&#8217;nin deprem b\u00f6lgesinden g\u00f6\u00e7 eden esnafa umut olmak i\u00e7in d\u00fczenledi\u011fi Esnaf Bulu\u015fmas\u0131&#8217;na kat\u0131ld\u0131. Etkinlikte Ba\u015fkan Se\u00e7er&#8217;in yan\u0131 s\u0131ra, Cumhuriyet Halk Partisi (CHP) Mersin Milletvekili G\u00fclcan K\u0131\u015f ve CHP Yeni\u015fehir \u0130l\u00e7e Ba\u015fkan\u0131 Tayar Tahiro\u011flu yer ald\u0131.<\/p>\n<p>M\u00fczik dinletisinden s\u00fcrpriz \u00e7ekili\u015flere ve \u00e7ocuk oyunlar\u0131na kadar bir\u00e7ok etkinli\u011fin yer ald\u0131\u011f\u0131 bulu\u015fmada, Hatay, Malatya, Ad\u0131yaman ve Kahramanmara\u015f gibi depremden etkilenen illerin y\u00f6resel lezzet ve \u00fcr\u00fcnlerinin yer ald\u0131\u011f\u0131 esnaf stantlar\u0131 kuruldu. Etkinlikte, Yazar Deniz Erten de kitaplar\u0131n\u0131 okurlar\u0131 i\u00e7in imzalad\u0131.<\/p>\n<p>Esnaf Bulu\u015fmas\u0131&#8217;nda tek tek stantlar\u0131 gezen Ba\u015fkan Se\u00e7er, depremzede esnaf ile sohbet edip al\u0131\u015fveri\u015f yapt\u0131. Mersin&#8217;de herkesin kendilerine destek \u00e7\u0131kt\u0131\u011f\u0131n\u0131 ve kentte \u00e7ok mutlu olduklar\u0131n\u0131 s\u00f6yleyen bir esnaf, Ba\u015fkan Se\u00e7er&#8217;e de yard\u0131mlar\u0131ndan dolay\u0131 te\u015fekk\u00fcr etti.<\/p>\n<p>Depremzede vatanda\u015f: &#8220;Her \u015fehre bir Vahap Se\u00e7er gerekli&#8221;<br \/>\nBa\u015fkan Se\u00e7er&#8217;e &#8216;\u0130yi ki vars\u0131n\u0131z&#8217; diyen Hatayl\u0131 bir esnaf ise &#8220;Hatayl\u0131lar\u0131n g\u00f6nl\u00fcne taht kurdunuz&#8221; diyerek Ba\u015fkan Se\u00e7er&#8217;in Hatay i\u00e7in yapt\u0131\u011f\u0131 yard\u0131mlardan dolay\u0131 te\u015fekk\u00fcrlerini ifade etti. Ba\u015fkan Se\u00e7er ise t\u00fcm depremzedelerin her zaman yanlar\u0131nda olacaklar\u0131n\u0131 belirtti. Ba\u015fkan Se\u00e7er&#8217;in gezdi\u011fi stantlardaki bir vatanda\u015f ise \u00e7al\u0131\u015fmalardan \u00e7ok memnun olduklar\u0131n\u0131 dile getirerek, &#8220;Her \u015fehre bir Vahap Se\u00e7er gerekli&#8221; dedi.<\/p>\n<p>&#8220;Yaralar birlik olunarak sar\u0131l\u0131r&#8221;<br \/>\n Depremin \u00e7ok b\u00fcy\u00fck travma, ac\u0131 ve y\u0131k\u0131mlar\u0131 beraberinde getirdi\u011fini ifade eden Ba\u015fkan Se\u00e7er, bu yaralar\u0131n birlik olunarak sar\u0131laca\u011f\u0131na dikkat \u00e7ekti. Etkinlikte hem deprem b\u00f6lgesinden gelen esnaflar\u0131n hem de Mersin&#8217;de ya\u015fam\u0131n\u0131 s\u00fcrd\u00fcren depremzedelerin oldu\u011funu belirten Ba\u015fkan Se\u00e7er, &#8220;Yaralara bir nebze merhem olmak i\u00e7in yap\u0131lm\u0131\u015f bir \u00e7al\u0131\u015fma. B\u00f6lgede ya\u015fayan insanlar\u0131m\u0131z\u0131n maddi, manevi ya\u015fad\u0131klar\u0131 \u00e7ok b\u00fcy\u00fck bir travma, ac\u0131 ve y\u0131k\u0131m. Elbette bunlar\u0131 tedavi etmek, yaralar\u0131 sarmak, birlik olunarak ger\u00e7ekle\u015febilir. Mersinimizin anlay\u0131\u015f\u0131na, k\u00fclt\u00fcr\u00fcne, kadir\u015finasl\u0131\u011f\u0131na, ho\u015fg\u00f6r\u00fcl\u00fc vatanda\u015f\u0131na da bu yara\u015f\u0131r&#8221; dedi.<\/p>\n<p>&#8220;Laf\u0131 evelemeden gevelemeden h\u00fck\u00fcmetin bu i\u015fe el atmas\u0131 gerekiyor&#8221;<br \/>\nDeprem sonras\u0131nda Mersin&#8217;in yakla\u015f\u0131k 300 bin n\u00fcfusa daha ev sahipli\u011fi yapmaya ba\u015flad\u0131\u011f\u0131n\u0131 dile getiren Ba\u015fkan Se\u00e7er, \u015fu anda ilk g\u00fcnlerin tela\u015f\u0131n\u0131n olmamas\u0131n\u0131n yan\u0131 s\u0131ra depremzede vatanda\u015flar\u0131n g\u00fcnl\u00fck hayata tam olarak kat\u0131labilmeleri i\u00e7in \u00e7al\u0131\u015fmalar yap\u0131lmas\u0131 gerekti\u011fini s\u00f6yledi. Se\u00e7er, &#8220;Burada devletin \u00f6nemli katk\u0131s\u0131 gerekiyor. Bu insanlar\u0131n yerle\u015fik d\u00fczene ge\u00e7meleri, konut sahibi olmalar\u0131 ya da en az\u0131ndan kiral\u0131k bir konutta oturmalar\u0131, bir i\u015f sahibi olmalar\u0131, d\u00f6kme suyla de\u011firmen d\u00f6nmez nihayetinde bir \u00e7al\u0131\u015fma imkanlar\u0131n\u0131n olmas\u0131 laz\u0131m. Bu insanlar\u0131n bir gelirinin olmas\u0131 laz\u0131m. Bu ekonomik \u00e7ark\u0131n i\u00e7erisine bu insanlar\u0131 katmak laz\u0131m. Yoksa nereye kadar bunu s\u00fcrd\u00fcrecekler. Onlar bu s\u00fcreci birilerinin yard\u0131m\u0131na, ba\u011fl\u0131 olarak ne kadar g\u00f6t\u00fcrebilecekler? Onlar\u0131n da psikolojisini d\u00fc\u015f\u00fcnmek laz\u0131m. Burada laf\u0131 evelemeden gevelemeden h\u00fck\u00fcmetin bu i\u015fe el atmas\u0131 gerekiyor&#8221; diye konu\u015ftu.<\/p>\n<p>&#8220;Samimi olanlarla siyasi olanlar\u0131 vatanda\u015flar\u0131m\u0131z\u0131n ay\u0131rmas\u0131 gerekli&#8221;<br \/>\n&#8220;28 May\u0131s&#8217;ta T\u00fcrkiye Cumhurba\u015fkan\u0131&#8217;n\u0131 se\u00e7ecek. Yeni Cumhurba\u015fkan\u0131 ile beraber farkl\u0131 bir anlay\u0131\u015fla bu s\u00fcrecin h\u0131zlanaca\u011f\u0131n\u0131 \u00f6ng\u00f6r\u00fcyorum, d\u00fc\u015f\u00fcn\u00fcyorum&#8221; diyerek s\u00f6zlerini s\u00fcrd\u00fcren Ba\u015fkan Se\u00e7er, vatanda\u015flar\u0131n sand\u0131\u011fa gitti\u011finde bu anlamda da gere\u011fini yapacaklar\u0131na inand\u0131\u011f\u0131n\u0131 kaydetti. Ba\u015fkan Vahap Se\u00e7er, &#8220;Bundan da son derece eminim. Bir anlamda deprem b\u00f6lgesine samimi olarak m\u00fcdahale edenlerle, g\u00f6stermelik siyasi olarak m\u00fcdahale edenleri vatanda\u015flar\u0131n ay\u0131rmas\u0131 gerekti\u011fini d\u00fc\u015f\u00fcn\u00fcyorum&#8221; ifadelerini kulland\u0131.<\/p>\n","protected":false},"excerpt":{"rendered":"<p>Mersin B\u00fcy\u00fck\u015fehir Belediye Ba\u015fkan\u0131 Vahap Se\u00e7er, 6 \u015eubat Ya\u015fam Derne\u011fi&#8217;nin deprem b\u00f6lgesinden g\u00f6\u00e7 eden esnafa umut olmak i\u00e7in d\u00fczenledi\u011fi Esnaf Bulu\u015fmas\u0131&#8217;na kat\u0131ld\u0131. Etkinlikte Ba\u015fkan Se\u00e7er&#8217;in yan\u0131 s\u0131ra, Cumhuriyet Halk Partisi &hellip; <a href=\"https:\/\/akdenizolaygazetesi.com\/?p=25877\" class=\"more-link\">Devam\u0131n\u0131 Oku&#8230;<\/a><\/p>\n","protected":false},"author":2,"featured_media":25878,"comment_status":"open","ping_status":"open","sticky":false,"template":"","format":"standard","meta":[],"categories":[2,3,5],"tags":[],"_links":{"self":[{"href":"https:\/\/akdenizolaygazetesi.com\/index.php?rest_route=\/wp\/v2\/posts\/25877"}],"collection":[{"href":"https:\/\/akdenizolaygazetesi.com\/index.php?rest_route=\/wp\/v2\/posts"}],"about":[{"href":"https:\/\/akdenizolaygazetesi.com\/index.php?rest_route=\/wp\/v2\/types\/post"}],"author":[{"embeddable":true,"href":"https:\/\/akdenizolaygazetesi.com\/index.php?rest_route=\/wp\/v2\/users\/2"}],"replies":[{"embeddable":true,"href":"https:\/\/akdenizolaygazetesi.com\/index.php?rest_route=%2Fwp%2Fv2%2Fcomments&post=25877"}],"version-history":[{"count":1,"href":"https:\/\/akdenizolaygazetesi.com\/index.php?rest_route=\/wp\/v2\/posts\/25877\/revisions"}],"predecessor-version":[{"id":25879,"href":"https:\/\/akdenizolaygazetesi.com\/index.php?rest_route=\/wp\/v2\/posts\/25877\/revisions\/25879"}],"wp:featuredmedia":[{"embeddable":true,"href":"https:\/\/akdenizolaygazetesi.com\/index.php?rest_route=\/wp\/v2\/media\/25878"}],"wp:attachment":[{"href":"https:\/\/akdenizolaygazetesi.com\/index.php?rest_route=%2Fwp%2Fv2%2Fmedia&parent=25877"}],"wp:term":[{"taxonomy":"category","embeddable":true,"href":"https:\/\/akdenizolaygazetesi.com\/index.php?rest_route=%2Fwp%2Fv2%2Fcategories&post=25877"},{"taxonomy":"post_tag","embeddable":true,"href":"https:\/\/akdenizolaygazetesi.com\/index.php?rest_route=%2Fwp%2Fv2%2Ftags&post=25877"}],"curies":[{"name":"wp","href":"https:\/\/api.w.org\/{rel}","templated":true}]}}