{"id":25886,"date":"2023-05-22T13:31:06","date_gmt":"2023-05-22T10:31:06","guid":{"rendered":"http:\/\/akdenizolaygazetesi.com\/?p=25886"},"modified":"2023-05-22T13:31:06","modified_gmt":"2023-05-22T10:31:06","slug":"19-mayis-1919un-gururu-bu-kez-goklerde-yasandi","status":"publish","type":"post","link":"https:\/\/akdenizolaygazetesi.com\/?p=25886","title":{"rendered":"19 MAYIS 1919&#8217;UN GURURU BU KEZ G\u00d6KLERDE YA\u015eANDI"},"content":{"rendered":"<p>Ulu \u00d6nder Mustafa Kemal Atat\u00fcrk&#8217;\u00fcn izinden y\u00fcr\u00fcmeye devam eden Mersin B\u00fcy\u00fck\u015fehir Belediyesi, O&#8217;nun gen\u00e7lere emanet etti\u011fi Cumhuriyet&#8217;e yara\u015f\u0131r hizmet ve etkinlikler sunmaya devam ediyor.<\/p>\n<p>Gen\u00e7lik ve Spor Hizmetleri Dairesi Ba\u015fkanl\u0131\u011f\u0131 taraf\u0131ndan 19 May\u0131s Atat\u00fcrk&#8217;\u00fc Anma, Gen\u00e7lik ve Spor Bayram\u0131 kutlamalar\u0131 kapsam\u0131nda organize edilen Yama\u00e7 Para\u015f\u00fct\u00fc Etkinli\u011fi ile 60 sporcu Mersin semalar\u0131nda 19 May\u0131s&#8217;\u0131n gururunu yans\u0131tt\u0131lar. Me\u015faleler ve T\u00fcrk Bayraklar\u0131 ile u\u00e7u\u015f ger\u00e7ekle\u015ftiren yama\u00e7 para\u015f\u00fct\u00e7\u00fcleri, sergiledikleri performans ile vatanda\u015flardan tam not ald\u0131lar.<\/p>\n<p>\u0130rde: &#8220;\u00c7ok heyecanl\u0131, \u00e7ok keyifli bir etkinlik&#8221;<br \/>\nMersin B\u00fcy\u00fck\u015fehir Belediyesi Gen\u00e7lik ve Spor Hizmetleri Dairesi Ba\u015fkanl\u0131\u011f\u0131 ile Akdeniz Yama\u00e7 Para\u015f\u00fct\u00fc ve Adrenalin Sporlar\u0131 Kul\u00fcb\u00fc i\u015f birli\u011fiyle Gelincik Tepesi&#8217;nde d\u00fczenlenen etkinlik hakk\u0131nda konu\u015fan Mersin B\u00fcy\u00fck\u015fehir Belediyesi Genel Sekreter Yard\u0131mc\u0131s\u0131 Tar\u0131k \u0130rde, &#8220;19 May\u0131s etkinlikleri kapsam\u0131nda belediyemizin d\u00fczenlemi\u015f oldu\u011fu yama\u00e7 para\u015f\u00fct\u00fc etkinli\u011fi \u00e7ok heyecanl\u0131 ve \u00e7ok keyifliydi. \u0130nsana kendini gen\u00e7 hissettiren bir etkinlik oldu\u011funu d\u00fc\u015f\u00fcn\u00fcyorum. Eme\u011fi ge\u00e7enlere te\u015fekk\u00fcr ediyorum&#8221; dedi.<\/p>\n<p>Ta\u015fk\u0131n: &#8220;Amac\u0131m\u0131z Mersin&#8217;de insanlar\u0131m\u0131z\u0131 de\u011fi\u015fik sporlarla bulu\u015fturmak&#8221;<br \/>\nB\u00fcy\u00fck\u015fehir Belediyesi Gen\u00e7lik ve Spor Hizmetleri Dairesi Ba\u015fkan\u0131 Emrullah Ta\u015fk\u0131n ise d\u00fczenlenen etkinliklerde vatanda\u015flar\u0131 sporun farkl\u0131 bran\u015flar\u0131 ile tan\u0131\u015ft\u0131rmak istediklerini belirterek, &#8220;Bir\u00e7ok kat\u0131l\u0131mc\u0131n\u0131n oldu\u011fu bu organizasyonda amac\u0131m\u0131z Mersin&#8217;de insanlar\u0131m\u0131z\u0131 de\u011fi\u015fik sporlarla bulu\u015fturmak. Yama\u00e7 para\u015f\u00fct\u00fc yap\u0131yoruz, bunun da g\u00fczel bir etkinlik oldu\u011funu d\u00fc\u015f\u00fcn\u00fcyorum. \u00c7ok g\u00fczel bir kat\u0131l\u0131m oldu. \u0130zlemek i\u00e7in gelen vatanda\u015flar\u0131m\u0131z\u0131n yan\u0131 s\u0131ra u\u00e7mak i\u00e7in gelenler de vard\u0131. 19 May\u0131s&#8217;\u0131n ruhuna yara\u015f\u0131r bir etkinlik d\u00fczenledik&#8221; diye konu\u015ftu.<\/p>\n<p>Atl\u0131: &#8220;19 May\u0131s Atat\u00fcrk&#8217;\u00fc Anma Gen\u00e7lik ve Spor Bayram\u0131 milli \u015fuuru \u00fcst seviye \u00e7\u0131karan bir bayram&#8221;<br \/>\nEtkinli\u011fin son derece ba\u015far\u0131l\u0131, s\u0131cak ve samimi ge\u00e7ti\u011fini ifade eden Akdeniz Yama\u00e7 Para\u015f\u00fct\u00fc ve Adrenalin Sporlar\u0131 Kul\u00fcb\u00fc Ba\u015fkan\u0131, H\u00fcseyin Atl\u0131, &#8220;Mersin&#8217;de yama\u00e7 para\u015f\u00fct\u00fc e\u011fitimleri ve ikili u\u00e7u\u015flar yap\u0131yoruz. Burada sporcu yeti\u015ftiriyoruz. Ulusal ve uluslararas\u0131 yar\u0131\u015fmalara sporcu g\u00f6nderiyoruz. Etkinlik son derece ba\u015far\u0131l\u0131, s\u0131cak, samimi. Sporcular\u0131 tamamen \u00f6n plana \u00e7\u0131karan, onlar\u0131n rahat bir \u015fekilde aktivitesini ger\u00e7ekle\u015ftirmek i\u00e7in her t\u00fcrl\u00fc imkan sa\u011flanm\u0131\u015f durumda. 19 May\u0131s Atat\u00fcrk&#8217;\u00fc Anma Gen\u00e7lik ve Spor Bayram\u0131 bizim i\u00e7in milli \u015fuuru her zaman \u00fcst seviye \u00e7\u0131karan bir bayram. Biz sporcular olarak bu bayram\u0131n sahipleriyiz&#8221; ifadelerine yer verdi.<\/p>\n<p>K\u00f6so\u011flu: &#8220;Mersin yama\u00e7 para\u015f\u00fct\u00fcne \u00e7ok elveri\u015fli bir \u015fehir&#8221;<br \/>\nAkdeniz Yama\u00e7 Para\u015f\u00fct\u00fc Adrenalin Sporlar\u0131 Kul\u00fcb\u00fc \u00fcyesi \u0130rfan K\u00f6so\u011flu, &#8220;7 senedir bu i\u015fi yap\u0131yorum. \u00c7ok g\u00fczel bir spor. Mersin yama\u00e7 para\u015f\u00fct\u00fcne \u00e7ok elveri\u015fli bir \u015fehir. Senenin 12 ay\u0131 spor yapabiliyoruz biz burada. Ben ayn\u0131 zamanda Karadenizliyim. Mesela biz burada iki ayda yapt\u0131\u011f\u0131m\u0131z u\u00e7u\u015fu orada bir senede yapam\u0131yoruz \u00e7\u00fcnk\u00fc s\u00fcrekli ya\u011f\u0131\u015f oluyor&#8221; dedi.<\/p>\n<p>9 ya\u015f\u0131ndaki Do\u011fa Batuk da etkinli\u011fin \u00e7ok g\u00fczel oldu\u011funu s\u00f6yleyerek, &#8220;Heyecanl\u0131, co\u015fku vard\u0131 herkes ba\u011f\u0131r\u0131yordu havada&#8221; dedi.<\/p>\n","protected":false},"excerpt":{"rendered":"<p>Ulu \u00d6nder Mustafa Kemal Atat\u00fcrk&#8217;\u00fcn izinden y\u00fcr\u00fcmeye devam eden Mersin B\u00fcy\u00fck\u015fehir Belediyesi, O&#8217;nun gen\u00e7lere emanet etti\u011fi Cumhuriyet&#8217;e yara\u015f\u0131r hizmet ve etkinlikler sunmaya devam ediyor. Gen\u00e7lik ve Spor Hizmetleri Dairesi Ba\u015fkanl\u0131\u011f\u0131 &hellip; <a href=\"https:\/\/akdenizolaygazetesi.com\/?p=25886\" class=\"more-link\">Devam\u0131n\u0131 Oku&#8230;<\/a><\/p>\n","protected":false},"author":2,"featured_media":25887,"comment_status":"open","ping_status":"open","sticky":false,"template":"","format":"standard","meta":[],"categories":[2,3,5],"tags":[],"_links":{"self":[{"href":"https:\/\/akdenizolaygazetesi.com\/index.php?rest_route=\/wp\/v2\/posts\/25886"}],"collection":[{"href":"https:\/\/akdenizolaygazetesi.com\/index.php?rest_route=\/wp\/v2\/posts"}],"about":[{"href":"https:\/\/akdenizolaygazetesi.com\/index.php?rest_route=\/wp\/v2\/types\/post"}],"author":[{"embeddable":true,"href":"https:\/\/akdenizolaygazetesi.com\/index.php?rest_route=\/wp\/v2\/users\/2"}],"replies":[{"embeddable":true,"href":"https:\/\/akdenizolaygazetesi.com\/index.php?rest_route=%2Fwp%2Fv2%2Fcomments&post=25886"}],"version-history":[{"count":1,"href":"https:\/\/akdenizolaygazetesi.com\/index.php?rest_route=\/wp\/v2\/posts\/25886\/revisions"}],"predecessor-version":[{"id":25888,"href":"https:\/\/akdenizolaygazetesi.com\/index.php?rest_route=\/wp\/v2\/posts\/25886\/revisions\/25888"}],"wp:featuredmedia":[{"embeddable":true,"href":"https:\/\/akdenizolaygazetesi.com\/index.php?rest_route=\/wp\/v2\/media\/25887"}],"wp:attachment":[{"href":"https:\/\/akdenizolaygazetesi.com\/index.php?rest_route=%2Fwp%2Fv2%2Fmedia&parent=25886"}],"wp:term":[{"taxonomy":"category","embeddable":true,"href":"https:\/\/akdenizolaygazetesi.com\/index.php?rest_route=%2Fwp%2Fv2%2Fcategories&post=25886"},{"taxonomy":"post_tag","embeddable":true,"href":"https:\/\/akdenizolaygazetesi.com\/index.php?rest_route=%2Fwp%2Fv2%2Ftags&post=25886"}],"curies":[{"name":"wp","href":"https:\/\/api.w.org\/{rel}","templated":true}]}}