{"id":25892,"date":"2023-05-22T13:33:54","date_gmt":"2023-05-22T10:33:54","guid":{"rendered":"http:\/\/akdenizolaygazetesi.com\/?p=25892"},"modified":"2023-05-22T13:33:54","modified_gmt":"2023-05-22T10:33:54","slug":"genclere-kapadokya-surprizi","status":"publish","type":"post","link":"https:\/\/akdenizolaygazetesi.com\/?p=25892","title":{"rendered":"\u201cGEN\u00c7LERE KAPADOKYA S\u00dcRPR\u0130Z\u0130\u201d"},"content":{"rendered":"<p>Akdeniz Belediyesi; \u201c19 May\u0131s Atat\u00fcrk\u2019\u00fc Anma Gen\u00e7lik ve Spor Bayram\u0131\u201d kutlama etkinlikleri kapsam\u0131nda gen\u00e7lere s\u00fcrpriz haz\u0131rlad\u0131. \u00dcniversite s\u0131nav\u0131na haz\u0131rlanan Et\u00fct Merkezi \u00f6\u011frencisi Akdenizli gen\u00e7ler Kapadokya gezisine g\u00f6t\u00fcr\u00fcld\u00fc. <\/p>\n<p>19 May\u0131s Atat\u00fcrk\u2019\u00fc Anma Gen\u00e7lik ve Spor Bayram\u0131 dolay\u0131s\u0131yla K\u00fclt\u00fcr ve Sosyal \u0130\u015fler M\u00fcd\u00fcrl\u00fc\u011f\u00fc\u2019ne ba\u011fl\u0131 k\u00fclt\u00fcr ve sanat evlerinde kutlama etkinli\u011fi d\u00fczenleyen Akdeniz Belediyesi, Metropol G\u00f6kdelen binas\u0131 29\u2019uncu katta bulunan Et\u00fct Merkezi\u2019nde \u00fcniversite s\u0131nav\u0131na haz\u0131rlanan gen\u00e7leri de unutmad\u0131. <\/p>\n<p>Merkezde e\u011fitim g\u00f6ren gen\u00e7ler, haz\u0131rlanan otob\u00fcslere binerek, \u00f6\u011fretmenleri g\u00f6zetiminde yerli ve yabanc\u0131 turistlerin T\u00fcrkiye\u2019de en \u00e7ok tercih etti\u011fi tarihi ve turistik yerlerden biri olan Kapadokya gezisine u\u011furland\u0131. Kendileri i\u00e7in haz\u0131rlanan 19 May\u0131s s\u00fcrprizi kar\u015f\u0131s\u0131nda mutlu olan Akdenizli gen\u00e7ler, Akdeniz Belediye Ba\u015fkan\u0131 Mustafa G\u00fcltak\u2019a te\u015fekk\u00fcr etti. <\/p>\n<p>\u201cKapadokya\u2019y\u0131 ke\u015ffettiler\u201d<\/p>\n<p>Gen\u00e7lere y\u00f6nelik s\u00fcrpriz hakk\u0131nda k\u0131sa bir a\u00e7\u0131klama yapan Akdeniz Belediye Ba\u015fkan\u0131 M. Mustafa G\u00fcltak ise; \u201cEt\u00fct merkezimizde e\u011fitim g\u00f6r\u00fcp \u00fcniversite s\u0131nav\u0131na haz\u0131rlanan, gelece\u011fimizin teminat\u0131 olan gen\u00e7lerimiz i\u00e7in, 19 May\u0131s Atat\u00fcrk\u2019\u00fc Anma, Gen\u00e7lik ve Spor Bayram\u0131m\u0131z dolay\u0131s\u0131yla Kapadokya gezisi organize ettik. <\/p>\n<p>Kurtulu\u015f Sava\u015f\u0131m\u0131z\u0131n Mimar\u0131 ve Lideri Gazi Mustafa Kemal\u2019in; Cumhuriyetimizi emanet etti\u011fi gen\u00e7lerimiz, bu geziyle hem Kapadokya\u2019n\u0131n tarihi ve k\u00fclt\u00fcrel g\u00fczelliklerini ke\u015ffetme f\u0131rsat\u0131 buldular, hem de 19 May\u0131s Bayram\u0131m\u0131z\u0131n co\u015fkusunu doyas\u0131ya ya\u015fad\u0131lar. Gen\u00e7lerimiz i\u00e7in elimizden gelen her t\u00fcrl\u00fc imk\u00e2n\u0131 kullanmaya, onlar i\u00e7in \u00e7al\u0131\u015fmaya ve projeler \u00fcretmeye devam edece\u011fiz\u201d diye konu\u015ftu.<\/p>\n","protected":false},"excerpt":{"rendered":"<p>Akdeniz Belediyesi; \u201c19 May\u0131s Atat\u00fcrk\u2019\u00fc Anma Gen\u00e7lik ve Spor Bayram\u0131\u201d kutlama etkinlikleri kapsam\u0131nda gen\u00e7lere s\u00fcrpriz haz\u0131rlad\u0131. \u00dcniversite s\u0131nav\u0131na haz\u0131rlanan Et\u00fct Merkezi \u00f6\u011frencisi Akdenizli gen\u00e7ler Kapadokya gezisine g\u00f6t\u00fcr\u00fcld\u00fc. 19 May\u0131s Atat\u00fcrk\u2019\u00fc &hellip; <a href=\"https:\/\/akdenizolaygazetesi.com\/?p=25892\" class=\"more-link\">Devam\u0131n\u0131 Oku&#8230;<\/a><\/p>\n","protected":false},"author":2,"featured_media":25893,"comment_status":"open","ping_status":"open","sticky":false,"template":"","format":"standard","meta":[],"categories":[2,3,5],"tags":[],"_links":{"self":[{"href":"https:\/\/akdenizolaygazetesi.com\/index.php?rest_route=\/wp\/v2\/posts\/25892"}],"collection":[{"href":"https:\/\/akdenizolaygazetesi.com\/index.php?rest_route=\/wp\/v2\/posts"}],"about":[{"href":"https:\/\/akdenizolaygazetesi.com\/index.php?rest_route=\/wp\/v2\/types\/post"}],"author":[{"embeddable":true,"href":"https:\/\/akdenizolaygazetesi.com\/index.php?rest_route=\/wp\/v2\/users\/2"}],"replies":[{"embeddable":true,"href":"https:\/\/akdenizolaygazetesi.com\/index.php?rest_route=%2Fwp%2Fv2%2Fcomments&post=25892"}],"version-history":[{"count":1,"href":"https:\/\/akdenizolaygazetesi.com\/index.php?rest_route=\/wp\/v2\/posts\/25892\/revisions"}],"predecessor-version":[{"id":25894,"href":"https:\/\/akdenizolaygazetesi.com\/index.php?rest_route=\/wp\/v2\/posts\/25892\/revisions\/25894"}],"wp:featuredmedia":[{"embeddable":true,"href":"https:\/\/akdenizolaygazetesi.com\/index.php?rest_route=\/wp\/v2\/media\/25893"}],"wp:attachment":[{"href":"https:\/\/akdenizolaygazetesi.com\/index.php?rest_route=%2Fwp%2Fv2%2Fmedia&parent=25892"}],"wp:term":[{"taxonomy":"category","embeddable":true,"href":"https:\/\/akdenizolaygazetesi.com\/index.php?rest_route=%2Fwp%2Fv2%2Fcategories&post=25892"},{"taxonomy":"post_tag","embeddable":true,"href":"https:\/\/akdenizolaygazetesi.com\/index.php?rest_route=%2Fwp%2Fv2%2Ftags&post=25892"}],"curies":[{"name":"wp","href":"https:\/\/api.w.org\/{rel}","templated":true}]}}