{"id":25896,"date":"2023-05-22T17:13:36","date_gmt":"2023-05-22T14:13:36","guid":{"rendered":"http:\/\/akdenizolaygazetesi.com\/?p=25896"},"modified":"2023-05-22T17:13:36","modified_gmt":"2023-05-22T14:13:36","slug":"baskan-yilmaz-vatandaslarimiza-tertemiz-sokaklar-birakiyoruz","status":"publish","type":"post","link":"https:\/\/akdenizolaygazetesi.com\/?p=25896","title":{"rendered":"BA\u015eKAN YILMAZ; &#8220;VATANDA\u015eLARIMIZA TERTEM\u0130Z SOKAKLAR BIRAKIYORUZ&#8221;"},"content":{"rendered":"<p>Toroslar Belediyesinin \u015eok Temizlik ekibi, daha temiz bir Toroslar i\u00e7in mahallelerde genel temizlik \u00e7al\u0131\u015fmas\u0131 yap\u0131yor.<\/p>\n<p>&#8220;Sokakta Temizlik Var&#8221; Projesi kapsam\u0131nda rutin temizlik hizmetinin yan\u0131 s\u0131ra belli bir program dahilinde mahalleler k\u00f6\u015fe bucak temizleniyor.<\/p>\n<p>Temizlik \u0130\u015fleri M\u00fcd\u00fcrl\u00fc\u011f\u00fcne ba\u011fl\u0131 ekipler taraf\u0131ndan titizlikle temizlenen sokaklar, vatanda\u015flar\u0131 da memnun ediyor.<\/p>\n<p>Ekipler bu kapsamda G\u00fcneykent Mahallesi&#8217;ndeki sokaklarda; \u00e7\u00f6p toplama, el ve makine ile s\u00fcp\u00fcrme, \u00e7im bi\u00e7me, ot ve kurumu\u015f dallar\u0131n, bo\u015f arsalar\u0131n, kald\u0131r\u0131m \u00fcst\u00fc ve kenarlar\u0131n\u0131n temizli\u011fi, moloz toplama, araz\u00f6z ile yol y\u0131kama \u00e7al\u0131\u015fmas\u0131 ger\u00e7ekle\u015ftirdi.<\/p>\n<p>Sabah\u0131n ilk saatlerinde ara\u00e7 ve ekipmanlar\u0131yla sahada olan ekipler, \u00e7evre ve g\u00f6r\u00fcnt\u00fc kirlili\u011fi olu\u015fturan t\u00fcm noktalar\u0131 da titizlikle temizledi. Ekipler, G\u00fcneykent Mahallesi&#8217;nin ard\u0131ndan genel temizlik \u00e7al\u0131\u015fmalar\u0131na Halkkent ve Akbelen Mahalleleri&#8217;nde devam edecek.<\/p>\n<p>BA\u015eKAN YILMAZ; &#8220;VATANDA\u015eLARIMIZA TERTEM\u0130Z SOKAKLAR BIRAKIYORUZ&#8221;<\/p>\n<p>Toroslar Belediye Ba\u015fkan\u0131 Ats\u0131z Af\u015f\u0131n Y\u0131lmaz, Temizlik \u0130\u015fleri M\u00fcd\u00fcrl\u00fc\u011f\u00fc ekipleri taraf\u0131ndan haz\u0131rlanan program dahilinde il\u00e7e genelindeki t\u00fcm mahallelerin kapsaml\u0131 olarak temizlendi\u011fini s\u00f6yledi.<\/p>\n<p>\u00c7evre temizli\u011fi konusunda \u00e7ok hassas olduklar\u0131n\u0131 kaydeden Ba\u015fkan Y\u0131lmaz; &#8220;Bu \u015fehir, hepimizin. \u0130stedi\u011finiz kadar yat\u0131r\u0131m ve hizmet yap\u0131n. Ya\u015fad\u0131\u011f\u0131m\u0131z yer temiz olmazsa bu \u00e7al\u0131\u015fmalar bir anlam ifade etmez. Toroslar Belediyesi olarak vatanda\u015flar\u0131m\u0131z\u0131n hijyenik ve sa\u011fl\u0131kl\u0131 ortamlarda ya\u015famlar\u0131n\u0131 devam ettirmelerini sa\u011flamak amac\u0131yla \u00f6zveriyle \u00e7al\u0131\u015f\u0131yoruz. \u015eok ekiplerimiz mahallelerimizde en ince ayr\u0131nt\u0131y\u0131 bile atlamadan, \u00e7al\u0131\u015fmalar\u0131n\u0131 titizlikle s\u00fcrd\u00fcr\u00fcyor. Bunun yan\u0131 s\u0131ra \u00e7\u00f6p konteynerleri de belli periyotlarla ekiplerimiz taraf\u0131ndan temizlenerek, dezenfekte ediliyor. P\u0131r\u0131l p\u0131r\u0131l bir Toroslar i\u00e7in ekiplerimiz, 7\/24 g\u00f6rev ba\u015f\u0131nda&#8221; \u015feklinde konu\u015ftu.<\/p>\n","protected":false},"excerpt":{"rendered":"<p>Toroslar Belediyesinin \u015eok Temizlik ekibi, daha temiz bir Toroslar i\u00e7in mahallelerde genel temizlik \u00e7al\u0131\u015fmas\u0131 yap\u0131yor. &#8220;Sokakta Temizlik Var&#8221; Projesi kapsam\u0131nda rutin temizlik hizmetinin yan\u0131 s\u0131ra belli bir program dahilinde mahalleler &hellip; <a href=\"https:\/\/akdenizolaygazetesi.com\/?p=25896\" class=\"more-link\">Devam\u0131n\u0131 Oku&#8230;<\/a><\/p>\n","protected":false},"author":2,"featured_media":25897,"comment_status":"open","ping_status":"open","sticky":false,"template":"","format":"standard","meta":[],"categories":[2,3],"tags":[],"_links":{"self":[{"href":"https:\/\/akdenizolaygazetesi.com\/index.php?rest_route=\/wp\/v2\/posts\/25896"}],"collection":[{"href":"https:\/\/akdenizolaygazetesi.com\/index.php?rest_route=\/wp\/v2\/posts"}],"about":[{"href":"https:\/\/akdenizolaygazetesi.com\/index.php?rest_route=\/wp\/v2\/types\/post"}],"author":[{"embeddable":true,"href":"https:\/\/akdenizolaygazetesi.com\/index.php?rest_route=\/wp\/v2\/users\/2"}],"replies":[{"embeddable":true,"href":"https:\/\/akdenizolaygazetesi.com\/index.php?rest_route=%2Fwp%2Fv2%2Fcomments&post=25896"}],"version-history":[{"count":1,"href":"https:\/\/akdenizolaygazetesi.com\/index.php?rest_route=\/wp\/v2\/posts\/25896\/revisions"}],"predecessor-version":[{"id":25898,"href":"https:\/\/akdenizolaygazetesi.com\/index.php?rest_route=\/wp\/v2\/posts\/25896\/revisions\/25898"}],"wp:featuredmedia":[{"embeddable":true,"href":"https:\/\/akdenizolaygazetesi.com\/index.php?rest_route=\/wp\/v2\/media\/25897"}],"wp:attachment":[{"href":"https:\/\/akdenizolaygazetesi.com\/index.php?rest_route=%2Fwp%2Fv2%2Fmedia&parent=25896"}],"wp:term":[{"taxonomy":"category","embeddable":true,"href":"https:\/\/akdenizolaygazetesi.com\/index.php?rest_route=%2Fwp%2Fv2%2Fcategories&post=25896"},{"taxonomy":"post_tag","embeddable":true,"href":"https:\/\/akdenizolaygazetesi.com\/index.php?rest_route=%2Fwp%2Fv2%2Ftags&post=25896"}],"curies":[{"name":"wp","href":"https:\/\/api.w.org\/{rel}","templated":true}]}}