{"id":25899,"date":"2023-05-22T17:15:13","date_gmt":"2023-05-22T14:15:13","guid":{"rendered":"http:\/\/akdenizolaygazetesi.com\/?p=25899"},"modified":"2023-05-22T17:15:13","modified_gmt":"2023-05-22T14:15:13","slug":"baskan-gultak-miyin-sampiyonluk-sevincini-paylasti","status":"publish","type":"post","link":"https:\/\/akdenizolaygazetesi.com\/?p=25899","title":{"rendered":"Ba\u015fkan G\u00fcltak, M\u0130Y\u2019in \u015fampiyonluk sevincini payla\u015ft\u0131"},"content":{"rendered":"<p>Halk ve esnaf bulu\u015fmalar\u0131n\u0131 ara vermeden s\u00fcrd\u00fcren Ba\u015fkan G\u00fcltak, bir yandan vatanda\u015flar\u0131n talep ve s\u0131k\u0131nt\u0131lar\u0131n\u0131 dinledi, di\u011fer yandan 28 May\u0131s\u2019ta yap\u0131lacak Cumhurba\u015fkan\u0131 ikinci tur se\u00e7imi i\u00e7in se\u00e7menlerden destek istedi.<br \/>\nAkdeniz Belediye Ba\u015fkan\u0131 M. Mustafa G\u00fcltak, beraberinde AK Parti Akdeniz \u0130l\u00e7e Ba\u015fkan\u0131 Emin Gen\u00e7, parti te\u015fkilat \u00fcyeleri, Ba\u015fkan yard\u0131mc\u0131lar\u0131 ve Meclis \u00fcyeleri ile birlikte mahalle ve esnaf bulu\u015fmalar\u0131 kapsam\u0131nda \u00c7ankaya, Kiremithane, Turgut Reis, \u015eevket S\u00fcmer ve G\u00fcndo\u011fdu mahallelerini ziyaret ederek vatanda\u015flarla bir araya geldi.<br \/>\nKentin en yo\u011fun yerlerinden olan \u0130stiklal Caddesi ile \u015eevket S\u00fcmer 142. Cadde \u00fczerinde faaliyet g\u00f6steren pazarc\u0131 esnaf\u0131yla da bulu\u015fan Ba\u015fkan G\u00fcltak, esnaf\u0131n talep ve s\u0131k\u0131nt\u0131lar\u0131n\u0131 dinledi. Ba\u015fkan G\u00fcltak, 28 May\u0131s\u2019ta yap\u0131lacak Cumhurba\u015fkan\u0131 ikinci tur se\u00e7imi i\u00e7in de se\u00e7menlerden destek istedi.<br \/>\nZiyaretleri esnas\u0131nda tavladaki h\u00fcnerini sergileyen, ayakkab\u0131 boyac\u0131s\u0131 vatanda\u015f\u0131 sand\u0131\u011f\u0131ndan kald\u0131r\u0131p kendi elleriyle ayakkab\u0131s\u0131n\u0131 boyayan Ba\u015fkan G\u00fcltak, gezileri esnas\u0131nda kar\u015f\u0131la\u015ft\u0131\u011f\u0131 G\u00f6kmen isimli gen\u00e7le birlikte gitar e\u015fli\u011finde \u201cDuyanlara Duymayanlara\u201d \u015fark\u0131s\u0131n\u0131 da seslendirdi. \u00c7ocuklar\u0131 da unutmayan Ba\u015fkan G\u00fcltak, verdi\u011fi hediyelerle onlar\u0131n da g\u00f6nl\u00fcn\u00fc kazand\u0131.<br \/>\nBa\u015fkan G\u00fcltak, M\u0130Y\u2019in \u015fampiyonluk sevincini payla\u015ft\u0131<br \/>\nAkdeniz Belediye Ba\u015fkan\u0131 M. Mustafa G\u00fcltak, Yeni Mersin \u0130dman Yurdu\u2019nun Yomraspor\u2019u 5-1 ma\u011flup ederek \u015fampiyonlu\u011funu ilan etti\u011fi hafta sonundaki kar\u015f\u0131la\u015fmay\u0131 da trib\u00fcnden izledi, tak\u0131m\u0131n ve taraftar\u0131n \u015fampiyonluk co\u015fkusuna ortak oldu. Ba\u015fkan G\u00fcltak, \u201cT\u00fcm futbolcular\u0131m\u0131z\u0131, teknik heyetimizi ve y\u00f6netimimizi tebrik ediyor, tak\u0131m\u0131m\u0131za 2\u2019nci Lig\u2019de ba\u015far\u0131lar diliyorum\u201d dedi.<\/p>\n","protected":false},"excerpt":{"rendered":"<p>Halk ve esnaf bulu\u015fmalar\u0131n\u0131 ara vermeden s\u00fcrd\u00fcren Ba\u015fkan G\u00fcltak, bir yandan vatanda\u015flar\u0131n talep ve s\u0131k\u0131nt\u0131lar\u0131n\u0131 dinledi, di\u011fer yandan 28 May\u0131s\u2019ta yap\u0131lacak Cumhurba\u015fkan\u0131 ikinci tur se\u00e7imi i\u00e7in se\u00e7menlerden destek istedi. Akdeniz &hellip; <a href=\"https:\/\/akdenizolaygazetesi.com\/?p=25899\" class=\"more-link\">Devam\u0131n\u0131 Oku&#8230;<\/a><\/p>\n","protected":false},"author":2,"featured_media":25900,"comment_status":"open","ping_status":"open","sticky":false,"template":"","format":"standard","meta":[],"categories":[1,2,3],"tags":[],"_links":{"self":[{"href":"https:\/\/akdenizolaygazetesi.com\/index.php?rest_route=\/wp\/v2\/posts\/25899"}],"collection":[{"href":"https:\/\/akdenizolaygazetesi.com\/index.php?rest_route=\/wp\/v2\/posts"}],"about":[{"href":"https:\/\/akdenizolaygazetesi.com\/index.php?rest_route=\/wp\/v2\/types\/post"}],"author":[{"embeddable":true,"href":"https:\/\/akdenizolaygazetesi.com\/index.php?rest_route=\/wp\/v2\/users\/2"}],"replies":[{"embeddable":true,"href":"https:\/\/akdenizolaygazetesi.com\/index.php?rest_route=%2Fwp%2Fv2%2Fcomments&post=25899"}],"version-history":[{"count":1,"href":"https:\/\/akdenizolaygazetesi.com\/index.php?rest_route=\/wp\/v2\/posts\/25899\/revisions"}],"predecessor-version":[{"id":25901,"href":"https:\/\/akdenizolaygazetesi.com\/index.php?rest_route=\/wp\/v2\/posts\/25899\/revisions\/25901"}],"wp:featuredmedia":[{"embeddable":true,"href":"https:\/\/akdenizolaygazetesi.com\/index.php?rest_route=\/wp\/v2\/media\/25900"}],"wp:attachment":[{"href":"https:\/\/akdenizolaygazetesi.com\/index.php?rest_route=%2Fwp%2Fv2%2Fmedia&parent=25899"}],"wp:term":[{"taxonomy":"category","embeddable":true,"href":"https:\/\/akdenizolaygazetesi.com\/index.php?rest_route=%2Fwp%2Fv2%2Fcategories&post=25899"},{"taxonomy":"post_tag","embeddable":true,"href":"https:\/\/akdenizolaygazetesi.com\/index.php?rest_route=%2Fwp%2Fv2%2Ftags&post=25899"}],"curies":[{"name":"wp","href":"https:\/\/api.w.org\/{rel}","templated":true}]}}