{"id":25902,"date":"2023-05-22T17:16:41","date_gmt":"2023-05-22T14:16:41","guid":{"rendered":"http:\/\/akdenizolaygazetesi.com\/?p=25902"},"modified":"2023-05-22T17:16:41","modified_gmt":"2023-05-22T14:16:41","slug":"baskan-ozyigit-yenisehirde-sandik-guvenligi-icin-4-bin-gonulluye-ulastik","status":"publish","type":"post","link":"https:\/\/akdenizolaygazetesi.com\/?p=25902","title":{"rendered":"Ba\u015fkan \u00d6zyi\u011fit \u201cYeni\u015fehir\u2019de sand\u0131k g\u00fcvenli\u011fi i\u00e7in 4 bin g\u00f6n\u00fcll\u00fcye ula\u015ft\u0131k\u201d"},"content":{"rendered":"<p>Mersin Yeni\u015fehir Belediye Ba\u015fkan\u0131 Abdullah \u00d6zyi\u011fit, 28 May\u0131s Pazar g\u00fcn\u00fc yap\u0131lacak Cumhurba\u015fkanl\u0131\u011f\u0131 se\u00e7imlerinde sand\u0131k g\u00fcvenli\u011fi konusunda Yeni\u015fehir G\u00f6n\u00fcll\u00fcleri ile T\u00fcrkiye G\u00f6n\u00fcll\u00fcleri\u2019nin i\u015f birli\u011fi yapaca\u011f\u0131n\u0131 ve \u015fimdiye kadar 4 bin g\u00f6n\u00fcll\u00fcye ula\u015ft\u0131klar\u0131n\u0131 s\u00f6yledi. Ba\u015fkan \u00d6zyi\u011fit, \u201c28 May\u0131s&#8217;ta g\u00f6n\u00fcll\u00fc ekibimizle her sand\u0131kta olaca\u011f\u0131z ve Yeni\u015fehir&#8217;imizde her oya ve halk\u0131m\u0131z\u0131n iradesine sahip \u00e7\u0131kaca\u011f\u0131z.\u201d dedi.<br \/>\n14 May\u0131s se\u00e7imleri \u00f6ncesinde Ba\u015fkan Abdullah \u00d6zyi\u011fit\u2019in \u00e7a\u011fr\u0131s\u0131yla bir araya gelen ve 13. Cumhurba\u015fkan\u0131 Aday\u0131 Kemal K\u0131l\u0131\u00e7daro\u011flu\u2019na destek i\u00e7in se\u00e7im \u00e7al\u0131\u015fmas\u0131 y\u00fcr\u00fcten Yeni\u015fehir G\u00f6n\u00fcll\u00fcleri, 28 May\u0131s se\u00e7imleri i\u00e7in sand\u0131k g\u00fcvenli\u011fi konusunda T\u00fcrkiye G\u00f6n\u00fcll\u00fcleri g\u00fc\u00e7 birli\u011fi yapacak. Yeni\u015fehir G\u00f6n\u00fcll\u00fcleri ve T\u00fcrkiye G\u00f6n\u00fcll\u00fcleri Bulu\u015fma ve Temel E\u011fitim Toplant\u0131s\u0131, Yeni\u015fehir Belediyesi Atat\u00fcrk K\u00fclt\u00fcr Merkezinde d\u00fczenlendi. Toplant\u0131ya Yeni\u015fehir Belediye Ba\u015fkan\u0131 Abdullah \u00d6zyi\u011fit\u2019in yan\u0131 s\u0131ra T\u00fcrkiye G\u00f6n\u00fcll\u00fcleri Mersin Koordinat\u00f6r\u00fc C\u00fcnyet \u00dcre, Yeni\u015fehir Koordinat\u00f6r\u00fc Esra Alkan, Oy ve \u00d6tesi Mersin Temsilcisi Taylan Tun\u00e7 ve \u00e7ok say\u0131da g\u00f6n\u00fcll\u00fc kat\u0131ld\u0131. Toplant\u0131da g\u00f6n\u00fcll\u00fclere sand\u0131k g\u00fcvenli\u011fi konusunda e\u011fitim verildi.<br \/>\nYeni\u015fehir Belediye Ba\u015fkan\u0131 Abdullah \u00d6zyi\u011fit, \u201c28 May\u0131s\u2019ta yap\u0131lacak ikinci tur Cumhurba\u015fkanl\u0131\u011f\u0131 se\u00e7imlerinde Yeni\u015fehir\u2019de halk\u0131m\u0131z\u0131n her oyuna sahip \u00e7\u0131kaca\u011f\u0131z ve g\u00f6n\u00fcll\u00fclerimizle her sand\u0131kta olaca\u011f\u0131z. B\u00fcy\u00fck bir organizasyon kurduk, sistemli ve koordineli bir \u015fekilde \u00e7al\u0131\u015faca\u011f\u0131z. \u015eu anda g\u00f6n\u00fcll\u00fc say\u0131m\u0131z 4 bine ula\u015ft\u0131. T\u00fcrkiye G\u00f6n\u00fcll\u00fclerinin internet sitesi \u00fczerinde g\u00f6n\u00fcll\u00fc kay\u0131tlar\u0131m\u0131z da devam ediyor. Oy kullanmak i\u00e7in bin bir emekle hasta yata\u011f\u0131ndan kalkan vatanda\u015f\u0131m\u0131z\u0131n, engelli bireylerimizin ve her bir yurtta\u015f\u0131m\u0131z\u0131n oyunu korumak bizim namus borcumuz.  Oylar sand\u0131\u011fa girdi\u011fi gibi \u00e7\u0131ks\u0131n istiyoruz. Kimsenin oyunda g\u00f6z\u00fcm\u00fcz yok. Halk\u0131n iradesinin sand\u0131\u011fa yans\u0131mas\u0131, b\u00fct\u00fcn meselemiz bu. Bu g\u00f6n\u00fcll\u00fc\u011f\u00fc ortaya koyan sizlere te\u015fekk\u00fcr ediyorum. T\u00fcm okullarda ve sand\u0131klarda olaca\u011f\u0131z ve b\u00fcy\u00fck bir disiplinle bu \u00e7al\u0131\u015fmay\u0131 y\u00fcr\u00fctece\u011fiz.\u201d diye konu\u015ftu. Se\u00e7imlerde 13. Cumhurba\u015fkan\u0131 Aday\u0131 Kemal K\u0131l\u0131\u00e7daro\u011flu\u2019na destek \u00e7a\u011fr\u0131s\u0131nda da bulunan Ba\u015fkan \u00d6zyi\u011fit, \u201c \u0130nan\u00e7l\u0131y\u0131z ve umutluyuz, Genel Ba\u015fkan\u0131m\u0131z Say\u0131n Kemal K\u0131l\u0131\u00e7daro\u011flu \u00fclkemizin 13. Cumhurba\u015fkan\u0131 olarak se\u00e7ilecek. Biz de var g\u00fcc\u00fcm\u00fczle \u00e7al\u0131\u015fmaya devam edece\u011fiz. Gelece\u011fimizi \u015fekillendirecek olan bu tarihi se\u00e7imlerde t\u00fcm vatanda\u015flar\u0131m\u0131z\u0131 28 May\u0131s g\u00fcn\u00fc oy kullanmaya davet ediyorum.\u201d ifadelerini kulland\u0131. <\/p>\n","protected":false},"excerpt":{"rendered":"<p>Mersin Yeni\u015fehir Belediye Ba\u015fkan\u0131 Abdullah \u00d6zyi\u011fit, 28 May\u0131s Pazar g\u00fcn\u00fc yap\u0131lacak Cumhurba\u015fkanl\u0131\u011f\u0131 se\u00e7imlerinde sand\u0131k g\u00fcvenli\u011fi konusunda Yeni\u015fehir G\u00f6n\u00fcll\u00fcleri ile T\u00fcrkiye G\u00f6n\u00fcll\u00fcleri\u2019nin i\u015f birli\u011fi yapaca\u011f\u0131n\u0131 ve \u015fimdiye kadar 4 bin g\u00f6n\u00fcll\u00fcye &hellip; <a href=\"https:\/\/akdenizolaygazetesi.com\/?p=25902\" class=\"more-link\">Devam\u0131n\u0131 Oku&#8230;<\/a><\/p>\n","protected":false},"author":2,"featured_media":25903,"comment_status":"open","ping_status":"open","sticky":false,"template":"","format":"standard","meta":[],"categories":[2,3],"tags":[],"_links":{"self":[{"href":"https:\/\/akdenizolaygazetesi.com\/index.php?rest_route=\/wp\/v2\/posts\/25902"}],"collection":[{"href":"https:\/\/akdenizolaygazetesi.com\/index.php?rest_route=\/wp\/v2\/posts"}],"about":[{"href":"https:\/\/akdenizolaygazetesi.com\/index.php?rest_route=\/wp\/v2\/types\/post"}],"author":[{"embeddable":true,"href":"https:\/\/akdenizolaygazetesi.com\/index.php?rest_route=\/wp\/v2\/users\/2"}],"replies":[{"embeddable":true,"href":"https:\/\/akdenizolaygazetesi.com\/index.php?rest_route=%2Fwp%2Fv2%2Fcomments&post=25902"}],"version-history":[{"count":1,"href":"https:\/\/akdenizolaygazetesi.com\/index.php?rest_route=\/wp\/v2\/posts\/25902\/revisions"}],"predecessor-version":[{"id":25904,"href":"https:\/\/akdenizolaygazetesi.com\/index.php?rest_route=\/wp\/v2\/posts\/25902\/revisions\/25904"}],"wp:featuredmedia":[{"embeddable":true,"href":"https:\/\/akdenizolaygazetesi.com\/index.php?rest_route=\/wp\/v2\/media\/25903"}],"wp:attachment":[{"href":"https:\/\/akdenizolaygazetesi.com\/index.php?rest_route=%2Fwp%2Fv2%2Fmedia&parent=25902"}],"wp:term":[{"taxonomy":"category","embeddable":true,"href":"https:\/\/akdenizolaygazetesi.com\/index.php?rest_route=%2Fwp%2Fv2%2Fcategories&post=25902"},{"taxonomy":"post_tag","embeddable":true,"href":"https:\/\/akdenizolaygazetesi.com\/index.php?rest_route=%2Fwp%2Fv2%2Ftags&post=25902"}],"curies":[{"name":"wp","href":"https:\/\/api.w.org\/{rel}","templated":true}]}}