{"id":25906,"date":"2023-05-23T13:19:42","date_gmt":"2023-05-23T10:19:42","guid":{"rendered":"http:\/\/akdenizolaygazetesi.com\/?p=25906"},"modified":"2023-05-23T13:19:42","modified_gmt":"2023-05-23T10:19:42","slug":"baskan-secer-istiklal-caddesi-esnafini-ziyaret-etti","status":"publish","type":"post","link":"https:\/\/akdenizolaygazetesi.com\/?p=25906","title":{"rendered":"BA\u015eKAN SE\u00c7ER, \u0130ST\u0130KLAL CADDES\u0130 ESNAFINI Z\u0130YARET ETT\u0130"},"content":{"rendered":"<p>Halkla devaml\u0131 olarak i\u00e7 i\u00e7e olan ve bir araya gelen Mersin B\u00fcy\u00fck\u015fehir Belediye Ba\u015fkan\u0131 Vahap Se\u00e7er, bu kez de Akdeniz \u0130l\u00e7esi \u00c7ankaya Mahallesi \u0130stiklal Caddesi&#8217;nde esnaf\u0131 ziyaret edip, sohbet etti. Mersin B\u00fcy\u00fck\u015fehir Belediyesi&#8217;nin \u0130stiklal Caddesi&#8217;nde tamamlad\u0131\u011f\u0131 2. Etap \u00e7al\u0131\u015fmalar\u0131n\u0131 da inceleyen Ba\u015fkan Se\u00e7er, geni\u015f kald\u0131r\u0131mlar\u0131, bisiklet yolu ve ayd\u0131nlatma sistemleri ile modern bir yap\u0131ya kavu\u015fan caddede vatanda\u015flarla da sohbet etti. \u0130stiklal Caddesi esnaf\u0131 ve vatanda\u015flar, caddede yap\u0131lan \u00e7al\u0131\u015fmalar i\u00e7in Ba\u015fkan Se\u00e7er&#8217;e te\u015fekk\u00fcrlerini iletti.<br \/>\n\u0130stiklal Caddesi \u00e7al\u0131\u015fmalar\u0131 i\u00e7in esnaf ve vatanda\u015ftan Se\u00e7er&#8217;e te\u015fekk\u00fcr<br \/>\nZiyaretleri esnas\u0131nda Ba\u015fkan Vahap Se\u00e7er&#8217;e; Cumhuriyet Halk Partisi (CHP) Akdeniz \u0130l\u00e7e Ba\u015fkan\u0131 Semih Palamut, Mersin B\u00fcy\u00fck\u015fehir Belediyesi Gen\u00e7lik ve Spor Kul\u00fcb\u00fc Ba\u015fkan\u0131 \u00d6zg\u00fcr Timur ve B\u00fcy\u00fck\u015fehir Belediyesi b\u00fcrokratlar\u0131 e\u015flik etti.<br \/>\nBa\u015fkan Se\u00e7er&#8217;i kar\u015f\u0131s\u0131nda g\u00f6ren esnaf ve vatanda\u015flar; &#8220;Ba\u015fkan\u0131m eline, koluna sa\u011fl\u0131k&#8221; dedi. 2. Etap \u00e7al\u0131\u015fmalar\u0131 i\u00e7in te\u015fekk\u00fcr eden bir vatanda\u015f; &#8220;Kald\u0131r\u0131m i\u00e7in te\u015fekk\u00fcr ediyoruz. \u00c7ok m\u00fckemmel, l\u00fcks bir g\u00f6r\u00fcn\u00fcm oldu&#8221; ifadelerini kullanarak, memnuniyetini dile getirdi.<br \/>\nHem hayata ge\u00e7irilen \u00e7al\u0131\u015fmalar\u0131 inceleyen hem esnafa &#8216;Hay\u0131rl\u0131 \u0130\u015fler&#8217; dileyen hem de vatanda\u015fla bir araya gelen Ba\u015fkan Se\u00e7er&#8217;e \u0130stiklal Caddesi ziyareti s\u0131ras\u0131nda yo\u011fun ilgi ve sevgi vard\u0131. Vatanda\u015flar Se\u00e7er&#8217;e; &#8220;Yan\u0131n\u0131zday\u0131z. Allah kolayl\u0131k versin&#8221; diyerek \u00e7al\u0131\u015fmalar\u0131nda ba\u015far\u0131lar diledi.<br \/>\n7&#8217;den 70&#8217;e herkesle sohbet eden ve bol bol foto\u011fraf \u00e7ektiren Ba\u015fkan Se\u00e7er&#8217;e bir di\u011fer vatanda\u015f da &#8220;\u0130n\u015fallah kazanaca\u011f\u0131z&#8221; dedi. Ba\u015fkan Se\u00e7er, vatanda\u015flardan ve esnaftan gelen talepleri de b\u00fcrokratlar\u0131na not ald\u0131rd\u0131.<\/p>\n","protected":false},"excerpt":{"rendered":"<p>Halkla devaml\u0131 olarak i\u00e7 i\u00e7e olan ve bir araya gelen Mersin B\u00fcy\u00fck\u015fehir Belediye Ba\u015fkan\u0131 Vahap Se\u00e7er, bu kez de Akdeniz \u0130l\u00e7esi \u00c7ankaya Mahallesi \u0130stiklal Caddesi&#8217;nde esnaf\u0131 ziyaret edip, sohbet etti. &hellip; <a href=\"https:\/\/akdenizolaygazetesi.com\/?p=25906\" class=\"more-link\">Devam\u0131n\u0131 Oku&#8230;<\/a><\/p>\n","protected":false},"author":2,"featured_media":25907,"comment_status":"open","ping_status":"open","sticky":false,"template":"","format":"standard","meta":[],"categories":[2,3],"tags":[],"_links":{"self":[{"href":"https:\/\/akdenizolaygazetesi.com\/index.php?rest_route=\/wp\/v2\/posts\/25906"}],"collection":[{"href":"https:\/\/akdenizolaygazetesi.com\/index.php?rest_route=\/wp\/v2\/posts"}],"about":[{"href":"https:\/\/akdenizolaygazetesi.com\/index.php?rest_route=\/wp\/v2\/types\/post"}],"author":[{"embeddable":true,"href":"https:\/\/akdenizolaygazetesi.com\/index.php?rest_route=\/wp\/v2\/users\/2"}],"replies":[{"embeddable":true,"href":"https:\/\/akdenizolaygazetesi.com\/index.php?rest_route=%2Fwp%2Fv2%2Fcomments&post=25906"}],"version-history":[{"count":1,"href":"https:\/\/akdenizolaygazetesi.com\/index.php?rest_route=\/wp\/v2\/posts\/25906\/revisions"}],"predecessor-version":[{"id":25908,"href":"https:\/\/akdenizolaygazetesi.com\/index.php?rest_route=\/wp\/v2\/posts\/25906\/revisions\/25908"}],"wp:featuredmedia":[{"embeddable":true,"href":"https:\/\/akdenizolaygazetesi.com\/index.php?rest_route=\/wp\/v2\/media\/25907"}],"wp:attachment":[{"href":"https:\/\/akdenizolaygazetesi.com\/index.php?rest_route=%2Fwp%2Fv2%2Fmedia&parent=25906"}],"wp:term":[{"taxonomy":"category","embeddable":true,"href":"https:\/\/akdenizolaygazetesi.com\/index.php?rest_route=%2Fwp%2Fv2%2Fcategories&post=25906"},{"taxonomy":"post_tag","embeddable":true,"href":"https:\/\/akdenizolaygazetesi.com\/index.php?rest_route=%2Fwp%2Fv2%2Ftags&post=25906"}],"curies":[{"name":"wp","href":"https:\/\/api.w.org\/{rel}","templated":true}]}}