{"id":25912,"date":"2023-05-23T13:23:32","date_gmt":"2023-05-23T10:23:32","guid":{"rendered":"http:\/\/akdenizolaygazetesi.com\/?p=25912"},"modified":"2023-05-23T13:23:32","modified_gmt":"2023-05-23T10:23:32","slug":"akkuyu-ile-zenginlesen-silifke-cazibe-merkezi-oldu","status":"publish","type":"post","link":"https:\/\/akdenizolaygazetesi.com\/?p=25912","title":{"rendered":"AKKUYU \u0130LE ZENG\u0130NLE\u015eEN S\u0130L\u0130FKE, CAZ\u0130BE MERKEZ\u0130 OLDU"},"content":{"rendered":"<p>T\u00fcrkiye\u2019nin ilk n\u00fckleer santrali Akkuyu N\u00fckleer G\u00fc\u00e7 Santrali (NGS) sa\u011flad\u0131\u011f\u0131 ticari ve sosyal hareketlilik sayesinde Mersin b\u00f6lgesini adeta bir cazibe merkezi haline getirdi. D\u00fcnyan\u0131n en b\u00fcy\u00fck in\u015faat projelerinden biri olarak tan\u0131mlanan santral, y\u00fczde 80\u2019i T\u00fcrk olmak \u00fczere 25 bin ki\u015fiye istihdam yaratarak b\u00f6lgenin en b\u00fcy\u00fck i\u015fvereni konumunda.<br \/>\n\u0130n\u015faat\u0131n d\u00f6rt \u00fcnitesinde e\u015f zamanl\u0131 olarak s\u00fcrd\u00fc\u011f\u00fc projede, istihdam\u0131n y\u00fcksek olmas\u0131 ve i\u015f yapan firmalar\u0131n\u0131n say\u0131s\u0131n\u0131n 400\u2019\u00fc a\u015fmas\u0131 b\u00f6lgede ciddi bir ekonomik hareketlilik yarat\u0131rken, sahada \u00e7al\u0131\u015fanlar\u0131n ikamet etti\u011fi Silifke ve Ta\u015fucu b\u00f6lgelerindeki b\u00fcy\u00fck de\u011fi\u015fim de dikkat \u00e7ekici. Projeyle b\u00f6lgede artan n\u00fcfusa ba\u011fl\u0131 olarak zincir marketler, b\u00fcy\u00fck ma\u011fazalar, kafe ve restoranlar gibi pek \u00e7ok yeni i\u015f yerinin a\u00e7\u0131lmas\u0131 turizme de katk\u0131da bulunuyor. B\u00f6lgede oteller yaz ya da k\u0131\u015f fark\u0131 olmaks\u0131z\u0131n tam doluluk oran\u0131yla hizmet veriyor.<br \/>\nAkkuyu NGS in\u015faat\u0131n\u0131n ba\u015flad\u0131\u011f\u0131 d\u00f6nemden bu yana Silifke Ticaret Odas\u0131\u2019na kay\u0131tl\u0131 yakla\u015f\u0131k 500 yeni i\u015fletme faaliyete ge\u00e7ti. Santralin b\u00f6lgeye sa\u011flad\u0131\u011f\u0131 zenginli\u011fe yak\u0131ndan tan\u0131kl\u0131k ettiklerini kaydeden Silifke Ticaret Odas\u0131 Ba\u015fkan\u0131 Nurettin Kaynar, \u201cSilifke b\u00fcy\u00fcyor, geli\u015fiyor. Turizmden emlak sekt\u00f6r\u00fcne, tar\u0131mdan hayvanc\u0131l\u0131\u011fa, ula\u015f\u0131m sekt\u00f6r\u00fcnden hizmet sekt\u00f6r\u00fcne bu ya\u015fanan canl\u0131l\u0131\u011f\u0131 g\u00f6rebilirsiniz. Proje daha in\u015faat a\u015famas\u0131nda bile b\u00f6lgeye ekonomik olarak b\u00fcy\u00fck bir ivme kazand\u0131rd\u0131. Ticaret ve turizm potansiyelimiz y\u00fckseldi. Yeni i\u015f alanlar\u0131, al\u0131\u015fveri\u015f merkezleri, restoranlar, oteller a\u00e7\u0131l\u0131rken, b\u00f6lge yat\u0131r\u0131m a\u00e7\u0131s\u0131ndan da \u00e7ok daha cazip hale geldi. Santral in\u015faat\u0131 b\u00f6lgedeki istihdama katk\u0131da bulundu, i\u015f f\u0131rsat\u0131 \u00e7ok artt\u0131 hatta i\u015f g\u00fcc\u00fc ihtiyac\u0131 var. Emlak sekt\u00f6r\u00fcnde de hem sat\u0131\u015f hem de kiralama a\u00e7\u0131s\u0131ndan bak\u0131ld\u0131\u011f\u0131nda yerli ve yabanc\u0131 yat\u0131r\u0131mc\u0131 i\u00e7in son y\u0131llarda adeta bir \u00e7ekim merkezi olu\u015fturdu\u201d dedi.<br \/>\nTicari a\u00e7\u0131dan hi\u00e7 s\u0131k\u0131nt\u0131 ya\u015famad\u0131k<br \/>\nAkkuyu NGS\u2019de \u00e7al\u0131\u015fanlar\u0131n \u00f6nemli b\u00f6l\u00fcm\u00fcn\u00fcn G\u00fclnar, Ayd\u0131nc\u0131k ve Silifke\u2019den geldi\u011fini belirten Kaynar, \u201cN\u00fckleer g\u00fc\u00e7 santrali ile b\u00f6lgemize b\u00fcy\u00fck bir i\u015f g\u00fcc\u00fc ak\u0131m\u0131 oldu. Santralde g\u00f6rev alan 25 bine yak\u0131n istihdam bize b\u00fcy\u00fck bir ekonomik katma de\u011fer sa\u011flad\u0131. Firmalar\u0131m\u0131z\u0131n, b\u00f6lge i\u015fletmecilerimizin olumlu geli\u015fimini takip ediyoruz. Hizmet sekt\u00f6r\u00fc \u00e7ok geli\u015fti ve yan tedarik firmalar\u0131 olu\u015fmaya ba\u015flad\u0131. Silifke&#8217;de pandemiden bu yana ticari anlamda hi\u00e7bir s\u0131k\u0131nt\u0131 ya\u015famad\u0131k. S\u00fcrekli \u00fcretmeye, s\u00fcrekli \u00e7al\u0131\u015fmaya devam ediyoruz\u201d \u015feklinde konu\u015ftu.<br \/>\nProje sayesinde b\u00f6lgesel olarak pek \u00e7ok ilki ya\u015fad\u0131klar\u0131n\u0131 kaydeden Kaynar, \u015f\u00f6yle devam etti: \u201cT\u00fcrkiye&#8217;de bir ilk olan n\u00fckleer g\u00fc\u00e7 santraline ev sahipli\u011fi yapmaktan ve bu projenin b\u00f6lgemize kazand\u0131rd\u0131klar\u0131ndan mutluyuz. Proje buradaki firmalar\u0131m\u0131z\u0131n da kendini geli\u015ftirmesi, bu sekt\u00f6rde deneyim kazanmas\u0131 anlam\u0131nda \u00e7ok b\u00fcy\u00fck katk\u0131 sa\u011flad\u0131. Bundan sonra yeni projelerde, \u00f6rne\u011fin Sinop N\u00fckleer Santrali yap\u0131m a\u015famas\u0131nda, bu santralde deneyim kazanm\u0131\u015f, kendini yeti\u015ftirmi\u015f b\u00f6lge firmalar\u0131m\u0131z\u0131n yer alaca\u011f\u0131n\u0131 d\u00fc\u015f\u00fcn\u00fcyoruz.\u201d<\/p>\n<p>Akkuyu NGS\u2019nin d\u00f6rt \u00fcnitesinin de devreye al\u0131nmas\u0131n\u0131n ard\u0131ndan b\u00f6lgedeki tablonun \u00e7ok daha iyi olaca\u011f\u0131n\u0131 ifade eden Kaynar, \u201c\u0130n\u015faat a\u015famas\u0131nda bile \u00e7ok b\u00fcy\u00fck art\u0131lar\u0131n\u0131 g\u00f6rd\u00fck. Turizm anlam\u0131nda da \u00e7ok yeni tesisler yapmaya ba\u015flad\u0131k. Sadece yaz d\u00f6neminde turist ak\u0131n\u0131 olmuyor, yaz k\u0131\u015f doluluk oran\u0131m\u0131z neredeyse y\u00fczde 100. Bo\u015f yatak maalesef bulmak m\u00fcmk\u00fcn de\u011fil. Hem Akkuyu NGS\u2019nin katk\u0131lar\u0131 hem de konumu sayesinde Silifke\u2019nin art\u0131k kabu\u011funa s\u0131\u011famad\u0131\u011f\u0131n\u0131 d\u00fc\u015f\u00fcn\u00fcyorum. Ge\u00e7mi\u015fte de il merkezli\u011fi yapan il\u00e7emizin yeniden il olma zaman\u0131n\u0131n geldi\u011fine inan\u0131yorum\u201d diye konu\u015ftu.<br \/>\nTar\u0131ma da bereket geldi<br \/>\nMersin\u2019in ya\u015f meyve sebze ihracat\u0131nda T\u00fcrkiye birincisi oldu\u011funu hat\u0131rlatan Kaynar, b\u00f6lge ihracat\u0131n\u0131n neredeyse 30-40 ili geride b\u0131rakan bir potansiyele ula\u015ft\u0131\u011f\u0131n\u0131, Silifke\u2019nin de bu ihracatta \u00e7ok ciddi bir pay\u0131 oldu\u011funu s\u00f6yledi. Kaynar\u2019a g\u00f6re Akkuyu NGS, b\u00f6lgedeki \u00e7ift\u00e7iyi de mutlu etti. \u201cTar\u0131msal \u00fcretim anlam\u0131nda \u00e7ok g\u00fczel bir ivme yakalad\u0131k\u201d diyen Kaynar, \u015funlar\u0131 s\u00f6yledi: \u201cLimonumuzla, \u00e7ile\u011fimizle, muzumuzla ve kay\u0131s\u0131m\u0131zla ihracatta ve i\u00e7 t\u00fcketimde rekor k\u0131r\u0131yoruz. T\u00fcrkiye\u2019deki \u00e7ilek \u00fcretiminin y\u00fczde 40\u2019\u0131n\u0131, ihracat\u0131n\u0131n da y\u00fczde 60\u2019\u0131n\u0131 biz kar\u015f\u0131l\u0131yoruz. Tescilli Silifke \u00e7ile\u011fimizi hem Rusya\u2019ya hem de d\u00fcnyaya ihra\u00e7 ediyoruz. Silifke \u00f6zelinde santral sayesinde sebze ve meyvede inan\u0131lmaz bir t\u00fcketim de olu\u015ftu. Projede \u00e7al\u0131\u015fanlar\u0131n geli\u015fiyle b\u00f6lgedeki t\u00fcketim artt\u0131. Silifke tar\u0131m\u0131na, \u00e7ift\u00e7isine b\u00fcy\u00fck katk\u0131 sunuyorlar. Tar\u0131ma da bereket geldi.\u201d<br \/>\nDaha g\u00fcvenli ve uygun maliyetli bir enerji<br \/>\nAkkuyu NGS\u2019nin T\u00fcrkiye\u2019nin elektrik ihtiyac\u0131n\u0131n yakla\u015f\u0131k y\u00fczde 10&#8217;unu kar\u015f\u0131layaca\u011f\u0131na dikkat \u00e7eken Kaynar, santralin \u00fclke ekonomisine katk\u0131s\u0131n\u0131 da \u015f\u00f6yle anlatt\u0131: \u201cAkkuyu NGS \u00fclkemize tek seferde yap\u0131lan en b\u00fcy\u00fck yat\u0131r\u0131m. Bu projenin yerelle\u015ftirme potansiyeli yakla\u015f\u0131k 6,5 milyar civar\u0131nda. B\u00f6lge firmalar\u0131m\u0131z da dahil olmak \u00fczere 400\u2019e yak\u0131n firma bu projenin tedarik zincirinde yer al\u0131yor. Bu m\u00fcthi\u015f bir deneyim. N\u00fckleer g\u00fc\u00e7 santralimiz devreye girdi\u011fi zaman hem enerji arz\u0131n\u0131n g\u00fcvenli\u011fini sa\u011flayaca\u011f\u0131z hem de uygun maliyetle enerjiye sahip olaca\u011f\u0131z.  Art\u0131k d\u00fcnyayla rekabet eder duruma gelece\u011fiz. N\u00fckleer end\u00fcstride deneyim kazanmak bize daha y\u00fcksek standartlarda \u00fcr\u00fcn \u00fcretme veya hizmet sunma f\u0131rsat\u0131 veriyor \u00e7\u00fcnk\u00fc n\u00fckleer end\u00fcstrinin standartlar\u0131 son derece y\u00fcksek. Bu deneyim sayesinde uluslararas\u0131 pazara girmek i\u00e7in ihtiya\u00e7 duydu\u011fumuz rekabet g\u00fcc\u00fcn\u00fc elde ediyoruz. \u00dcr\u00fcnlerin kalitesi ve standartlar ne kadar y\u00fcksek olursa, \u00fcr\u00fcn\u00fcm\u00fcz k\u00fcresel pazarda o kadar iyi olur. Tabii biz de Akkuyu NGS\u2019nin devreye girmesiyle daha ucuz enerjiyle, daha ucuz maliyetlerle piyasalarda yerimizi alaca\u011f\u0131z ve d\u00fcnya pazarlar\u0131nda art\u0131k s\u00f6z sahibi olaca\u011f\u0131z.\u201d <\/p>\n","protected":false},"excerpt":{"rendered":"<p>T\u00fcrkiye\u2019nin ilk n\u00fckleer santrali Akkuyu N\u00fckleer G\u00fc\u00e7 Santrali (NGS) sa\u011flad\u0131\u011f\u0131 ticari ve sosyal hareketlilik sayesinde Mersin b\u00f6lgesini adeta bir cazibe merkezi haline getirdi. D\u00fcnyan\u0131n en b\u00fcy\u00fck in\u015faat projelerinden biri olarak &hellip; <a href=\"https:\/\/akdenizolaygazetesi.com\/?p=25912\" class=\"more-link\">Devam\u0131n\u0131 Oku&#8230;<\/a><\/p>\n","protected":false},"author":2,"featured_media":25913,"comment_status":"open","ping_status":"open","sticky":false,"template":"","format":"standard","meta":[],"categories":[1,2,3,11],"tags":[],"_links":{"self":[{"href":"https:\/\/akdenizolaygazetesi.com\/index.php?rest_route=\/wp\/v2\/posts\/25912"}],"collection":[{"href":"https:\/\/akdenizolaygazetesi.com\/index.php?rest_route=\/wp\/v2\/posts"}],"about":[{"href":"https:\/\/akdenizolaygazetesi.com\/index.php?rest_route=\/wp\/v2\/types\/post"}],"author":[{"embeddable":true,"href":"https:\/\/akdenizolaygazetesi.com\/index.php?rest_route=\/wp\/v2\/users\/2"}],"replies":[{"embeddable":true,"href":"https:\/\/akdenizolaygazetesi.com\/index.php?rest_route=%2Fwp%2Fv2%2Fcomments&post=25912"}],"version-history":[{"count":1,"href":"https:\/\/akdenizolaygazetesi.com\/index.php?rest_route=\/wp\/v2\/posts\/25912\/revisions"}],"predecessor-version":[{"id":25914,"href":"https:\/\/akdenizolaygazetesi.com\/index.php?rest_route=\/wp\/v2\/posts\/25912\/revisions\/25914"}],"wp:featuredmedia":[{"embeddable":true,"href":"https:\/\/akdenizolaygazetesi.com\/index.php?rest_route=\/wp\/v2\/media\/25913"}],"wp:attachment":[{"href":"https:\/\/akdenizolaygazetesi.com\/index.php?rest_route=%2Fwp%2Fv2%2Fmedia&parent=25912"}],"wp:term":[{"taxonomy":"category","embeddable":true,"href":"https:\/\/akdenizolaygazetesi.com\/index.php?rest_route=%2Fwp%2Fv2%2Fcategories&post=25912"},{"taxonomy":"post_tag","embeddable":true,"href":"https:\/\/akdenizolaygazetesi.com\/index.php?rest_route=%2Fwp%2Fv2%2Ftags&post=25912"}],"curies":[{"name":"wp","href":"https:\/\/api.w.org\/{rel}","templated":true}]}}