{"id":25927,"date":"2023-05-23T17:23:03","date_gmt":"2023-05-23T14:23:03","guid":{"rendered":"http:\/\/akdenizolaygazetesi.com\/?p=25927"},"modified":"2023-05-23T17:23:03","modified_gmt":"2023-05-23T14:23:03","slug":"ihtiyac-duyan-her-mahalleye-mudahale-ediyor","status":"publish","type":"post","link":"https:\/\/akdenizolaygazetesi.com\/?p=25927","title":{"rendered":"\u0130htiya\u00e7 duyan her mahalleye m\u00fcdahale ediyor"},"content":{"rendered":"<p>Akdeniz Belediye Ba\u015fkan\u0131 M. Mustafa G\u00fcltak, beraberinde Hazine Maliye Bakan\u0131 ve Mersin Milletvekili Do\u00e7. Dr. Nureddin Nebati, Vali Ali Hamza Pehlivan ve Akdeniz Kaymakam\u0131 Zeyit \u015eener ile birlikte, kenti vuran sa\u011fanak ya\u011f\u0131\u015f sonucu ev, i\u015fyeri ve tar\u0131m arazilerini su basan vatanda\u015flarla bir araya geldi, ekiplerin \u00e7al\u0131\u015fmalar\u0131n\u0131 yerinde inceleyip denetledi.<br \/>\nAkdeniz Belediyesi, gece saatlerinde etkili olan ve kentin bir\u00e7ok noktas\u0131nda hayat\u0131 olumsuz etkileyen sa\u011fanak ya\u011fmurlar nedeniyle zor anlar ya\u015fayan, ev ve i\u015fyerlerini su basan vatanda\u015flar ile esnaf\u0131n yard\u0131m\u0131na ko\u015ftu. Ekipler; bir\u00e7ok ev, i\u015fyeri ve tar\u0131m arazisinde i\u015f makineleri ve motopomplar yard\u0131m\u0131yla ya\u011fmur suyu tahliyesi yaparken, bal\u00e7\u0131k dolan sokaklar, park ve ye\u015fil alanlar\u0131 da kep\u00e7eler yard\u0131m\u0131yla \u00f6nce kaz\u0131y\u0131p, ard\u0131ndan da araz\u00f6zler deste\u011fiyle tazyikli suyla y\u0131kay\u0131p temizledi.<br \/>\n\u0130htiya\u00e7 duyan her mahalleye m\u00fcdahale ediyor<br \/>\nAkdeniz Belediyesi\u2019ne ba\u011fl\u0131 Fen \u0130\u015fleri ile Park ve Bah\u00e7eler M\u00fcd\u00fcrl\u00fc\u011f\u00fc ekipleri, a\u015f\u0131r\u0131 ya\u011f\u0131\u015ftan etkilenen b\u00f6lgeler i\u00e7in teyakkuza ge\u00e7ti. Akdeniz Belediyesi Ba\u015fkan Yard\u0131mc\u0131s\u0131 Mustafa Arslan\u2019\u0131n da bizzat kat\u0131ld\u0131\u011f\u0131 \u00e7al\u0131\u015fmalarda ekipler, gelen taleplere m\u00fcdahale ederek su basan ev ve i\u015fyerlerinde motopomplar yard\u0131m\u0131yla su tahliye \u00e7al\u0131\u015fmas\u0131 yapt\u0131, yer yer t\u0131kanan su kanallar\u0131 ile kanalizasyon giderlerini a\u00e7t\u0131.<br \/>\nM\u00fcfide \u0130lhan ve G\u00fcndo\u011fdu mahallelerinde su basan bir\u00e7ok sokak ve evlerde su tahliye \u00e7al\u0131\u015fmas\u0131 yapan ekipler,  yo\u011fun ya\u011f\u0131\u015flar sonucu kanalizasyon at\u0131k sular\u0131 ile \u00e7amura maruz kalan yol ve sokaklarda, araz\u00f6z yard\u0131m\u0131yla temizlik ve y\u0131kama \u00e7al\u0131\u015fmas\u0131 ger\u00e7ekle\u015ftirdi. \u00d6te yandan, Huzurkent, Gazi, Anadolu ve Nacarl\u0131 gibi k\u0131rsal mahallelerde de tar\u0131m arazilerini ve seralar\u0131 su basarken, tren yollar\u0131nda olu\u015fan bal\u00e7\u0131k ve \u00e7amur deryas\u0131 da b\u00f6lge sakinlerine g\u00fc\u00e7 anlar ya\u015fatt\u0131. Ekipler, Abdullah \u015eahuto\u011flu Mahallesi\u2019nde de t\u0131kanan kanal a\u011f\u0131zlar\u0131n\u0131 temizleyip, sel sular\u0131n\u0131n tahliye \u00e7al\u0131\u015fmas\u0131n\u0131 yapt\u0131.<br \/>\n\u201cVatanda\u015flar\u0131m\u0131z\u0131 yaln\u0131z b\u0131rakm\u0131yoruz, yaralar\u0131m\u0131z\u0131 birlikte sar\u0131yoruz\u201d<br \/>\nAkdeniz Belediye Ba\u015fkan\u0131 M. Mustafa G\u00fcltak, gece saatlerinde ya\u015fanan sa\u011fanak ya\u011f\u0131\u015flardan etkilenen vatanda\u015flara ge\u00e7mi\u015f olsun dileklerini iletti, fen i\u015fleri, park bah\u00e7eler ve \u00e7evre koruma ekiplerinin gelen \u00e7a\u011fr\u0131lara en k\u0131sa s\u00fcrede m\u00fcdahale etti\u011fini s\u00f6yledi. Su tahliye ve temizlik \u00e7al\u0131\u015fmalar\u0131n\u0131 yerinde inceleyen Ba\u015fkan G\u00fcltak; \u201cD\u00fcn ak\u015fam bir\u00e7ok mahallemizi etkileyen a\u015f\u0131r\u0131 ya\u011f\u0131\u015flar sonucu, baz\u0131 vatanda\u015flar\u0131m\u0131z\u0131n ev ve i\u015fyerlerini su bast\u0131. Bir\u00e7ok yol, sokak, park ve ye\u015fil alan da maalesef \u00e7amur ve bal\u00e7\u0131\u011fa teslim oldu. Tar\u0131m arazileri, seralar sular alt\u0131nda kald\u0131. T\u00fcm ekiplerimiz derhal sahaya inerek yard\u0131ma ihtiyac\u0131 olan insanlar\u0131m\u0131za ula\u015f\u0131p bir yandan su tahliyesi, di\u011fer yandan ya\u011fmur sular\u0131na maruz kalan ev, avlu ve sokaklarda y\u0131kama \u00e7al\u0131\u015fmas\u0131 yap\u0131yor. Ya\u011f\u0131\u015flardan etkilenen vatanda\u015flar\u0131m\u0131z\u0131 yaln\u0131z b\u0131rakm\u0131yoruz, yaralar\u0131m\u0131z\u0131 birlikte sar\u0131yoruz. Tabi bu t\u00fcr ya\u011f\u0131\u015flarda b\u00f6ylesi b\u00fcy\u00fck s\u0131k\u0131nt\u0131lar\u0131 yeniden ya\u015famamak, insanlar\u0131m\u0131z\u0131n ma\u011fdur olmamas\u0131 i\u00e7in altyap\u0131 sistemindeki eksiklikler en k\u0131sa s\u00fcrede giderilmelidir\u201d \u015feklinde konu\u015ftu.<\/p>\n","protected":false},"excerpt":{"rendered":"<p>Akdeniz Belediye Ba\u015fkan\u0131 M. Mustafa G\u00fcltak, beraberinde Hazine Maliye Bakan\u0131 ve Mersin Milletvekili Do\u00e7. Dr. Nureddin Nebati, Vali Ali Hamza Pehlivan ve Akdeniz Kaymakam\u0131 Zeyit \u015eener ile birlikte, kenti vuran &hellip; <a href=\"https:\/\/akdenizolaygazetesi.com\/?p=25927\" class=\"more-link\">Devam\u0131n\u0131 Oku&#8230;<\/a><\/p>\n","protected":false},"author":2,"featured_media":25928,"comment_status":"open","ping_status":"open","sticky":false,"template":"","format":"standard","meta":[],"categories":[34,1,2,3],"tags":[],"_links":{"self":[{"href":"https:\/\/akdenizolaygazetesi.com\/index.php?rest_route=\/wp\/v2\/posts\/25927"}],"collection":[{"href":"https:\/\/akdenizolaygazetesi.com\/index.php?rest_route=\/wp\/v2\/posts"}],"about":[{"href":"https:\/\/akdenizolaygazetesi.com\/index.php?rest_route=\/wp\/v2\/types\/post"}],"author":[{"embeddable":true,"href":"https:\/\/akdenizolaygazetesi.com\/index.php?rest_route=\/wp\/v2\/users\/2"}],"replies":[{"embeddable":true,"href":"https:\/\/akdenizolaygazetesi.com\/index.php?rest_route=%2Fwp%2Fv2%2Fcomments&post=25927"}],"version-history":[{"count":1,"href":"https:\/\/akdenizolaygazetesi.com\/index.php?rest_route=\/wp\/v2\/posts\/25927\/revisions"}],"predecessor-version":[{"id":25929,"href":"https:\/\/akdenizolaygazetesi.com\/index.php?rest_route=\/wp\/v2\/posts\/25927\/revisions\/25929"}],"wp:featuredmedia":[{"embeddable":true,"href":"https:\/\/akdenizolaygazetesi.com\/index.php?rest_route=\/wp\/v2\/media\/25928"}],"wp:attachment":[{"href":"https:\/\/akdenizolaygazetesi.com\/index.php?rest_route=%2Fwp%2Fv2%2Fmedia&parent=25927"}],"wp:term":[{"taxonomy":"category","embeddable":true,"href":"https:\/\/akdenizolaygazetesi.com\/index.php?rest_route=%2Fwp%2Fv2%2Fcategories&post=25927"},{"taxonomy":"post_tag","embeddable":true,"href":"https:\/\/akdenizolaygazetesi.com\/index.php?rest_route=%2Fwp%2Fv2%2Ftags&post=25927"}],"curies":[{"name":"wp","href":"https:\/\/api.w.org\/{rel}","templated":true}]}}