{"id":25930,"date":"2023-05-23T17:24:21","date_gmt":"2023-05-23T14:24:21","guid":{"rendered":"http:\/\/akdenizolaygazetesi.com\/?p=25930"},"modified":"2023-05-23T17:24:21","modified_gmt":"2023-05-23T14:24:21","slug":"baskan-yilmaz-bakan-nebati-ve-kent-protokoluyle-birlikte-selden-etkilenen-vatandaslari-ziyaret-etti","status":"publish","type":"post","link":"https:\/\/akdenizolaygazetesi.com\/?p=25930","title":{"rendered":"BA\u015eKAN YILMAZ, BAKAN NEBAT\u0130 ve KENT PROTOKOL\u00dcYLE B\u0130RL\u0130KTE SELDEN ETK\u0130LENEN VATANDA\u015eLARI Z\u0130YARET ETT\u0130"},"content":{"rendered":"<p>Toroslar Belediye Ba\u015fkan\u0131 Ats\u0131z Af\u015f\u0131n Y\u0131lmaz, Hazine ve Maliye Bakan\u0131 Nureddin Nebati, Mersin Valisi Ali Hamza Pehlivan, Toroslar Kaymakam\u0131 \u0130brahim \u00c7enet ile birlikte sel felaketinden etkilenen vatanda\u015flar\u0131 ziyaret ederek, ge\u00e7mi\u015f olsun dileklerini iletti.<\/p>\n<p>Selden etkilenen yerlerden Sel\u00e7uklar ve Tozkoparan Mahalleleri&#8217;nde incelemeler yap\u0131larak, esnaf ve vatanda\u015flarla bir araya gelinen ziyaretlerde, yaralar\u0131n bir an \u00f6nce sar\u0131lmas\u0131 i\u00e7in \u00e7al\u0131\u015fmalar\u0131n aral\u0131ks\u0131z s\u00fcrd\u00fcr\u00fcld\u00fc\u011f\u00fc belirtildi.<\/p>\n<p>Ziyaretlere, AK Parti Toroslar \u0130l\u00e7e Ba\u015fkan\u0131 Bekir Top\u00e7u ve MHP Toroslar \u0130l\u00e7e Ba\u015fkan\u0131 H\u00fcsn\u00fc Do\u011fan da e\u015flik etti.<\/p>\n<p> &#8220;HER T\u00dcRL\u00dc TEDB\u0130R\u0130 ALDIK&#8221;<\/p>\n<p>Mersin&#8217;de gece saatlerinde ba\u015flayan sa\u011fanak ya\u011fmur etkili oldu. Toroslar Belediyesinin Acil Durum Afet Ekibi, sabah\u0131n erken saatlerine kadar teyakkuz halinde \u00e7al\u0131\u015ft\u0131.<\/p>\n<p>\u0130hbarlar\u0131 an\u0131nda de\u011ferlendiren ekipler, \u015fiddetli ya\u011f\u0131\u015ftan kaynakl\u0131 ya\u015fanan olumsuzluklara an\u0131nda m\u00fcdahale etti, vatanda\u015flar\u0131n imdad\u0131na yeti\u015fti.<\/p>\n<p>Baz\u0131 noktalarda olu\u015fan su ta\u015fk\u0131nlar\u0131na kar\u015f\u0131 i\u015f makineleriyle h\u0131zl\u0131 bir \u015fekilde m\u00fcdahale eden ekipler; il\u00e7e genelindeki su giderlerini temizledi, ev ve i\u015f yerlerinde su tahliyesi yapt\u0131<\/p>\n<p>Toroslar Belediye Ba\u015fkan\u0131 Ats\u0131z Af\u015f\u0131n Y\u0131lmaz da sa\u011fanak ya\u011f\u0131\u015f s\u0131ras\u0131 ve sonras\u0131 vatanda\u015flar\u0131n olumsuzluk ya\u015famamas\u0131 i\u00e7in her t\u00fcrl\u00fc tedbiri ald\u0131klar\u0131n\u0131 belirterek, Acil Durum Afet Ekiplerinin koordineli bir \u015fekilde \u00e7al\u0131\u015ft\u0131\u011f\u0131n\u0131 s\u00f6yledi.<\/p>\n<p>Sel felaketinden etkilenen mahallelerde yapt\u0131\u011f\u0131 ziyaretlerde vatanda\u015flarla bir araya gelerek Acil Durum Afet ekiplerinden bilgiler alan Ba\u015fkan Y\u0131lmaz, Meteorolojiden gelen uyar\u0131 \u00fczerine teyakkuza ge\u00e7tiklerini kaydederek; &#8220;\u00d6ncelikle selden etkilenen t\u00fcm hem\u015fehrilerimize ge\u00e7mi\u015f olsun dileklerimi iletiyorum. Kentimizde d\u00fcn gece saatlerinden itibaren etkisini g\u00f6steren \u015fiddetli ya\u011f\u0131\u015ftan dolay\u0131 meydana gelen olumsuzluklara ekiplerimiz an\u0131nda m\u00fcdahale ederek sorunlar\u0131n b\u00fcy\u00fcmesine engel oldu. Sa\u011fanak ya\u011f\u0131\u015f\u0131n ard\u0131ndan Say\u0131n Bakan\u0131m\u0131z Nureddin Nebati, Valimiz Ali Hamza Pehlivan ve kent protokol\u00fcm\u00fcz ile birlikte selden etkilenen vatanda\u015flar\u0131m\u0131z\u0131 ziyaret ederek, yanlar\u0131nda olduk. Gerekli t\u00fcm \u00f6nlemleri ald\u0131k. Yaralar\u0131n bir an \u00f6nce sar\u0131lmas\u0131 i\u00e7in \u00e7al\u0131\u015fmalar\u0131m\u0131z\u0131 aral\u0131ks\u0131z s\u00fcrd\u00fcr\u00fcyoruz&#8221; diye konu\u015ftu.<\/p>\n<p>Toroslar Belediyesi Acil Durum Afet ekiplerinin 7\/24 g\u00f6rev ba\u015f\u0131nda oldu\u011funu belirten Ba\u015fkan Y\u0131lmaz, herhangi bir olumsuzlukla kar\u015f\u0131la\u015fan vatanda\u015flar\u0131n belediyenin 0324 322 72 00 numaral\u0131 telefonunu arayabileceklerini s\u00f6yledi<\/p>\n","protected":false},"excerpt":{"rendered":"<p>Toroslar Belediye Ba\u015fkan\u0131 Ats\u0131z Af\u015f\u0131n Y\u0131lmaz, Hazine ve Maliye Bakan\u0131 Nureddin Nebati, Mersin Valisi Ali Hamza Pehlivan, Toroslar Kaymakam\u0131 \u0130brahim \u00c7enet ile birlikte sel felaketinden etkilenen vatanda\u015flar\u0131 ziyaret ederek, ge\u00e7mi\u015f &hellip; <a href=\"https:\/\/akdenizolaygazetesi.com\/?p=25930\" class=\"more-link\">Devam\u0131n\u0131 Oku&#8230;<\/a><\/p>\n","protected":false},"author":2,"featured_media":25931,"comment_status":"open","ping_status":"open","sticky":false,"template":"","format":"standard","meta":[],"categories":[34,2,3,5],"tags":[],"_links":{"self":[{"href":"https:\/\/akdenizolaygazetesi.com\/index.php?rest_route=\/wp\/v2\/posts\/25930"}],"collection":[{"href":"https:\/\/akdenizolaygazetesi.com\/index.php?rest_route=\/wp\/v2\/posts"}],"about":[{"href":"https:\/\/akdenizolaygazetesi.com\/index.php?rest_route=\/wp\/v2\/types\/post"}],"author":[{"embeddable":true,"href":"https:\/\/akdenizolaygazetesi.com\/index.php?rest_route=\/wp\/v2\/users\/2"}],"replies":[{"embeddable":true,"href":"https:\/\/akdenizolaygazetesi.com\/index.php?rest_route=%2Fwp%2Fv2%2Fcomments&post=25930"}],"version-history":[{"count":1,"href":"https:\/\/akdenizolaygazetesi.com\/index.php?rest_route=\/wp\/v2\/posts\/25930\/revisions"}],"predecessor-version":[{"id":25932,"href":"https:\/\/akdenizolaygazetesi.com\/index.php?rest_route=\/wp\/v2\/posts\/25930\/revisions\/25932"}],"wp:featuredmedia":[{"embeddable":true,"href":"https:\/\/akdenizolaygazetesi.com\/index.php?rest_route=\/wp\/v2\/media\/25931"}],"wp:attachment":[{"href":"https:\/\/akdenizolaygazetesi.com\/index.php?rest_route=%2Fwp%2Fv2%2Fmedia&parent=25930"}],"wp:term":[{"taxonomy":"category","embeddable":true,"href":"https:\/\/akdenizolaygazetesi.com\/index.php?rest_route=%2Fwp%2Fv2%2Fcategories&post=25930"},{"taxonomy":"post_tag","embeddable":true,"href":"https:\/\/akdenizolaygazetesi.com\/index.php?rest_route=%2Fwp%2Fv2%2Ftags&post=25930"}],"curies":[{"name":"wp","href":"https:\/\/api.w.org\/{rel}","templated":true}]}}