{"id":25936,"date":"2023-05-24T12:37:54","date_gmt":"2023-05-24T09:37:54","guid":{"rendered":"http:\/\/akdenizolaygazetesi.com\/?p=25936"},"modified":"2023-05-24T12:37:54","modified_gmt":"2023-05-24T09:37:54","slug":"secerden-28-mayista-sandiga-gitme-cagrisi","status":"publish","type":"post","link":"https:\/\/akdenizolaygazetesi.com\/?p=25936","title":{"rendered":"SE\u00c7ER&#8217;DEN 28 MAYIS&#8217;TA SANDI\u011eA G\u0130TME \u00c7A\u011eRISI"},"content":{"rendered":"<p>Mersin B\u00fcy\u00fck\u015fehir Belediye Ba\u015fkan\u0131 Vahap Se\u00e7er, Yeni\u015fehir \u0130l\u00e7esi E\u011fri\u00e7am pazar yerinde esnaf ziyareti yap\u0131p, vatanda\u015flarla bir araya geldi ve 28 May\u0131s&#8217;tan ger\u00e7ekle\u015ftirilecek olan Cumhurba\u015fkanl\u0131\u011f\u0131 se\u00e7imi 2. Turu i\u00e7in sand\u0131\u011fa gitme \u00e7a\u011fr\u0131s\u0131nda bulundu.<\/p>\n<p>Mersin B\u00fcy\u00fck\u015fehir Belediye Ba\u015fkan\u0131 Vahap Se\u00e7er&#8217;e pazar ziyaretinde Cumhuriyet Halk Partisi (CHP) Yeni\u015fehir \u0130l\u00e7e Ba\u015fkan\u0131 Tayar Tahiro\u011flu, Yeni\u015fehir Belediye Meclis \u00fcyeleri, E\u011fri\u00e7am Mahalle Muhtar\u0131 \u0130brahim \u00dcnel ile Akkent Mahalle Muhtar\u0131 Zakir O\u011fultekin e\u015flik etti.<\/p>\n<p>&#8220;Sand\u0131\u011fa gidelim, oylar\u0131m\u0131z\u0131 kullanal\u0131m&#8221;<br \/>\nMersin B\u00fcy\u00fck\u015fehir Belediye Ba\u015fkan\u0131 Vahap Se\u00e7er&#8217;e pazar yerinde yo\u011fun ilgi ve sevgi vard\u0131. Pazar giri\u015finde alk\u0131\u015flarla kar\u015f\u0131lanan Ba\u015fkan Se\u00e7er, 7&#8217;den 70&#8217;e herkesle selamla\u015farak, vatanda\u015flarla foto\u011fraf \u00e7ektirdi. Yurtta\u015flara &#8220;\u0130yi al\u0131\u015fveri\u015fler&#8221; esnafa da &#8220;Hay\u0131rl\u0131 \u0130\u015fler&#8221; dile\u011finde bulunan Se\u00e7er, &#8220;Pazar g\u00fcn\u00fc Kemal K\u0131l\u0131\u00e7daro\u011flu&#8217;nu se\u00e7elim. Sand\u0131\u011fa gidelim, oylar\u0131m\u0131z\u0131 kullanal\u0131m. Bir vatanda\u015fl\u0131k g\u00f6revi&#8221; dedi.<\/p>\n<p>Ba\u015fkan Se\u00e7er&#8217;i kar\u015f\u0131s\u0131nda g\u00f6ren vatanda\u015flar, &#8220;Allah size g\u00fc\u00e7, kuvvet ve sa\u011fl\u0131k versin&#8221; dile\u011finde bulunurken, Se\u00e7er de pazar g\u00fcn\u00fc yap\u0131lacak olan se\u00e7imlerde 13. Cumhurba\u015fkan\u0131 Aday\u0131 Kemal K\u0131l\u0131\u00e7daro\u011flu&#8217;na destek istedi. Esnaf ve vatanda\u015fla ekonomi ve pazar fiyatlar\u0131 hakk\u0131nda sohbet eden Se\u00e7er&#8217;e pazarc\u0131 esnaf\u0131 &#8220;Her \u015fey g\u00fczel olacak. En b\u00fcy\u00fck Vahap Se\u00e7er&#8221; dedi.<\/p>\n<p>&#8220;K\u0131l\u0131\u00e7daro\u011flu&#8217;nu se\u00e7elim, ucuzluk getirsin&#8221;<br \/>\nVatanda\u015flar\u0131n &#8220;Pazar bo\u015f, her \u015fey pahal\u0131, alma g\u00fcc\u00fc yok&#8221; demeleri \u00fczerine ise Se\u00e7er, pazar g\u00fcn\u00fc sand\u0131\u011fa giderek oy vermelerini s\u00f6yledi. Bir vatanda\u015f\u0131n &#8220;Art\u0131k yeter. Hi\u00e7bir \u015fey alam\u0131yoruz. Gen\u00e7lerimiz art\u0131k ya\u015fland\u0131&#8221; diyerek hayat pahal\u0131l\u0131\u011f\u0131ndan \u015fikayet etmesi \u00fczerine ise Ba\u015fkan Se\u00e7er, &#8220;D\u00fczelecek. Hayat pahal\u0131. Hayat\u0131 pahaland\u0131ranlar\u0131 g\u00f6ndermek laz\u0131m. Pazar g\u00fcn\u00fc Kemal K\u0131l\u0131\u00e7daro\u011flu&#8217;nu se\u00e7elim. Ucuzluk getirsin&#8221; ifadelerini kulland\u0131.<\/p>\n","protected":false},"excerpt":{"rendered":"<p>Mersin B\u00fcy\u00fck\u015fehir Belediye Ba\u015fkan\u0131 Vahap Se\u00e7er, Yeni\u015fehir \u0130l\u00e7esi E\u011fri\u00e7am pazar yerinde esnaf ziyareti yap\u0131p, vatanda\u015flarla bir araya geldi ve 28 May\u0131s&#8217;tan ger\u00e7ekle\u015ftirilecek olan Cumhurba\u015fkanl\u0131\u011f\u0131 se\u00e7imi 2. Turu i\u00e7in sand\u0131\u011fa gitme &hellip; <a href=\"https:\/\/akdenizolaygazetesi.com\/?p=25936\" class=\"more-link\">Devam\u0131n\u0131 Oku&#8230;<\/a><\/p>\n","protected":false},"author":2,"featured_media":25937,"comment_status":"open","ping_status":"open","sticky":false,"template":"","format":"standard","meta":[],"categories":[2,3],"tags":[],"_links":{"self":[{"href":"https:\/\/akdenizolaygazetesi.com\/index.php?rest_route=\/wp\/v2\/posts\/25936"}],"collection":[{"href":"https:\/\/akdenizolaygazetesi.com\/index.php?rest_route=\/wp\/v2\/posts"}],"about":[{"href":"https:\/\/akdenizolaygazetesi.com\/index.php?rest_route=\/wp\/v2\/types\/post"}],"author":[{"embeddable":true,"href":"https:\/\/akdenizolaygazetesi.com\/index.php?rest_route=\/wp\/v2\/users\/2"}],"replies":[{"embeddable":true,"href":"https:\/\/akdenizolaygazetesi.com\/index.php?rest_route=%2Fwp%2Fv2%2Fcomments&post=25936"}],"version-history":[{"count":1,"href":"https:\/\/akdenizolaygazetesi.com\/index.php?rest_route=\/wp\/v2\/posts\/25936\/revisions"}],"predecessor-version":[{"id":25938,"href":"https:\/\/akdenizolaygazetesi.com\/index.php?rest_route=\/wp\/v2\/posts\/25936\/revisions\/25938"}],"wp:featuredmedia":[{"embeddable":true,"href":"https:\/\/akdenizolaygazetesi.com\/index.php?rest_route=\/wp\/v2\/media\/25937"}],"wp:attachment":[{"href":"https:\/\/akdenizolaygazetesi.com\/index.php?rest_route=%2Fwp%2Fv2%2Fmedia&parent=25936"}],"wp:term":[{"taxonomy":"category","embeddable":true,"href":"https:\/\/akdenizolaygazetesi.com\/index.php?rest_route=%2Fwp%2Fv2%2Fcategories&post=25936"},{"taxonomy":"post_tag","embeddable":true,"href":"https:\/\/akdenizolaygazetesi.com\/index.php?rest_route=%2Fwp%2Fv2%2Ftags&post=25936"}],"curies":[{"name":"wp","href":"https:\/\/api.w.org\/{rel}","templated":true}]}}