{"id":25954,"date":"2023-05-24T12:53:28","date_gmt":"2023-05-24T09:53:28","guid":{"rendered":"http:\/\/akdenizolaygazetesi.com\/?p=25954"},"modified":"2023-05-24T12:53:28","modified_gmt":"2023-05-24T09:53:28","slug":"hazine-ve-maliye-bakani-nebatinin-talimatiyla-mersinli-afetzedelerin-hesabina-10-bin-tl-destek-yatirildi","status":"publish","type":"post","link":"https:\/\/akdenizolaygazetesi.com\/?p=25954","title":{"rendered":"Hazine ve Maliye Bakan\u0131 Nebati\u2019nin talimat\u0131yla, Mersinli afetzedelerin hesab\u0131na 10 bin TL destek yat\u0131r\u0131ld\u0131"},"content":{"rendered":"<p>Hazine ve Maliye Bakan\u0131 Do\u00e7. Dr. Nureddin Nebati, kentte etkili olan sa\u011fanak ya\u011f\u0131\u015flar ve su bask\u0131nlar\u0131 sonucu evleri ve e\u015fyalar\u0131 zarar g\u00f6ren Mersinli vatanda\u015flar\u0131n banka hesaplar\u0131na 10 bin TL nakdi destek yat\u0131r\u0131ld\u0131\u011f\u0131n\u0131 a\u00e7\u0131klad\u0131. Akdeniz Belediye Ba\u015fkan\u0131 G\u00fcltak da yapt\u0131\u011f\u0131 a\u00e7\u0131klamada, hassasiyeti ve afetzede vatanda\u015falar sa\u011flad\u0131\u011f\u0131 destek dolay\u0131s\u0131yla Mersinliler ad\u0131na Bakan Nebati\u2019ye te\u015fekk\u00fcr etti.<br \/>\nMersin\u2019de, \u00f6nceki gece meydana gelen sa\u011fanak ya\u011fmurun yaratt\u0131\u011f\u0131 zarar\u0131n yaralar\u0131 sar\u0131l\u0131yor. Akdeniz Belediye Ba\u015fkan\u0131 M. Mustafa G\u00fcltak, beraberinde Hazine Maliye Bakan\u0131 Do\u00e7. Dr. Nureddin Nebati, Mersin Valisi Ali Hamza Pehlivan ve Akdeniz Kaymakam\u0131 Zeyit \u015eener ile birlikte sa\u011fanak ya\u011f\u0131\u015flar\u0131n vurdu\u011fu M\u00fcfide \u0130lhan, Huzurkent, Gazi, Anadolu ve Nacarl\u0131 mahallelerini gezerek, hem yetkililerden bilgi ald\u0131 hem de \u00e7al\u0131\u015fmalar\u0131 yerinde inceleyip afetzede vatanda\u015flar\u0131 dinledi.<br \/>\n\u201cBakan\u0131m\u0131z\u0131n talimat\u0131yla afetzedelerin hesab\u0131na ayn\u0131 g\u00fcn 10\u2019ar bin TL yatt\u0131\u201d<br \/>\nFen i\u015fleri, park ve bah\u00e7eler ile \u00e7evre koruma m\u00fcd\u00fcrl\u00fc\u011f\u00fc ekiplerinin, i\u015f makineleri yard\u0131m\u0131yla, \u00f6nceki gece ya\u015fanan sa\u011fanak ya\u011f\u0131\u015flardan dolay\u0131 evleri, i\u015fyerleri ve bah\u00e7eleri zarar g\u00f6ren vatanda\u015flar\u0131n yaralar\u0131n\u0131 sarmak i\u00e7in aral\u0131ks\u0131z hizmet verdi\u011finin alt\u0131n\u0131 \u00e7izen Ba\u015fkan G\u00fcltak; \u201cT\u00fcm Mersinlilere bir kez daha \u2018ge\u00e7mi\u015f olsun\u2019 dileklerimi iletiyorum. En b\u00fcy\u00fck tesellimiz can kayb\u0131 olmamas\u0131. Devletimiz, H\u00fck\u00fcmetimiz, afet ma\u011fduru insanlar\u0131m\u0131z\u0131n yan\u0131ndad\u0131r. Vatanda\u015flar\u0131m\u0131z\u0131n ma\u011fduriyetinin artmamas\u0131 i\u00e7in gerekli m\u00fcdahaleler de h\u0131zla devreye al\u0131nm\u0131\u015ft\u0131r.<br \/>\nNitekim Hazine Maliye Bakan\u0131m\u0131z ve Mersin Milletvekilimiz Say\u0131n Nureddin Nebati\u2019nin talimatlar\u0131 ile haz\u0131rlanan destek plan\u0131 kapsam\u0131nda su bask\u0131nlar\u0131ndan zarar g\u00f6ren Akdeniz, Toroslar ve Tarsuslu vatanda\u015flar\u0131m\u0131za, hane ba\u015f\u0131na olmak \u00fczere, banka hesaplar\u0131na ayn\u0131 g\u00fcn i\u00e7inde 10\u2019ar bin TL yat\u0131r\u0131lm\u0131\u015ft\u0131r. Bu hassasiyeti dolay\u0131s\u0131yla Bakan\u0131m\u0131z Say\u0131n Nebati\u2019ye, Mersin halk\u0131 ad\u0131na te\u015fekk\u00fcr ediyor, \u015f\u00fckranlar\u0131m\u0131 sunuyorum. Yaralar\u0131m\u0131z\u0131 sarmak i\u00e7in \u00fczerimize d\u00fc\u015feni yerine getirmeye devam edece\u011fiz. B\u00f6ylesi felaketlerin bir daha ya\u015fanmamas\u0131 i\u00e7in, Mersin B\u00fcy\u00fck\u015fehir Belediyesi ba\u015fta olmak \u00fczere, herkesi \u00fczerine d\u00fc\u015fen g\u00f6rev ve sorumlulu\u011fu bir an \u00f6nce yerine getirmeye davet ediyorum\u201d ifadelerini kulland\u0131. Ba\u015fkan G\u00fcltak; ya\u011fmur veya ta\u015fk\u0131n sular\u0131 alt\u0131nda kald\u0131\u011f\u0131 i\u00e7in evinde kalacak durumu olmayan afetzede vatanda\u015flar i\u00e7in de bar\u0131nma yerleri haz\u0131rlad\u0131klar\u0131n\u0131 ifade etti, su bask\u0131n\u0131ndan zarar g\u00f6ren her bir vatanda\u015fa ula\u015f\u0131p taleplerini yerine getireceklerini s\u00f6zlerine ekledi.<\/p>\n","protected":false},"excerpt":{"rendered":"<p>Hazine ve Maliye Bakan\u0131 Do\u00e7. Dr. Nureddin Nebati, kentte etkili olan sa\u011fanak ya\u011f\u0131\u015flar ve su bask\u0131nlar\u0131 sonucu evleri ve e\u015fyalar\u0131 zarar g\u00f6ren Mersinli vatanda\u015flar\u0131n banka hesaplar\u0131na 10 bin TL nakdi &hellip; <a href=\"https:\/\/akdenizolaygazetesi.com\/?p=25954\" class=\"more-link\">Devam\u0131n\u0131 Oku&#8230;<\/a><\/p>\n","protected":false},"author":2,"featured_media":25955,"comment_status":"open","ping_status":"open","sticky":false,"template":"","format":"standard","meta":[],"categories":[1,2,3],"tags":[],"_links":{"self":[{"href":"https:\/\/akdenizolaygazetesi.com\/index.php?rest_route=\/wp\/v2\/posts\/25954"}],"collection":[{"href":"https:\/\/akdenizolaygazetesi.com\/index.php?rest_route=\/wp\/v2\/posts"}],"about":[{"href":"https:\/\/akdenizolaygazetesi.com\/index.php?rest_route=\/wp\/v2\/types\/post"}],"author":[{"embeddable":true,"href":"https:\/\/akdenizolaygazetesi.com\/index.php?rest_route=\/wp\/v2\/users\/2"}],"replies":[{"embeddable":true,"href":"https:\/\/akdenizolaygazetesi.com\/index.php?rest_route=%2Fwp%2Fv2%2Fcomments&post=25954"}],"version-history":[{"count":1,"href":"https:\/\/akdenizolaygazetesi.com\/index.php?rest_route=\/wp\/v2\/posts\/25954\/revisions"}],"predecessor-version":[{"id":25956,"href":"https:\/\/akdenizolaygazetesi.com\/index.php?rest_route=\/wp\/v2\/posts\/25954\/revisions\/25956"}],"wp:featuredmedia":[{"embeddable":true,"href":"https:\/\/akdenizolaygazetesi.com\/index.php?rest_route=\/wp\/v2\/media\/25955"}],"wp:attachment":[{"href":"https:\/\/akdenizolaygazetesi.com\/index.php?rest_route=%2Fwp%2Fv2%2Fmedia&parent=25954"}],"wp:term":[{"taxonomy":"category","embeddable":true,"href":"https:\/\/akdenizolaygazetesi.com\/index.php?rest_route=%2Fwp%2Fv2%2Fcategories&post=25954"},{"taxonomy":"post_tag","embeddable":true,"href":"https:\/\/akdenizolaygazetesi.com\/index.php?rest_route=%2Fwp%2Fv2%2Ftags&post=25954"}],"curies":[{"name":"wp","href":"https:\/\/api.w.org\/{rel}","templated":true}]}}