{"id":25967,"date":"2023-05-24T16:07:12","date_gmt":"2023-05-24T13:07:12","guid":{"rendered":"http:\/\/akdenizolaygazetesi.com\/?p=25967"},"modified":"2023-05-24T16:07:12","modified_gmt":"2023-05-24T13:07:12","slug":"saganak-yagislarla-olusan-su-baskinlarinin-yarattigi-izler-siliniyor","status":"publish","type":"post","link":"https:\/\/akdenizolaygazetesi.com\/?p=25967","title":{"rendered":"Sa\u011fanak ya\u011f\u0131\u015flarla olu\u015fan su bask\u0131nlar\u0131n\u0131n yaratt\u0131\u011f\u0131 izler siliniyor"},"content":{"rendered":"<p>Kentte etkili olan sa\u011fanak ya\u011fmurlar sonucu su bask\u0131n\u0131na u\u011frayan mahallelere ekipleri ve a\u011f\u0131r i\u015f makinelerini y\u00f6nlendiren Akdeniz Belediyesi; evleri, i\u015fyerleri ve e\u015fyalar\u0131 zarar g\u00f6ren vatanda\u015flar\u0131n konutlar\u0131n\u0131n yan\u0131 s\u0131ra, yollar\u0131, sokaklar\u0131 ve parklar\u0131 \u00e7amur ve bal\u00e7\u0131k deryas\u0131ndan temizlemeye devam ediyor.<br \/>\nAkdeniz Belediyesi\u2019ne ba\u011fl\u0131 Fen \u0130\u015fleri ile Park ve Bah\u00e7eler M\u00fcd\u00fcrl\u00fc\u011f\u00fc ekipleri, \u00f6nceki gece ya\u015fanan a\u015f\u0131r\u0131 ya\u011f\u0131\u015flardan etkilenen ve sele maruz kalan b\u00f6lgeler i\u00e7in ilk andan itibaren teyakkuza ge\u00e7ti. Sahada g\u00f6revli ekipler, sa\u011fanak ya\u011f\u0131\u015flar nedeniyle su basan mahallelerde aral\u0131ks\u0131z \u00e7al\u0131\u015fmaya, selden zarar g\u00f6ren vatanda\u015flar\u0131n ma\u011fduriyetini ortadan kald\u0131r\u0131p selin izlerini silmeye devam ediyor.<br \/>\nFen \u0130\u015fleri M\u00fcd\u00fcr\u00fc Mehmet Bahar\u2019\u0131n denetiminde ger\u00e7ekle\u015fen koordineli ve yo\u011fun \u00e7al\u0131\u015fmalar kapsam\u0131nda ekipler, motopomplar yard\u0131m\u0131yla evleri ve avlular\u0131n\u0131 ya\u011fmur suyu basan vatanda\u015flara yard\u0131mc\u0131 olup sular\u0131 tahliye etti. Yer yer t\u0131kanan su kanallar\u0131n\u0131 a\u00e7an ekipler, yo\u011fun ya\u011f\u0131\u015flar sonucu kanalizasyon at\u0131k sular\u0131 ile \u00e7amura maruz kalan yol ve sokaklarda da araz\u00f6zler yard\u0131m\u0131yla temizlik ve y\u0131kama \u00e7al\u0131\u015fmas\u0131 ger\u00e7ekle\u015ftirdi.<br \/>\nSon olarak Gazi Mahallesi\u2019nde yo\u011fun \u00e7al\u0131\u015fma y\u00fcr\u00fcten ekiplerin, sa\u011fanak sonucu su bask\u0131n\u0131 ya\u015fanan il\u00e7eye ba\u011fl\u0131 b\u00f6lgelerde ekiplerin su tahliyesi, \u00e7amur ve bal\u00e7\u0131\u011f\u0131 temizleme \u00e7al\u0131\u015fmalar\u0131 devam edecek. <\/p>\n","protected":false},"excerpt":{"rendered":"<p>Kentte etkili olan sa\u011fanak ya\u011fmurlar sonucu su bask\u0131n\u0131na u\u011frayan mahallelere ekipleri ve a\u011f\u0131r i\u015f makinelerini y\u00f6nlendiren Akdeniz Belediyesi; evleri, i\u015fyerleri ve e\u015fyalar\u0131 zarar g\u00f6ren vatanda\u015flar\u0131n konutlar\u0131n\u0131n yan\u0131 s\u0131ra, yollar\u0131, sokaklar\u0131 &hellip; <a href=\"https:\/\/akdenizolaygazetesi.com\/?p=25967\" class=\"more-link\">Devam\u0131n\u0131 Oku&#8230;<\/a><\/p>\n","protected":false},"author":2,"featured_media":25968,"comment_status":"open","ping_status":"open","sticky":false,"template":"","format":"standard","meta":[],"categories":[34,1,2,3],"tags":[],"_links":{"self":[{"href":"https:\/\/akdenizolaygazetesi.com\/index.php?rest_route=\/wp\/v2\/posts\/25967"}],"collection":[{"href":"https:\/\/akdenizolaygazetesi.com\/index.php?rest_route=\/wp\/v2\/posts"}],"about":[{"href":"https:\/\/akdenizolaygazetesi.com\/index.php?rest_route=\/wp\/v2\/types\/post"}],"author":[{"embeddable":true,"href":"https:\/\/akdenizolaygazetesi.com\/index.php?rest_route=\/wp\/v2\/users\/2"}],"replies":[{"embeddable":true,"href":"https:\/\/akdenizolaygazetesi.com\/index.php?rest_route=%2Fwp%2Fv2%2Fcomments&post=25967"}],"version-history":[{"count":1,"href":"https:\/\/akdenizolaygazetesi.com\/index.php?rest_route=\/wp\/v2\/posts\/25967\/revisions"}],"predecessor-version":[{"id":25969,"href":"https:\/\/akdenizolaygazetesi.com\/index.php?rest_route=\/wp\/v2\/posts\/25967\/revisions\/25969"}],"wp:featuredmedia":[{"embeddable":true,"href":"https:\/\/akdenizolaygazetesi.com\/index.php?rest_route=\/wp\/v2\/media\/25968"}],"wp:attachment":[{"href":"https:\/\/akdenizolaygazetesi.com\/index.php?rest_route=%2Fwp%2Fv2%2Fmedia&parent=25967"}],"wp:term":[{"taxonomy":"category","embeddable":true,"href":"https:\/\/akdenizolaygazetesi.com\/index.php?rest_route=%2Fwp%2Fv2%2Fcategories&post=25967"},{"taxonomy":"post_tag","embeddable":true,"href":"https:\/\/akdenizolaygazetesi.com\/index.php?rest_route=%2Fwp%2Fv2%2Ftags&post=25967"}],"curies":[{"name":"wp","href":"https:\/\/api.w.org\/{rel}","templated":true}]}}