{"id":25970,"date":"2023-05-25T12:57:31","date_gmt":"2023-05-25T09:57:31","guid":{"rendered":"http:\/\/akdenizolaygazetesi.com\/?p=25970"},"modified":"2023-05-25T12:57:31","modified_gmt":"2023-05-25T09:57:31","slug":"toroslar-belediyesinin-tenis-turnuvasinda-oduller-sahiplerini-buldu","status":"publish","type":"post","link":"https:\/\/akdenizolaygazetesi.com\/?p=25970","title":{"rendered":"TOROSLAR BELED\u0130YES\u0130N\u0130N TEN\u0130S TURNUVASINDA \u00d6D\u00dcLLER SAH\u0130PLER\u0130N\u0130 BULDU"},"content":{"rendered":"<p>Toroslar Belediyesinin; 19 May\u0131s Atat\u00fcrk&#8217;\u00fc Anma, Gen\u00e7lik ve Spor Bayram\u0131 \u00e7er\u00e7evesinde d\u00fczenledi\u011fi Tenis Turnuvas\u0131, \u00f6d\u00fcl t\u00f6reni ile son buldu.<\/p>\n<p>\u00c7a\u011fda\u015fkent Mahallesi&#8217;nde bulunan 3 Ocak Spor Kompleksi&#8217;nde ger\u00e7ekle\u015ftirilen final m\u00fcsabakas\u0131n\u0131n ard\u0131ndan dereceye girenlere \u00f6d\u00fcllerini veren Toroslar Belediye Ba\u015fkan\u0131 Ats\u0131z Af\u015f\u0131n Y\u0131lmaz;  &#8220;\u00c7ocuklar\u0131m\u0131z\u0131n, gen\u00e7lerimizin sahalarda, kortlarda ter d\u00f6kt\u00fc\u011f\u00fcn\u00fc, sporla i\u00e7 i\u00e7e oldu\u011funu g\u00f6rmek bizleri mutlu ediyor&#8221; dedi.<\/p>\n<p>TEN\u0130S TUTKUNLARI, 19 MAYIS KUPASI&#8217;NDA KIYASIYA M\u00dcCADELE ETT\u0130<\/p>\n<p>Belediye b\u00fcnyesinde farkl\u0131 bran\u015flarda spor kurslar\u0131 a\u00e7arak \u00e7ocuklar\u0131n ve gen\u00e7lerin kendilerini geli\u015ftirmelerine ve yeteneklerini ke\u015ffetmelerine imkan tan\u0131yan Toroslar Belediyesi, tenis tutkunlar\u0131n\u0131 19 May\u0131s Kupas\u0131&#8217;nda bulu\u015fturdu.<\/p>\n<p>16-20 May\u0131s tarihleri aras\u0131nda d\u00fczenlenen turnuvaya 9-50 ya\u015f kategorisinde Mersin genelinden 55 sporcu kat\u0131ld\u0131. Sporcular, kendi gruplar\u0131nda k\u0131yas\u0131ya m\u00fccadele etti. Toroslar Belediyesinin Tenis Kursu \u00f6\u011frencilerinin de yar\u0131\u015ft\u0131\u011f\u0131 turnuva, centilmence ge\u00e7ti.<\/p>\n<p>Yo\u011fun ilgi g\u00f6ren turnuvan\u0131n \u00f6d\u00fcl t\u00f6reni, sayg\u0131 duru\u015fu ve \u0130stiklal Mar\u015f\u0131&#8217;n\u0131n okunmas\u0131 ile ba\u015flad\u0131.<\/p>\n<p>Toroslar Belediye Ba\u015fkan\u0131 Ats\u0131z Af\u015f\u0131n Y\u0131lmaz,  Belediye Meclis \u00dcyeleri, sporcular ve ailelerinin kat\u0131ld\u0131\u011f\u0131 t\u00f6rende \u00e7ocuklar, heyecanlar\u0131n\u0131 yine Ba\u015fkan Y\u0131lmaz ile payla\u015ft\u0131.<\/p>\n<p>BA\u015eKAN YILMAZ; &#8220;T\u00dcM SPORCULARIMIZI TEBR\u0130K ED\u0130YORUM&#8221;<\/p>\n<p>Toroslar Belediye Ba\u015fkan\u0131 Ats\u0131z Af\u015f\u0131n Y\u0131lmaz, turnuvaya kat\u0131lan t\u00fcm sporcular\u0131 tebrik ederek, 19 May\u0131s Atat\u00fcrk&#8217;\u00fc Anma, Gen\u00e7lik ve Spor Bayram\u0131&#8217;n\u0131n 104&#8217;\u00fcnc\u00fc y\u0131l d\u00f6n\u00fcm\u00fc co\u015fkusunun Toroslar Belediyesinin tenis kortlar\u0131na yans\u0131d\u0131\u011f\u0131n\u0131 s\u00f6yledi.<\/p>\n<p>Spora ve sporcuya verdikleri \u00f6nemin alt\u0131n\u0131 \u00e7izerek, sporun bir par\u00e7as\u0131 olan t\u00fcm kat\u0131l\u0131mc\u0131lara ayr\u0131ca te\u015fekk\u00fcr eden Ba\u015fkan Y\u0131lmaz; &#8220;Belediyemiz b\u00fcnyesinde farkl\u0131 bran\u015flarda kurslar\u0131m\u0131z var. Tenis kursumuz da bunlardan bir tanesi. \u00c7ocuklar\u0131m\u0131z\u0131n, gen\u00e7lerimizin burada e\u011fitim almas\u0131, sosyalle\u015fmesi, zihinsel ve fiziksel geli\u015fimlerini tamamlamalar\u0131 bizleri \u00e7ok mutlu ediyor. Sevgili \u00e7ocuklar\u0131m\u0131z, sizleri \u00e7ok seviyoruz. Bizim \u00e7ocuklar\u0131m\u0131z ve gelece\u011fimiz oldu\u011funuz i\u00e7in seviyoruz. Burada oldu\u011funuz, bir sporla u\u011fra\u015ft\u0131\u011f\u0131n\u0131z, bir turnuvaya kat\u0131ld\u0131\u011f\u0131n\u0131z ve bu g\u00fczelliklerin bir par\u00e7as\u0131 oldu\u011funuz i\u00e7in hepinizi tebrik ediyorum. K\u0131ymetli ailelerimize de \u00e7ocuklar\u0131n\u0131 spora y\u00f6nlendirdikleri i\u00e7in te\u015fekk\u00fcr ediyorum&#8221; \u015feklinde konu\u015ftu.<\/p>\n<p>Ba\u015fkan Y\u0131lmaz, daha sonra turnuvada dereceye giren sporculara kupa ve madalyalar\u0131n\u0131 takdim etti.<\/p>\n<p>Sporcular da kendilerini b\u00f6yle anlaml\u0131 ve g\u00fczel bir turnuvada bulu\u015fturdu\u011fu i\u00e7in Ba\u015fkan Y\u0131lmaz&#8217;a te\u015fekk\u00fcr etti. Program, toplu hat\u0131ra foto\u011fraf\u0131 \u00e7ekimiyle sona erdi.<\/p>\n","protected":false},"excerpt":{"rendered":"<p>Toroslar Belediyesinin; 19 May\u0131s Atat\u00fcrk&#8217;\u00fc Anma, Gen\u00e7lik ve Spor Bayram\u0131 \u00e7er\u00e7evesinde d\u00fczenledi\u011fi Tenis Turnuvas\u0131, \u00f6d\u00fcl t\u00f6reni ile son buldu. \u00c7a\u011fda\u015fkent Mahallesi&#8217;nde bulunan 3 Ocak Spor Kompleksi&#8217;nde ger\u00e7ekle\u015ftirilen final m\u00fcsabakas\u0131n\u0131n ard\u0131ndan &hellip; <a href=\"https:\/\/akdenizolaygazetesi.com\/?p=25970\" class=\"more-link\">Devam\u0131n\u0131 Oku&#8230;<\/a><\/p>\n","protected":false},"author":2,"featured_media":25971,"comment_status":"open","ping_status":"open","sticky":false,"template":"","format":"standard","meta":[],"categories":[2,3,10],"tags":[],"_links":{"self":[{"href":"https:\/\/akdenizolaygazetesi.com\/index.php?rest_route=\/wp\/v2\/posts\/25970"}],"collection":[{"href":"https:\/\/akdenizolaygazetesi.com\/index.php?rest_route=\/wp\/v2\/posts"}],"about":[{"href":"https:\/\/akdenizolaygazetesi.com\/index.php?rest_route=\/wp\/v2\/types\/post"}],"author":[{"embeddable":true,"href":"https:\/\/akdenizolaygazetesi.com\/index.php?rest_route=\/wp\/v2\/users\/2"}],"replies":[{"embeddable":true,"href":"https:\/\/akdenizolaygazetesi.com\/index.php?rest_route=%2Fwp%2Fv2%2Fcomments&post=25970"}],"version-history":[{"count":1,"href":"https:\/\/akdenizolaygazetesi.com\/index.php?rest_route=\/wp\/v2\/posts\/25970\/revisions"}],"predecessor-version":[{"id":25972,"href":"https:\/\/akdenizolaygazetesi.com\/index.php?rest_route=\/wp\/v2\/posts\/25970\/revisions\/25972"}],"wp:featuredmedia":[{"embeddable":true,"href":"https:\/\/akdenizolaygazetesi.com\/index.php?rest_route=\/wp\/v2\/media\/25971"}],"wp:attachment":[{"href":"https:\/\/akdenizolaygazetesi.com\/index.php?rest_route=%2Fwp%2Fv2%2Fmedia&parent=25970"}],"wp:term":[{"taxonomy":"category","embeddable":true,"href":"https:\/\/akdenizolaygazetesi.com\/index.php?rest_route=%2Fwp%2Fv2%2Fcategories&post=25970"},{"taxonomy":"post_tag","embeddable":true,"href":"https:\/\/akdenizolaygazetesi.com\/index.php?rest_route=%2Fwp%2Fv2%2Ftags&post=25970"}],"curies":[{"name":"wp","href":"https:\/\/api.w.org\/{rel}","templated":true}]}}