{"id":25979,"date":"2023-05-25T13:01:54","date_gmt":"2023-05-25T10:01:54","guid":{"rendered":"http:\/\/akdenizolaygazetesi.com\/?p=25979"},"modified":"2023-05-25T13:01:54","modified_gmt":"2023-05-25T10:01:54","slug":"buyuksehir-gencleri-dogada-bulusturdu","status":"publish","type":"post","link":"https:\/\/akdenizolaygazetesi.com\/?p=25979","title":{"rendered":"B\u00dcY\u00dcK\u015eEH\u0130R GEN\u00c7LER\u0130 DO\u011eADA BULU\u015eTURDU"},"content":{"rendered":"<p>Mersin B\u00fcy\u00fck\u015fehir Belediyesi Kad\u0131n ve Aile Hizmetleri Daire Ba\u015fkanl\u0131\u011f\u0131, Gazi Mustafa Kemal Atat\u00fcrk&#8217;\u00fcn Samsun&#8217;a \u00e7\u0131karak Kurtulu\u015f Sava\u015f\u0131&#8217;n\u0131 ba\u015flatt\u0131\u011f\u0131 19 May\u0131s Atat\u00fcrk&#8217;\u00fc Anma, Gen\u00e7lik ve Spor Bayram\u0131&#8217;n\u0131, &#8220;Do\u011fa Bizi \u00c7a\u011f\u0131r\u0131yor&#8221; etkinli\u011fi ile kutlad\u0131.<br \/>\nKad\u0131n ve Aile Hizmetleri Daire Ba\u015fkanl\u0131\u011f\u0131 taraf\u0131ndan d\u00fczenlenen &#8220;Do\u011fa Bizi \u00c7a\u011f\u0131r\u0131yor&#8221; etkinli\u011fine kat\u0131lan 60 gen\u00e7, Toroslar \u0130l\u00e7esi&#8217;ne ba\u011fl\u0131 Kayrakke\u015flilk Mahallesi&#8217;nde bulu\u015ftu.  Ormanl\u0131k alan i\u00e7erisinde yer alan 8 km uzunlu\u011fundaki parkurda do\u011fa ile i\u00e7 i\u00e7e bir y\u00fcr\u00fcy\u00fc\u015f ger\u00e7ekle\u015ftiren gen\u00e7lere, y\u00fcr\u00fcy\u00fc\u015f sonras\u0131nda yemek ikram\u0131 yap\u0131ld\u0131.<br \/>\n&#8220;Mersin&#8217;de b\u00f6yle g\u00fczel yerler oldu\u011funu bilmiyorduk&#8221;<br \/>\nGeziye ni\u015fanl\u0131s\u0131 Muhammed Onur ile kat\u0131lan Nuray Okat, geziyi \u00e7ok be\u011fendi\u011fini ifade ederek, &#8220;Ben Mersinliyim, ama Mersin&#8217;de b\u00f6yle g\u00fczel bir alan oldu\u011funu bilmiyordum. Geldi\u011fimiz zaman s\u00f6yledim. Birbirimize konum da att\u0131k. \u00c7ok g\u00fczelmi\u015f bir daha geliriz. \u00c7ok ho\u015fumuza gitti bizim. G\u00fczel bir etkinlikti, g\u00fczel bir hafta sonu ge\u00e7irdik&#8221; dedi.<br \/>\nMuhammed Onur ise 5 y\u0131ld\u0131r Mersin&#8217;de ya\u015fad\u0131\u011f\u0131n\u0131 belirterek, &#8220;Bu t\u00fcr organizasyonlara kat\u0131lmaya \u00e7al\u0131\u015f\u0131yoruz. Bu \u015fekilde alanlar oldu\u011funu ben de bilmiyordum. \u015eehir merkezine yar\u0131m saatlik uzakl\u0131kta. Arkada\u015flar\u0131m\u0131za da tavsiye edece\u011fiz&#8221; diye konu\u015ftu.<br \/>\n&#8220;Etkinlik bizim i\u00e7in \u00e7ok g\u00fczel ve anlaml\u0131yd\u0131&#8221;<br \/>\nGeziye Tarsus&#8217;tan kat\u0131lan Cansu Nur G\u00fcr, geziyi d\u00fczenledi\u011fi ve gen\u00e7lere bir f\u0131rsat sundu\u011fu i\u00e7in Mersin B\u00fcy\u00fck\u015fehir Belediye Ba\u015fkan\u0131 Vahap Se\u00e7er&#8217;e te\u015fekk\u00fcr ederek, etkinli\u011fin kendileri i\u00e7in spor oldu\u011funu ve g\u00fczel buldu\u011funu ifade etti. 19 May\u0131s Atat\u00fcrk&#8217;\u00fc Anma, Gen\u00e7lik ve Spor Bayram\u0131 ile ilgili duygular\u0131n\u0131 ifade etmekte zorland\u0131\u011f\u0131n\u0131 s\u00f6yleyen G\u00fcr, &#8220;Biz okullar\u0131m\u0131z\u0131 bile online okurken, Vahap Bey&#8217;in bunu gezi ile anlatmas\u0131 duygular\u0131m\u0131z\u0131 daha g\u00fczel dile getirdi&#8221; \u015feklinde konu\u015ftu.<br \/>\nKayrakke\u015flik Mahallesi K\u0131z\u0131lge\u00e7it K\u00f6pr\u00fcs\u00fc&#8217;nden ba\u015flayan ve Sunturas \u015eelalesi&#8217;ne do\u011fru uzanan 22 km&#8217;lik Efrenk Vadisi g\u00fczergah\u0131n\u0131n yakla\u015f\u0131k 8 km&#8217;lik b\u00f6l\u00fcm\u00fcnde d\u00fczenlenen do\u011fa gezisi, d\u00fczenlenen \u00e7e\u015fitli etkinlikler ile sona erdi.<\/p>\n","protected":false},"excerpt":{"rendered":"<p>Mersin B\u00fcy\u00fck\u015fehir Belediyesi Kad\u0131n ve Aile Hizmetleri Daire Ba\u015fkanl\u0131\u011f\u0131, Gazi Mustafa Kemal Atat\u00fcrk&#8217;\u00fcn Samsun&#8217;a \u00e7\u0131karak Kurtulu\u015f Sava\u015f\u0131&#8217;n\u0131 ba\u015flatt\u0131\u011f\u0131 19 May\u0131s Atat\u00fcrk&#8217;\u00fc Anma, Gen\u00e7lik ve Spor Bayram\u0131&#8217;n\u0131, &#8220;Do\u011fa Bizi \u00c7a\u011f\u0131r\u0131yor&#8221; etkinli\u011fi &hellip; <a href=\"https:\/\/akdenizolaygazetesi.com\/?p=25979\" class=\"more-link\">Devam\u0131n\u0131 Oku&#8230;<\/a><\/p>\n","protected":false},"author":2,"featured_media":25980,"comment_status":"open","ping_status":"open","sticky":false,"template":"","format":"standard","meta":[],"categories":[2,3,5],"tags":[],"_links":{"self":[{"href":"https:\/\/akdenizolaygazetesi.com\/index.php?rest_route=\/wp\/v2\/posts\/25979"}],"collection":[{"href":"https:\/\/akdenizolaygazetesi.com\/index.php?rest_route=\/wp\/v2\/posts"}],"about":[{"href":"https:\/\/akdenizolaygazetesi.com\/index.php?rest_route=\/wp\/v2\/types\/post"}],"author":[{"embeddable":true,"href":"https:\/\/akdenizolaygazetesi.com\/index.php?rest_route=\/wp\/v2\/users\/2"}],"replies":[{"embeddable":true,"href":"https:\/\/akdenizolaygazetesi.com\/index.php?rest_route=%2Fwp%2Fv2%2Fcomments&post=25979"}],"version-history":[{"count":1,"href":"https:\/\/akdenizolaygazetesi.com\/index.php?rest_route=\/wp\/v2\/posts\/25979\/revisions"}],"predecessor-version":[{"id":25981,"href":"https:\/\/akdenizolaygazetesi.com\/index.php?rest_route=\/wp\/v2\/posts\/25979\/revisions\/25981"}],"wp:featuredmedia":[{"embeddable":true,"href":"https:\/\/akdenizolaygazetesi.com\/index.php?rest_route=\/wp\/v2\/media\/25980"}],"wp:attachment":[{"href":"https:\/\/akdenizolaygazetesi.com\/index.php?rest_route=%2Fwp%2Fv2%2Fmedia&parent=25979"}],"wp:term":[{"taxonomy":"category","embeddable":true,"href":"https:\/\/akdenizolaygazetesi.com\/index.php?rest_route=%2Fwp%2Fv2%2Fcategories&post=25979"},{"taxonomy":"post_tag","embeddable":true,"href":"https:\/\/akdenizolaygazetesi.com\/index.php?rest_route=%2Fwp%2Fv2%2Ftags&post=25979"}],"curies":[{"name":"wp","href":"https:\/\/api.w.org\/{rel}","templated":true}]}}