{"id":25988,"date":"2023-05-25T16:45:36","date_gmt":"2023-05-25T13:45:36","guid":{"rendered":"http:\/\/akdenizolaygazetesi.com\/?p=25988"},"modified":"2023-05-25T16:45:36","modified_gmt":"2023-05-25T13:45:36","slug":"belediyemiz-turkiyede-isini-en-iyi-sekilde-yapan-belediyelerin-basinda-gelmektedir","status":"publish","type":"post","link":"https:\/\/akdenizolaygazetesi.com\/?p=25988","title":{"rendered":"&#8220;BELED\u0130YEM\u0130Z T\u00dcRK\u0130YE&#8217;DE \u0130\u015e\u0130N\u0130 EN \u0130Y\u0130 \u015eEK\u0130LDE YAPAN BELED\u0130YELER\u0130N BA\u015eINDA GELMEKTED\u0130R&#8221;"},"content":{"rendered":"<p>Mersin B\u00fcy\u00fck\u015fehir Belediye Ba\u015fkan\u0131 Vahap Se\u00e7er, Mersin B\u00fcy\u00fck\u015fehir Belediyesi ve Mersin B\u00fcy\u00fck\u015fehir Belediyesi Mersin Su ve Kanalizasyon \u0130daresi (MESK\u0130) Genel M\u00fcd\u00fcrl\u00fc\u011f\u00fc taraf\u0131ndan &#8216;Etik Varsa Etki Var&#8217; mottosuyla d\u00fczenlenen &#8216;Etik Haftas\u0131&#8217; etkinli\u011fine kat\u0131larak personel ile bir araya geldi.<\/p>\n<p>Ba\u015fkan Se\u00e7er, Kongre ve Sergi Saray\u0131&#8217;nda d\u00fczenlenen etkinlik \u00f6ncesi Mersin \u00dcniversitesi G\u00fczel Sanatlar Fak\u00fcltesi taraf\u0131ndan haz\u0131rlanan resim ve heykel sergisini gezdi. Etkinli\u011fe Ba\u015fkan Se\u00e7er&#8217;in yan\u0131 s\u0131ra B\u00fcy\u00fck\u015fehir Belediyesi ile MESK\u0130 b\u00fcrokratlar\u0131, daire ba\u015fkanlar\u0131 ve \u00e7al\u0131\u015fanlar\u0131 ile Mersin \u00dcniversitesi akademisyenleri kat\u0131ld\u0131. Etik ile ilgili resim ve heykel sergisinin yere ald\u0131\u011f\u0131 etkinlikte, B\u00fcy\u00fck\u015fehir ve MESK\u0130 Genel M\u00fcd\u00fcrl\u00fc\u011f\u00fc saha personellerinin yer ald\u0131\u011f\u0131 Etik \u0130maj Videosu izletildi.<\/p>\n<p>Ba\u015fkan Se\u00e7er: &#8220;Temel ilkeler insan\u0131n ileriki hayat\u0131n\u0131 \u015fekillendirir&#8221;<br \/>\nEtkinlikte konu\u015fan Ba\u015fkan Se\u00e7er, zor bir s\u00fcre\u00e7ten ge\u00e7ildi\u011fini ancak insanlar\u0131n\u0131n umutlar\u0131n\u0131 yitirmemesi gerekti\u011fini ifade ederek, &#8220;Toplumun i\u00e7erisinde ya\u015fanan sorunlar\u0131n a\u015f\u0131lmas\u0131n\u0131n da temel unsuru, toplumun mutlu olmas\u0131, enerjisini daima \u00fczerinde ta\u015f\u0131mas\u0131; \u015fu anda T\u00fcrkiye&#8217;de oldu\u011fu gibi. Her \u015feyin \u00e7ok iyi gitti\u011fi s\u00f6ylenemez. Muazzam gergin bir atmosferde, bir \u015fenlik i\u00e7erisinde yap\u0131lmas\u0131 gereken demokratik bir m\u00fccadeleyi s\u00fcrd\u00fcrmeye \u00e7al\u0131\u015f\u0131yoruz. Kendimizi s\u0131karak, sinir sistemimizi zorlayarak, ya sab\u0131r diyerek. B\u00f6yle bir toplumdan \u00e7\u0131kacak enerjinin iyi olabilmesi i\u00e7in bu sorunlar\u0131 \u00e7\u00f6zecek iradeyi de harekete ge\u00e7irecek umudun, enerjinin olmas\u0131 laz\u0131m. Onun i\u00e7in her zaman diri olal\u0131m&#8221; dedi.<\/p>\n<p>Se\u00e7imi kazand\u0131\u011f\u0131 an i\u015fini \u00e7ok iyi yapmak i\u00e7in kendini haz\u0131rlad\u0131\u011f\u0131n\u0131 s\u00f6zlerine ekleyen Ba\u015fkan Se\u00e7er, &#8220;\u015e\u00f6yle bir duyguya kap\u0131ld\u0131m; &#8216;Sanki sen bu belediyeyi 30 y\u0131ld\u0131r y\u00f6netiyorsun&#8217;. Bu kendili\u011finden gelen bir duyguydu. \u00c7\u00fcnk\u00fc, belediye ba\u015fkanl\u0131\u011f\u0131 g\u00f6revine ba\u015flarken bu i\u015fi \u00e7ok iyi yapmak i\u00e7in kendimi haz\u0131rlam\u0131\u015ft\u0131m. Enerjim \u00e7ok y\u00fcksekti, i\u015fime d\u00f6rt elle sar\u0131ld\u0131m. Belirli bir ya\u015fa gelmi\u015f insan\u0131n etik kurallar\u0131, temel ilkeleri vard\u0131r. Asl\u0131nda o temel ilkeler o insan\u0131 ileriki hayat\u0131nda \u015fekillendirir. Bir adam e\u011fer \u00e7ok g\u00fczel yalan s\u00f6yleyebiliyorsa, s\u00f6ylerken de y\u00fcz\u00fc k\u0131zarm\u0131yorsa o adam\u0131 40&#8217;\u0131ndan, 50&#8217;sinden sonra d\u00fcr\u00fcst adam haline getiremezsiniz&#8221; diye konu\u015ftu.<br \/>\nEtik de\u011ferlerin insanlar\u0131n genetik yap\u0131s\u0131nda var olan bir de\u011fer oldu\u011funa de\u011finen Ba\u015fkan Se\u00e7er, &#8220;Biliyorsunuz bizim kamuda kulland\u0131\u011f\u0131m\u0131z paralar, kaynaklar bizim kaynaklar\u0131m\u0131z de\u011fil. Hani duygusal gelebilir ama hep \u015fu s\u00f6ylenir, dinimizde de vard\u0131r; &#8216;bana her \u015feyle gel ama kul hakk\u0131 yiyerek gelme&#8217;. Kamuda \u00e7al\u0131\u015fan bir ki\u015fi; kul hakk\u0131 yemeyi, haram\u0131, r\u00fc\u015fveti, yolsuzlu\u011fu bir hayat bi\u00e7imi haline getirmi\u015fse o \u00e7al\u0131\u015fan\u0131, o memuru belirli bir ya\u015ftan sonra siz \u0131slah edemezsiniz. \u00c7\u00fcnk\u00fc genetik kodlar\u0131nda, kafas\u0131nda yazd\u0131\u011f\u0131 de\u011ferler sistemi \u00f6yle \u015fekillenmi\u015f&#8221; diye belirtti.<br \/>\n&#8220;\u00c7ocuklar\u0131 k\u00fc\u00e7\u00fck ya\u015fta etik ilkeleri \u00f6\u011fretmeliyiz&#8221;<br \/>\nEtik ilkelerin \u00e7ocuklar\u0131 k\u00fc\u00e7\u00fck ya\u015fta \u00f6\u011fretilmesi gereken ilkeler olmas\u0131 gerekti\u011fine dikkat \u00e7eken Se\u00e7er,  Mustafa Kemal Atat\u00fcrk&#8217;\u00fcn &#8216;Bir milletin zenginli\u011fi etik de\u011ferleri, ahlak\u0131yla \u00f6l\u00e7\u00fclmeli&#8217; s\u00f6z\u00fcne at\u0131fta bulunarak, &#8220;Atat\u00fcrk, o zaman onun i\u00e7in s\u00f6ylemi\u015f. Bo\u015fa s\u00f6ylememi\u015f, laf olsun diye hi\u00e7 s\u00f6ylememi\u015f. \u00c7ocuklar\u0131m\u0131z\u0131 e\u011fitelim. Onun i\u00e7in &#8216;\u00c7a\u011fda\u015f e\u011fitim&#8217;, &#8216;Laik sistem&#8217; demi\u015f. Bilimin pe\u015finde gidelim, felsefe, psikoloji, ahlak dersi okuyal\u0131m. \u015eimdi oldu\u011fu gibi, hurafeler pe\u015finden toplumlar\u0131, milletleri tahakk\u00fcm alt\u0131na almak i\u00e7in onlar\u0131n hassas duygular\u0131yla, diniyle, milletiyle, etnik yap\u0131s\u0131yla oynayarak, onlar\u0131 ka\u015f\u0131yarak o topluma tahakk\u00fcm etmeyelim. O toplumu e\u011fitelim. Muhakeme kabiliyeti olsun, kendini se\u00e7ecek olan siyaset\u00e7ileri kendi \u00f6zg\u00fcr iradesiyle, k\u00fc\u00e7\u00fckl\u00fc\u011f\u00fcnden beri ald\u0131\u011f\u0131 e\u011fitimle, birikimiyle, liyakatiyle se\u00e7sin. Atat\u00fcrk onun i\u00e7in o tarihlerde topluma bu enerjiyi vermek, bu fark\u0131ndal\u0131\u011f\u0131 yaratmak i\u00e7in bu ve bunun gibi onlarca s\u00f6z s\u00f6ylemi\u015f&#8221; dedi.<\/p>\n<p>Belediyelerin; siyasi fig\u00fcrler taraf\u0131ndan y\u00f6netildi\u011fini ve bu siyasi fig\u00fcrlerin etik ilkeler \u00e7er\u00e7evesinde belirlenerek makamlara getirilmesi gerekti\u011fini belirten Se\u00e7er, &#8220;E\u011fer bir siyasi fig\u00fcr, milletin oyunu alarak g\u00f6reve geldi\u011fi makam\u0131 ve y\u00f6netti\u011fi kurumu siyasi partisinin arka bah\u00e7esi gibi y\u00f6netmeye ba\u015flarsa vay o \u015fehrin haline, o \u00fclkenin haline, \u015fimdi oldu\u011fu gibi. Az \u00f6nce etik ilkelerden birinin insanlar\u0131n din, dil, \u0131rk, siyasi g\u00f6r\u00fc\u015f ayr\u0131m\u0131 yapmadan onlara muamele etmek oldu\u011funu izledik. Demek ki \u015fu andaki T\u00fcrkiye&#8217;yi y\u00f6netenler, belediye ba\u015fkanlar\u0131, tabi T\u00fcrkiye&#8217;ye \u015famil de\u011fil. Mutlaka iyi \u00f6rnekler var ama say\u0131lar\u0131 nedir? Say\u0131lar\u0131n\u0131n oran\u0131 endir? Dominant olan k\u00f6t\u00fc \u00f6rnekler mi iyi \u00f6rnekler mi? \u0130\u015fte T\u00fcrkiye&#8217;de oldu\u011fu gibi. Bunlar\u0131n muhakemesini yapmak laz\u0131m&#8221; diye konu\u015ftu.<\/p>\n<p>&#8220;B\u00fcy\u00fck\u015fehir Belediyesi&#8217;nin toplum inindeki itibar\u0131 d\u00fczenli bir \u015fekilde art\u0131\u015f g\u00f6steriyor&#8221;<br \/>\nD\u00f6rt y\u0131ll\u0131k g\u00f6rev s\u00fcresi boyunca Mersin B\u00fcy\u00fck\u015fehir Belediyesi&#8217;nin toplum inindeki itibar, kalite ve be\u011fenisinin d\u00fczenli bir \u015fekilde art\u0131\u015f g\u00f6sterdi\u011fine vurgu yapan Se\u00e7er, &#8220;Anket sonu\u00e7lar\u0131n\u0131 incelemeye gerek yok, soka\u011fa \u00e7\u0131kars\u0131n\u0131z benimle beraber, yan\u0131m\u0131za kimseyi de almadan sokakta y\u00fcr\u00fcyebiliriz. Bu, bir belediye ba\u015fkan\u0131n\u0131n sokakta yaln\u0131z y\u00fcr\u00fcyebiliyor, o belediyenin \u015feffaf ve hesap verebilir oldu\u011funu, kimseden korkmad\u0131\u011f\u0131n\u0131 \u00e7\u00fcnk\u00fc korkacak hi\u00e7bir nedeni olmad\u0131\u011f\u0131 anlam\u0131na gelir&#8221; ifadelerine yer verdi.<\/p>\n<p>&#8220;Belediyemiz T\u00fcrkiye&#8217;de i\u015fini en iyi \u015fekilde yapan belediyelerin ba\u015f\u0131nda gelmektedir&#8221;<br \/>\nMersin B\u00fcy\u00fck\u015fehir Belediyesi&#8217;nin iyi bir belediye oldu\u011funun alt\u0131n\u0131 \u00e7izen Se\u00e7er, \u015f\u00f6yle konu\u015ftu:<\/p>\n<p>&#8220;Belediyemiz T\u00fcrkiye&#8217;deki emsal b\u00fcy\u00fck\u015fehir belediyeleri i\u00e7erisinde her g\u00fcn kendine bir \u015fey katabilen ve i\u015fini en iyi \u015fekilde yapma gayreti i\u00e7inde olan belediyelerin ba\u015f\u0131nda gelmektedir. \u00d6ne \u00e7\u0131kan bir konu var. Bunu zaman zaman partim Cumhuriyet Halk Partisi s\u00f6zc\u00fcleri dile getirdi\u011fi zaman \u00e7ok mutlu oluyorum. Bir tanesi &#8216;Belediyemizin hizmet yaparken vatanda\u015flar\u0131 aras\u0131nda ayr\u0131m yap\u0131p yapmad\u0131\u011f\u0131&#8217; sorusuna T\u00fcrkiye&#8217;de di\u011fer belediyeler i\u00e7erisinde &#8216;Hay\u0131r, Mersin B\u00fcy\u00fck\u015fehir Belediyesi \u00e7al\u0131\u015fanlar\u0131 hizmeti getirirken bize ayr\u0131m yapm\u0131yor&#8217; oran\u0131n\u0131n en y\u00fcksek \u00e7\u0131kt\u0131\u011f\u0131 belediye Mersin B\u00fcy\u00fck\u015fehir Belediyesi&#8217;dir. Bunu \u00f6v\u00fcnerek s\u00f6yl\u00fcyorum. \u0130kinci bir konu; &#8216;Mersin B\u00fcy\u00fck\u015fehir Belediyesi yapt\u0131\u011f\u0131 i\u015fleri, hizmetleri, bina, yol, her neyse, sinekle m\u00fccadelede sizce kaliteli mi yap\u0131yor?&#8217; sorusuna yine belediyeler i\u00e7erisinde &#8216;Evet Mersin B\u00fcy\u00fck\u015fehir Belediyesi yapt\u0131\u011f\u0131 i\u015fleri kaliteli yapar&#8217; cevab\u0131n\u0131n en y\u00fcksek \u00e7\u0131kt\u0131\u011f\u0131 belediye Mersin&#8217;dir. Bu da bizim i\u00e7in bir \u00f6v\u00fcn\u00e7 kayna\u011f\u0131d\u0131r ve bu \u00f6v\u00fcn\u00e7 hepimizin ortak \u00f6v\u00fcnc\u00fcd\u00fcr. Bu sonu\u00e7 hepimizin ortak sonucudur. Hepimizin ortak gayesiyle ortaya \u00e7\u0131kan bir sonu\u00e7tur. Biz 11 bin ki\u015filik Mersin B\u00fcy\u00fck\u015fehir Belediyesi, Sular \u0130radesi t\u00fcm i\u015fte \u015firketlerimizde \u00e7al\u0131\u015fanlar\u0131n ortak manevi yakla\u015f\u0131m\u0131 i\u015fimizi en g\u00fczel \u015fekilde yaparak, Mersinli hem\u015ferilerimize en g\u00fczle hizmeti yapmakt\u0131r.&#8221;<\/p>\n<p>Personelinden memnun oldu\u011funu ifade eden Ba\u015fkan Se\u00e7er, &#8220;Bug\u00fcnlere beraber geldik. Dikkat ediyorum kamuoyunda hizmetlerimizle ilgili bize kar\u015f\u0131 elde tutulur somut ele\u015ftiriler gelmiyor. &#8216;Bu belediyede yolsuzluk var, i\u015fler iyi gitmiyor, bu belediye y\u00f6netilemiyor, bu belediyede israf alm\u0131\u015f ba\u015f\u0131n\u0131 gitmi\u015f, \u015feffaf de\u011fil&#8217; gibi ele\u015ftiriler alm\u0131yoruz ama dikkat ediyorum bu iyi gidi\u015fat\u0131 bozmak i\u00e7in baz\u0131 \u00e7abalar var. Bunlar vatanda\u015f\u0131n \u00e7abalar\u0131 de\u011fil, vatanda\u015f i\u015finde, g\u00fcc\u00fcnde, ekme\u011finde. Yolunu temiz yap, \u00e7evresini temiz tut, ihtiya\u00e7lar\u0131n\u0131 yap, i\u015finde g\u00fcc\u00fcnde ekme\u011finde olan vatanda\u015f belediyesinden, belediye ba\u015fkan\u0131ndan ba\u015fka bir \u015fey istemez. Emin olun onun siyasi partisini de g\u00f6rmez&#8221; dedi.<br \/>\n&#8220;Siyaset yapan, i\u015fini yapmayan personelle yol y\u00fcr\u00fcyecek anlay\u0131\u015f\u0131m yok&#8221;<br \/>\nB\u00fcy\u00fck\u015fehir Belediyesi&#8217;nin personel politikas\u0131na y\u00f6nelik konu\u015fan Ba\u015fkan Se\u00e7er, &#8220;Bu aram\u0131za nifak sokmad\u0131r. Hi\u00e7bir personelimden, hi\u00e7bir mesai arkada\u015f\u0131mdan, bizim belediyemizde &#8216;siyasi g\u00f6r\u00fc\u015f\u00fcm\u00fczden dolay\u0131 mobbing uygulan\u0131yor&#8217; dendi\u011fi \u015fik\u00e2yetini almad\u0131m. Siz i\u015finizde g\u00fcc\u00fcn\u00fczdeyseniz kimse size &#8216;Hangi partiye oy veriyorsunuz?&#8217; diye m\u00fcdahale etmez ama belediye \u00e7al\u0131\u015fan\u0131s\u0131n\u0131z; i\u015fi g\u00fcc\u00fc b\u0131rakm\u0131\u015fs\u0131n\u0131z sanki sizin i\u015finiz siyasi propaganda yapmak gibi politika yap\u0131yorsan\u0131z, hi\u00e7 kusura bakmay\u0131n. Benim partime de mensup olsan\u0131z, di\u011fer siyasi partilere de mensup olsan\u0131z benim sizinle \u00e7al\u0131\u015facak, beraber yol y\u00fcr\u00fcyecek bir anlay\u0131\u015f\u0131m olmaz&#8221; ifadelerini kulland\u0131.<br \/>\n&#8220;Benim gayem hizmet etmek&#8221;<br \/>\nKendisinin hizmet anlay\u0131\u015f\u0131n\u0131 anlayarak vatanda\u015flar\u0131na hizmet veren \u00e7al\u0131\u015fanlar\u0131n\u0131n kendisi i\u00e7in k\u0131ymetli oldu\u011funu s\u00f6zlerine ekleyen Ba\u015fkan Se\u00e7er, \u015f\u00f6yle devam etti: &#8220;Kurumunuzda huzurunuzu bozacak olanlara, bozmak isteyenlere kula\u011f\u0131n\u0131z\u0131 t\u0131kay\u0131p i\u015finize ekme\u011finize bak\u0131n. Her zaman \u015funu s\u00f6yledim; benim gayem hizmet etmek. 10 ay sonra se\u00e7imlerde halk\u0131n kar\u015f\u0131s\u0131na \u00e7\u0131kt\u0131\u011f\u0131m zaman ba\u015f\u0131m dik aln\u0131m a\u00e7\u0131k olabilmek. Benim 5 y\u0131l nihai hedefim bu olarak Mersin&#8217;e hizmet ettim. Benim \u00e7al\u0131\u015fma arkada\u015f\u0131m da ba\u015fkan\u0131n\u0131n bu d\u00fc\u015f\u00fcncesini g\u00f6r\u00fcp, bilip ba\u015fkan\u0131na yard\u0131mc\u0131 oluyorsa, vatanda\u015fa hizmet g\u00f6t\u00fcr\u00fcyorsa, o \u00e7al\u0131\u015fma arkada\u015f\u0131m benim i\u00e7in muteberdir, de\u011ferlidir, k\u0131ymetlidir. \u00c7\u00fcnk\u00fc halk\u0131ma hizmet ediyordur.&#8221;<br \/>\nBa\u015fkan Se\u00e7er&#8217;in konu\u015fmas\u0131n\u0131n ard\u0131ndan Mersin \u00dcniversitesi \u0130nsan ve Toplum Bilimleri Fak\u00fcltesi Dekan\u0131 Prof. Dr. Ta\u015fk\u0131ner Ketenci taraf\u0131ndan bir sunum ger\u00e7ekle\u015ftirildi. Sunumunun ard\u0131ndan ise Mersin \u00dcniversitesi \u0130nsan ve Toplum Bilimleri Fak\u00fcltesi Dekan\u0131 Prof. Dr. Ta\u015fk\u0131ner Ketenci&#8217;ye ve Mersin \u00dcniversitesi G\u00fczel Sanatlar Dekan\u0131 Ay\u015fe Y\u00fcce&#8217;ye Mersin B\u00fcy\u00fck\u015fehir Belediyesi Genel Sekreter Yard\u0131mc\u0131s\u0131 ve Etik Komisyonu Ba\u015fkan\u0131 Ali R\u0131za \u00d6zdemir taraf\u0131ndan \u00e7i\u00e7ek takdimi yap\u0131ld\u0131. Etkinlik Kent Orkestras\u0131 konseri ile devam etti.<br \/>\nEtkinlikte ayr\u0131ca Mersin B\u00fcy\u00fck\u015fehir Belediyesi Genel Sekreter Yard\u0131mc\u0131s\u0131 ve Etik Komisyonu Ba\u015fkan\u0131 Ali R\u0131za \u00d6zdemir taraf\u0131ndan ME\u00dc S\u00fcrekli E\u011fitim ve Kariyer Merkezi M\u00fcd\u00fcr\u00fc Prof. Dr. \u0130lhan Ege&#8217;ye de plaket takdimi yap\u0131ld\u0131. Etkinlikte son olarak da Mersin B\u00fcy\u00fck\u015fehir Belediyesi Etik Komisyonu ve MESK\u0130 Etik Komisyonu ile birlikte bir aile foto\u011fraf\u0131 \u00e7ektirildi.<br \/>\n\u00d6zdemir: &#8220;Hizmetlerimizi etik kurallar\u0131n\u0131 \u00f6ne koyarak devam ettirece\u011fiz&#8221;<br \/>\nMersin B\u00fcy\u00fck\u015fehir Belediyesi Genel Sekreter Yard\u0131mc\u0131s\u0131 ve Etik Komisyonu Ba\u015fkan\u0131 Ali R\u0131za \u00d6zdemir, etkinlik ile ilgili konu\u015farak, &#8220;25-31 May\u0131s Etik Haftas\u0131&#8217;n\u0131 \u00e7e\u015fitli etkinliklerle kutlamaya gayret ediyoruz. Amac\u0131m\u0131z \u00e7al\u0131\u015fan arkada\u015flar\u0131m\u0131zda fark\u0131ndal\u0131\u011f\u0131 olu\u015fturmak. B\u00fcy\u00fck\u015fehir Belediye Ba\u015fkan\u0131m\u0131z\u0131n hizmet d\u00f6nemi olan 4 y\u0131ll\u0131k s\u00fcre i\u00e7erisinde biz etik k\u00fclt\u00fcr\u00fcn\u00fc hizmetlerimize oturttu\u011fumuzu, yayd\u0131\u011f\u0131m\u0131z\u0131 d\u00fc\u015f\u00fcn\u00fcyoruz. Bunu da vatanda\u015flar\u0131m\u0131zdan gelen tepkilerden, \u00f6l\u00e7\u00fcmlerden g\u00f6r\u00fcyoruz. Herkesin Etik Haftas\u0131&#8217;n\u0131 kutluyorum. Di\u011fer kurumlara da \u00f6rnek olmas\u0131n\u0131 diliyorum&#8221; dedi ve bug\u00fcne kadar oldu\u011fu gibi bundan sonra da hizmetleri etik kurallar\u0131n\u0131 \u00f6ne koyarak devam ettireceklerini vurgulad\u0131.<\/p>\n<p>Ketenci: &#8220;\u0130nsan Haklar\u0131 Evrensel Bildirgesi&#8217;ni merkeze alarak bir sunum yapt\u0131m&#8221;<br \/>\nPrograma Ba\u015fkan Vahap Se\u00e7er&#8217;in de kat\u0131lmas\u0131n\u0131n kendisini onore etti\u011fini dile getiren Mersin \u00dcniversitesi \u0130nsan ve Toplum Bilimleri Fak\u00fcltesi Dekan\u0131 Prof. Dr. Ta\u015fk\u0131ner Ketenci ise &#8220;\u00c7ok g\u00fczel, \u00e7ok ilgiyle beni dinleyen bir kalabal\u0131k bir \u00e7al\u0131\u015fan kitlesi vard\u0131. Say\u0131n Ba\u015fkan\u0131n kat\u0131lmas\u0131 beni \u00e7ok onore etti. \u0130nsan Haklar\u0131 Evrensel Bildirgesi&#8217;ni merkeze alarak bir sunum yapt\u0131m ve bu \u00e7a\u011f\u0131n etik taleplere gereksinimi oldu\u011funu dile getirmeye \u00e7al\u0131\u015ft\u0131m. \u00c7\u00fcnk\u00fc d\u00fcnya \u00e7ok kalabal\u0131k ve \u00e7ok karma\u015f\u0131k bir yap\u0131da. Bu karma\u015f\u0131k yap\u0131 i\u00e7erisinde do\u011fru olan\u0131n ne oldu\u011funu bulmaya ihtiyac\u0131m\u0131z var. Buradaki k\u0131lavuzumuzda etik denilen felsefe disiplinidir. Bunu anlatmaya \u00e7al\u0131\u015ft\u0131m&#8221; ifadelerini kulland\u0131.<\/p>\n<p>ME\u00dc S\u00fcrekli E\u011fitim ve Kariyer Merkezi M\u00fcd\u00fcr\u00fc Prof. Dr. \u0130lhan Ege &#8220;Mersin B\u00fcy\u00fck\u015fehir Belediyesi ile birlikte Mersin \u00dcniversitesi olarak ve S\u00fcrekli E\u011fitim Merkezi ve Kariyer Merkezi olarak ortak etkinlikler yapmaktan memnunuz. \u015eehir ve \u00fcniversite i\u015fbirli\u011fi a\u00e7\u0131s\u0131ndan bu t\u00fcr etkinlikler \u00f6nemli&#8221; \u015feklinde konu\u015ftu.<\/p>\n<p>Azrak: &#8220;Etik kavram\u0131 \u00e7ok geni\u015f bir kavram&#8221;<br \/>\n\u0130nsan Kaynaklar\u0131 Daire Ba\u015fkanl\u0131\u011f\u0131 Memur \u00d6zl\u00fck haklar\u0131 \u015eube M\u00fcd\u00fcr\u00fc Sibel Azrak ise kendi ya\u015fam\u0131nda ve belediye \u00e7al\u0131\u015fmalar\u0131nda e\u015fitli\u011fe \u00e7ok \u00f6nem verdi\u011fini belirterek &#8220;E\u015fitlik bizim i\u00e7in en \u00f6nemli \u015fey. Etik kavram\u0131 \u00e7ok geni\u015f bir kavram zaten. Do\u011fdu\u011fumuzdan bu yana kadar ald\u0131\u011f\u0131m\u0131z oldu\u011fumuz k\u00fclt\u00fcrler, davran\u0131\u015flar, hepsi bizim etik k\u00fclt\u00fcr davran\u0131\u015flar\u0131m\u0131z. Ailemizde g\u00f6rd\u00fc\u011f\u00fcm\u00fcz ve bir yerde \u00e7al\u0131\u015f\u0131rken, kurumsal olarak etik davran\u0131\u015flar\u0131 yerine getirmek bizim temel ama\u00e7lar\u0131m\u0131z. Bunlar\u0131n ba\u015f\u0131nda en \u00f6nemli \u015feylerden bir tanesi e\u015fit ilkesidir. \u00c7ocuklar\u0131m\u0131za da verece\u011fimiz en g\u00fczel \u015fey sevgi ve sayg\u0131, ba\u015fka da bir \u015feyimiz yok. Etik demek zaten hep bunlardan ge\u00e7iyor. Bunlar\u0131 yapabildi\u011fimiz takdirde iyi bir insan olabildi\u011fimizi d\u00fc\u015f\u00fcnebiliyorum&#8221; ifadelerini kulland\u0131.<\/p>\n<p>Mersin B\u00fcy\u00fck\u015fehir Belediyesi Ar\u015fiv \u015eube M\u00fcd\u00fcr\u00fc Nigar Eser Genge\u00e7 &#8220;Hangi i\u015fi yap\u0131yorsak, hangi alanda \u00e7al\u0131\u015f\u0131yorsak onun gere\u011fini yapmak ve bunu s\u00f6ylemlerden ziyade tav\u0131rlar\u0131m\u0131zla \u00e7al\u0131\u015fanlar\u0131m\u0131za aktarabilme, tak\u0131m \u00e7al\u0131\u015fmas\u0131nda g\u00f6sterebilmek etik. Yani s\u00f6ylemde de\u011fil, eylemde g\u00f6stermemiz gerekiyor. Ki bunu onlar da davran\u0131\u015flar\u0131na, gelecek ku\u015faklara anlatabilelim&#8221; dedi.<br \/>\n\u0130tfaiye Dairesi Ba\u015fkanl\u0131\u011f\u0131 Koordinat\u00f6r Amiri S\u00fcleyman \u0130nceler &#8220;Etik kelimesi; \u00e7al\u0131\u015fkanl\u0131k, d\u00fcr\u00fcstl\u00fck, insanlara kar\u015f\u0131 yard\u0131mc\u0131 olmak anlam\u0131na gelir. Bizim de en ba\u015f amac\u0131m\u0131z d\u00fcr\u00fcstl\u00fckt\u00fcr&#8221; dedi.<br \/>\nUla\u015ft\u0131rma Dairesi Ba\u015fkanl\u0131\u011f\u0131 personellerinden Elif Kestek, etik ilkelerin, vatanda\u015flara adil ve e\u015fit bir \u015fekilde din, dil, \u0131rk, siyasi parti ayr\u0131m\u0131 g\u00f6zetmeksizin objektif, tarafs\u0131z ve liyakatli hizmet g\u00f6t\u00fcrebilmenin en ba\u015f\u0131nda geldi\u011fini belirterek &#8220;O y\u00fczden etik bizim i\u00e7in \u00e7ok \u015fey ifade ediyor asl\u0131nda. Etik Haftas\u0131n\u0131 her ne kadar 25-31 May\u0131s tarihi aras\u0131nda kutluyor olsak da etik ilkeleri bizim b\u00fct\u00fcn \u00e7al\u0131\u015fma hayat\u0131m\u0131za yay\u0131lm\u0131\u015ft\u0131r. Biz bu prensiplerle hizmet etmekteyiz. Bizden sonraki \u00e7al\u0131\u015fma arkada\u015flar\u0131m\u0131za ve \u00e7ocuklar\u0131m\u0131za, gen\u00e7lerimize b\u0131rakabilece\u011fimiz en b\u00fcy\u00fck miraslardan birisidir etik ilkelerine uygun \u015fekilde \u00e7al\u0131\u015fmak&#8221; diye konu\u015ftu.<\/p>\n","protected":false},"excerpt":{"rendered":"<p>Mersin B\u00fcy\u00fck\u015fehir Belediye Ba\u015fkan\u0131 Vahap Se\u00e7er, Mersin B\u00fcy\u00fck\u015fehir Belediyesi ve Mersin B\u00fcy\u00fck\u015fehir Belediyesi Mersin Su ve Kanalizasyon \u0130daresi (MESK\u0130) Genel M\u00fcd\u00fcrl\u00fc\u011f\u00fc taraf\u0131ndan &#8216;Etik Varsa Etki Var&#8217; mottosuyla d\u00fczenlenen &#8216;Etik Haftas\u0131&#8217; &hellip; <a href=\"https:\/\/akdenizolaygazetesi.com\/?p=25988\" class=\"more-link\">Devam\u0131n\u0131 Oku&#8230;<\/a><\/p>\n","protected":false},"author":2,"featured_media":25989,"comment_status":"open","ping_status":"open","sticky":false,"template":"","format":"standard","meta":[],"categories":[34,1,2,3],"tags":[],"_links":{"self":[{"href":"https:\/\/akdenizolaygazetesi.com\/index.php?rest_route=\/wp\/v2\/posts\/25988"}],"collection":[{"href":"https:\/\/akdenizolaygazetesi.com\/index.php?rest_route=\/wp\/v2\/posts"}],"about":[{"href":"https:\/\/akdenizolaygazetesi.com\/index.php?rest_route=\/wp\/v2\/types\/post"}],"author":[{"embeddable":true,"href":"https:\/\/akdenizolaygazetesi.com\/index.php?rest_route=\/wp\/v2\/users\/2"}],"replies":[{"embeddable":true,"href":"https:\/\/akdenizolaygazetesi.com\/index.php?rest_route=%2Fwp%2Fv2%2Fcomments&post=25988"}],"version-history":[{"count":1,"href":"https:\/\/akdenizolaygazetesi.com\/index.php?rest_route=\/wp\/v2\/posts\/25988\/revisions"}],"predecessor-version":[{"id":25990,"href":"https:\/\/akdenizolaygazetesi.com\/index.php?rest_route=\/wp\/v2\/posts\/25988\/revisions\/25990"}],"wp:featuredmedia":[{"embeddable":true,"href":"https:\/\/akdenizolaygazetesi.com\/index.php?rest_route=\/wp\/v2\/media\/25989"}],"wp:attachment":[{"href":"https:\/\/akdenizolaygazetesi.com\/index.php?rest_route=%2Fwp%2Fv2%2Fmedia&parent=25988"}],"wp:term":[{"taxonomy":"category","embeddable":true,"href":"https:\/\/akdenizolaygazetesi.com\/index.php?rest_route=%2Fwp%2Fv2%2Fcategories&post=25988"},{"taxonomy":"post_tag","embeddable":true,"href":"https:\/\/akdenizolaygazetesi.com\/index.php?rest_route=%2Fwp%2Fv2%2Ftags&post=25988"}],"curies":[{"name":"wp","href":"https:\/\/api.w.org\/{rel}","templated":true}]}}