{"id":25997,"date":"2023-05-26T13:18:14","date_gmt":"2023-05-26T10:18:14","guid":{"rendered":"http:\/\/akdenizolaygazetesi.com\/?p=25997"},"modified":"2023-05-26T13:18:14","modified_gmt":"2023-05-26T10:18:14","slug":"mersinde-dogu-akdeniz-ormancilik-arastirma-enstitusu-mudurlugu-ile-toplanti-yapildi","status":"publish","type":"post","link":"https:\/\/akdenizolaygazetesi.com\/?p=25997","title":{"rendered":"Mersin\u2019de Do\u011fu Akdeniz Ormanc\u0131l\u0131k Ara\u015ft\u0131rma Enstit\u00fcs\u00fc M\u00fcd\u00fcrl\u00fc\u011f\u00fc ile Toplant\u0131 Yap\u0131ld\u0131"},"content":{"rendered":"<p>Mersin Orman B\u00f6lge M\u00fcd\u00fcrl\u00fc\u011f\u00fc ile Do\u011fu Akdeniz Ormanc\u0131l\u0131k Ara\u015ft\u0131rma Enstit\u00fcs\u00fc M\u00fcd\u00fcrl\u00fc\u011f\u00fc; ara\u015ft\u0131r\u0131lmas\u0131 istenen konular\u0131n belirlenmesine y\u00f6nelik toplant\u0131 yapt\u0131. Mersin Orman B\u00f6lge M\u00fcd\u00fcr\u00fc Mustafa Yal\u00e7\u0131n, Enstit\u00fc M\u00fcd\u00fcr\u00fc Abdulkadir Y\u0131ld\u0131zbakan, \u015eube M\u00fcd\u00fcr Yard\u0131mc\u0131lar\u0131 \u015fube m\u00fcd\u00fcrleri, enstit\u00fc ve b\u00f6lge m\u00fcd\u00fcrl\u00fc\u011f\u00fc ba\u015fm\u00fchendisleri ve m\u00fchendislerinin kat\u0131l\u0131m\u0131yla ger\u00e7ekle\u015fti.<br \/>\nToplant\u0131 a\u00e7\u0131l\u0131\u015f konu\u015fmalar\u0131 ve tan\u0131t\u0131m sunumu 2022 y\u0131l\u0131 sonras\u0131 devam etti. 2023 y\u0131l\u0131 itibariyle biten ve yeni al\u0131nan ara\u015ft\u0131rma projeleri hakk\u0131nda bilgi verilerek, biten projelerin sonu\u00e7lar\u0131, yeni al\u0131nan projelerin kapsam ve ama\u00e7lar\u0131 ve devam eden projelerin i\u00e7eri\u011fi hakk\u0131nda g\u00f6r\u00fc\u015fler ortaya konularak, ara\u015ft\u0131r\u0131lmas\u0131 istenen yeni konular g\u00f6r\u00fc\u015f\u00fcld\u00fc.<br \/>\nB\u00f6lge M\u00fcd\u00fcr\u00fc Yal\u00e7\u0131n; \u2018\u2019Orman Genel M\u00fcd\u00fcrl\u00fc\u011f\u00fcm\u00fcz 1839 y\u0131l\u0131nda kurulan 184 y\u0131ll\u0131k \u00e7ok k\u00f6kl\u00fc bir kurulu\u015ftur. Ormanc\u0131l\u0131k \u00e7al\u0131\u015fmalar\u0131na y\u00f6nelik uygulamalar\u0131n yap\u0131ld\u0131\u011f\u0131 ana hizmet birimi olan Genel M\u00fcd\u00fcrl\u00fc\u011f\u00fcm\u00fcz, zaman i\u00e7erisinde ihtiyaca ya da g\u00fcn\u00fcn \u015fartlar\u0131na g\u00f6re, Do\u011fu Akdeniz Ormanc\u0131l\u0131k Ara\u015ft\u0131rma Enstit\u00fcs\u00fc M\u00fcd\u00fcrl\u00fc\u011f\u00fc ile koordineli bir \u015fekilde \u00e7al\u0131\u015farak, Ormanc\u0131l\u0131\u011f\u0131m\u0131z\u0131 daha ileriye g\u00f6t\u00fcrebilmek i\u00e7in bilimsel temellere dayal\u0131 \u00e7ok verimli \u00e7al\u0131\u015fmalar ortaya koymu\u015f ve sonu\u00e7land\u0131rm\u0131\u015ft\u0131r. Ara\u015ft\u0131rma M\u00fcd\u00fcrl\u00fc\u011f\u00fcm\u00fcze her t\u00fcrl\u00fc  deste\u011fi verece\u011fimizi bir kez daha dile getirerek te\u015fekk\u00fcrlerimizi iletiyorum\u2019\u2019 dedi.<br \/>\nAra\u015ft\u0131r\u0131lmas\u0131 istenen konularla ilgili olarak uygulamac\u0131lar ve ara\u015ft\u0131rmac\u0131lar aras\u0131nda g\u00f6zlem, inceleme ve konu ile ilgili yap\u0131lm\u0131\u015f ve yap\u0131lacak ara\u015ft\u0131rmalar kapsam\u0131nda kar\u015f\u0131l\u0131kl\u0131 g\u00f6r\u00fc\u015fmeler, fikir al\u0131\u015fveri\u015fleri neticesinde ara\u015ft\u0131rmaya konu edilen\/edilecek talepler tutana\u011fa ba\u011flanarak kar\u015f\u0131l\u0131kl\u0131 iyi niyet dilekleriyle toplant\u0131ya son verildi. <\/p>\n","protected":false},"excerpt":{"rendered":"<p>Mersin Orman B\u00f6lge M\u00fcd\u00fcrl\u00fc\u011f\u00fc ile Do\u011fu Akdeniz Ormanc\u0131l\u0131k Ara\u015ft\u0131rma Enstit\u00fcs\u00fc M\u00fcd\u00fcrl\u00fc\u011f\u00fc; ara\u015ft\u0131r\u0131lmas\u0131 istenen konular\u0131n belirlenmesine y\u00f6nelik toplant\u0131 yapt\u0131. Mersin Orman B\u00f6lge M\u00fcd\u00fcr\u00fc Mustafa Yal\u00e7\u0131n, Enstit\u00fc M\u00fcd\u00fcr\u00fc Abdulkadir Y\u0131ld\u0131zbakan, \u015eube M\u00fcd\u00fcr &hellip; <a href=\"https:\/\/akdenizolaygazetesi.com\/?p=25997\" class=\"more-link\">Devam\u0131n\u0131 Oku&#8230;<\/a><\/p>\n","protected":false},"author":2,"featured_media":25998,"comment_status":"open","ping_status":"open","sticky":false,"template":"","format":"standard","meta":[],"categories":[1,2,3],"tags":[],"_links":{"self":[{"href":"https:\/\/akdenizolaygazetesi.com\/index.php?rest_route=\/wp\/v2\/posts\/25997"}],"collection":[{"href":"https:\/\/akdenizolaygazetesi.com\/index.php?rest_route=\/wp\/v2\/posts"}],"about":[{"href":"https:\/\/akdenizolaygazetesi.com\/index.php?rest_route=\/wp\/v2\/types\/post"}],"author":[{"embeddable":true,"href":"https:\/\/akdenizolaygazetesi.com\/index.php?rest_route=\/wp\/v2\/users\/2"}],"replies":[{"embeddable":true,"href":"https:\/\/akdenizolaygazetesi.com\/index.php?rest_route=%2Fwp%2Fv2%2Fcomments&post=25997"}],"version-history":[{"count":1,"href":"https:\/\/akdenizolaygazetesi.com\/index.php?rest_route=\/wp\/v2\/posts\/25997\/revisions"}],"predecessor-version":[{"id":25999,"href":"https:\/\/akdenizolaygazetesi.com\/index.php?rest_route=\/wp\/v2\/posts\/25997\/revisions\/25999"}],"wp:featuredmedia":[{"embeddable":true,"href":"https:\/\/akdenizolaygazetesi.com\/index.php?rest_route=\/wp\/v2\/media\/25998"}],"wp:attachment":[{"href":"https:\/\/akdenizolaygazetesi.com\/index.php?rest_route=%2Fwp%2Fv2%2Fmedia&parent=25997"}],"wp:term":[{"taxonomy":"category","embeddable":true,"href":"https:\/\/akdenizolaygazetesi.com\/index.php?rest_route=%2Fwp%2Fv2%2Fcategories&post=25997"},{"taxonomy":"post_tag","embeddable":true,"href":"https:\/\/akdenizolaygazetesi.com\/index.php?rest_route=%2Fwp%2Fv2%2Ftags&post=25997"}],"curies":[{"name":"wp","href":"https:\/\/api.w.org\/{rel}","templated":true}]}}