{"id":26009,"date":"2023-05-26T13:24:37","date_gmt":"2023-05-26T10:24:37","guid":{"rendered":"http:\/\/akdenizolaygazetesi.com\/?p=26009"},"modified":"2023-05-26T13:24:37","modified_gmt":"2023-05-26T10:24:37","slug":"kariyer-merkezi-ile-yukselen-bir-kariyer-hikayesi","status":"publish","type":"post","link":"https:\/\/akdenizolaygazetesi.com\/?p=26009","title":{"rendered":"KAR\u0130YER MERKEZ\u0130 \u0130LE Y\u00dcKSELEN B\u0130R KAR\u0130YER H\u0130KAYES\u0130"},"content":{"rendered":"<p>Mersin B\u00fcy\u00fck\u015fehir Belediyesi&#8217;nin Kariyer Merkezi, verdi\u011fi e\u011fitimlerle hayatlar\u0131 de\u011fi\u015ftirmeye devam ediyor. Kariyer Merkezi&#8217;nden ald\u0131\u011f\u0131 e\u011fitimin ard\u0131ndan kendine kariyer hedefi koyan Elif Bulut, \u015fimdi \u00f6\u011frencilerine e\u011fitim veriyor.<\/p>\n<p>2 \u00fcniversite mezunu olmas\u0131na ra\u011fmen i\u015f bulmakta zorluk \u00e7eken 27 ya\u015f\u0131ndaki Elif Bulut&#8217;un hayat\u0131 Kariyer Merkezi ile tan\u0131\u015ft\u0131ktan sonra de\u011fi\u015fti. \u00d6nce mezun oldu\u011fu b\u00f6l\u00fcmlerle ilgili bir\u00e7ok m\u00fclakata giren ve Kariyer Merkezi&#8217;nin di\u011fer hizmetlerinden faydalanan Bulut, sonras\u0131nda ald\u0131\u011f\u0131 Halkla \u0130li\u015fkiler ve Organizasyon E\u011fitimi sayesinde kariyerine yeni bir y\u00f6n verdi. Kariyer Merkezi&#8217;nin do\u011fru rehberlik hizmetleri ile 2022-2023 y\u0131l\u0131nda ald\u0131\u011f\u0131 e\u011fitim sayesinde, e\u011fitim verecek seviyeye gelen Elif Bulut, \u015fu an Mersin B\u00fcy\u00fck\u015fehir Belediyesi Denizk\u0131z\u0131 A.\u015e. b\u00fcnyesinde bulunan kafelerde \u00e7al\u0131\u015fanlara servis, komilik ve garsonluk dersi veriyor.<\/p>\n<p>Kariyer Merkezi sayesinde hayat\u0131n\u0131n ve kariyer hedeflerinin de\u011fi\u015fti\u011fini ifade eden Bulut, i\u015f arayan herkesin mutlaka Kariyer Merkezi&#8217;ne gitmesi gerekti\u011fini ifade ediyor.<\/p>\n<p>Bulut: &#8220;E\u011fitim ve y\u00f6nlendirmelerinden dolay\u0131 \u00e7ok memnunum&#8221;<br \/>\n2 \u00fcniversite bitirmesine ra\u011fmen i\u015f bulma konusunda s\u0131k\u0131nt\u0131 ya\u015fayan Elif Bulut, Kariyer Merkezi ile hayat\u0131n\u0131n de\u011fi\u015fti\u011fini kaydetti. Bulut, s\u00fcreci anlatarak, &#8220;Ben Kariyer Merkezi&#8217;yle \u00e7ok \u00f6nceden tan\u0131\u015ft\u0131m. Beni; s\u00f6zl\u00fc, yaz\u0131l\u0131, online m\u00fclakatlara \u00e7a\u011f\u0131rd\u0131lar. Bana halkla ili\u015fkiler ve organizasyon kursu olaca\u011f\u0131n\u0131 s\u00f6ylediler. \u0130lk ba\u015fta Adana&#8217;dan geli\u015f-gidi\u015f yap\u0131yordum. Benim i\u00e7in zorlu bir s\u00fcre\u00e7ti. E\u011fitim ve y\u00f6nlendirmelerinden dolay\u0131 \u00e7ok memnunum. \u0130nsani y\u00f6nleri \u00e7ok y\u00fcksek. Sizinle ileti\u015fim kurmak istiyorlar. Her yerde bu yok&#8221; dedi.<\/p>\n<p>Halen Halk E\u011fitim M\u00fcd\u00fcrl\u00fc\u011f\u00fc b\u00fcnyesinde e\u011fitici olarak \u00e7al\u0131\u015fan ve Mersin B\u00fcy\u00fck\u015fehir Belediyesi Denizk\u0131z\u0131 A.\u015e&#8217;de g\u00f6revli personellere servis, komilik ve garsonluk dersi verdi\u011fini ifade eden Bulut, &#8220;Kariyer Merkezi sayesinde bu konuma geldim. Kariyer Merkezi&#8217;yle kariyer hedefim, ilham noktam, auram, insani duygular\u0131m y\u00fckseldi. Ben de ileti\u015fim noktas\u0131nda Kariyer Merkezi&#8217;nden bir \u015feyler kapt\u0131m&#8221; ifadelerini kulland\u0131.<\/p>\n<p>&#8220;Herkesin mutlaka Kariyer Merkezi&#8217;ne gitmesi gerekti\u011fini d\u00fc\u015f\u00fcn\u00fcyorum&#8221;<br \/>\nBulut, Kariyer Merkezi&#8217;nin i\u015f arama ve e\u011fitim alma s\u00fcrecinde devaml\u0131 kendisini destekledi\u011fini ifade ederek, &#8220;Biz bir i\u015f ba\u015fvurusu yapmaya gitti\u011fimizde herkesle g\u00f6r\u00fc\u015femiyoruz. Kariyer Merkezi onlar\u0131 bizim aya\u011f\u0131m\u0131za getirip, bizim onlarla bulu\u015fmam\u0131z\u0131 sa\u011fl\u0131yordu. Asl\u0131nda \u00e7ok g\u00fczel ve \u00e7ok m\u00fckemmel bir \u015fey. Ben \u00e7ok memnunum, halen gidiyorum. Herkesin mutlaka Kariyer Merkezi&#8217;ne gitmesi gerekti\u011fini, bir yol almas\u0131 gerekti\u011fini d\u00fc\u015f\u00fcn\u00fcyorum&#8221; diye belirtti.<\/p>\n<p>&#8220;Kariyer Merkezi&#8217;nin en \u00f6nemli y\u00f6n\u00fc do\u011fru y\u00f6nlendirmeleri&#8221;<br \/>\nKariyer Merkezi olmasa i\u015f bulamayaca\u011f\u0131n\u0131 ve daha \u00e7ok umutsuzlu\u011fa kap\u0131laca\u011f\u0131n\u0131 ifade eden Bulut, &#8220;Beni, sekt\u00f6r\u00fcmdeki her i\u015f kolu almad\u0131\u011f\u0131ndan dolay\u0131 yava\u015f yava\u015f y\u0131pranmaya ba\u015flayacakt\u0131m, psikolojim bozulacakt\u0131. Belki \u015fehir \u015fehir dola\u015f\u0131p i\u015f arayacakt\u0131m, f\u0131rsat yakalamaya \u00e7al\u0131\u015facakt\u0131m. Belki yanl\u0131\u015f i\u015flerde \u00e7al\u0131\u015facakt\u0131m, ama Kariyer Merkezi&#8217;nin bana katt\u0131\u011f\u0131 \u015feylerden biri de; &#8216;hedefin ne, do\u011frun ne?&#8217; ona g\u00f6re y\u00f6nlendirmeleri oldu. Hayatta var olabildi\u011fimi \u015fu an g\u00f6sterebiliyorum ve geldi\u011fim konumdan dolay\u0131 Kariyer Merkezi ailesine \u00e7ok te\u015fekk\u00fcr ediyorum. Her gencin psikolojisinin bozulmamas\u0131 i\u00e7in ve do\u011fru ad\u0131mlar atmas\u0131 i\u00e7in, Mersin B\u00fcy\u00fck\u015fehir Belediyesi&#8217;nin Kariyer Merkezi&#8217;ni ziyaret etmesini kesinlikle tavsiye ederim&#8221; dedi.<\/p>\n","protected":false},"excerpt":{"rendered":"<p>Mersin B\u00fcy\u00fck\u015fehir Belediyesi&#8217;nin Kariyer Merkezi, verdi\u011fi e\u011fitimlerle hayatlar\u0131 de\u011fi\u015ftirmeye devam ediyor. Kariyer Merkezi&#8217;nden ald\u0131\u011f\u0131 e\u011fitimin ard\u0131ndan kendine kariyer hedefi koyan Elif Bulut, \u015fimdi \u00f6\u011frencilerine e\u011fitim veriyor. 2 \u00fcniversite mezunu olmas\u0131na &hellip; <a href=\"https:\/\/akdenizolaygazetesi.com\/?p=26009\" class=\"more-link\">Devam\u0131n\u0131 Oku&#8230;<\/a><\/p>\n","protected":false},"author":2,"featured_media":26010,"comment_status":"open","ping_status":"open","sticky":false,"template":"","format":"standard","meta":[],"categories":[2,3],"tags":[],"_links":{"self":[{"href":"https:\/\/akdenizolaygazetesi.com\/index.php?rest_route=\/wp\/v2\/posts\/26009"}],"collection":[{"href":"https:\/\/akdenizolaygazetesi.com\/index.php?rest_route=\/wp\/v2\/posts"}],"about":[{"href":"https:\/\/akdenizolaygazetesi.com\/index.php?rest_route=\/wp\/v2\/types\/post"}],"author":[{"embeddable":true,"href":"https:\/\/akdenizolaygazetesi.com\/index.php?rest_route=\/wp\/v2\/users\/2"}],"replies":[{"embeddable":true,"href":"https:\/\/akdenizolaygazetesi.com\/index.php?rest_route=%2Fwp%2Fv2%2Fcomments&post=26009"}],"version-history":[{"count":1,"href":"https:\/\/akdenizolaygazetesi.com\/index.php?rest_route=\/wp\/v2\/posts\/26009\/revisions"}],"predecessor-version":[{"id":26011,"href":"https:\/\/akdenizolaygazetesi.com\/index.php?rest_route=\/wp\/v2\/posts\/26009\/revisions\/26011"}],"wp:featuredmedia":[{"embeddable":true,"href":"https:\/\/akdenizolaygazetesi.com\/index.php?rest_route=\/wp\/v2\/media\/26010"}],"wp:attachment":[{"href":"https:\/\/akdenizolaygazetesi.com\/index.php?rest_route=%2Fwp%2Fv2%2Fmedia&parent=26009"}],"wp:term":[{"taxonomy":"category","embeddable":true,"href":"https:\/\/akdenizolaygazetesi.com\/index.php?rest_route=%2Fwp%2Fv2%2Fcategories&post=26009"},{"taxonomy":"post_tag","embeddable":true,"href":"https:\/\/akdenizolaygazetesi.com\/index.php?rest_route=%2Fwp%2Fv2%2Ftags&post=26009"}],"curies":[{"name":"wp","href":"https:\/\/api.w.org\/{rel}","templated":true}]}}