{"id":26018,"date":"2023-05-26T17:13:09","date_gmt":"2023-05-26T14:13:09","guid":{"rendered":"http:\/\/akdenizolaygazetesi.com\/?p=26018"},"modified":"2023-05-26T17:13:09","modified_gmt":"2023-05-26T14:13:09","slug":"toroslarda-siir-ve-kompozisyon-yarismasinda-dereceye-giren-ogrenciler-odullerini-aldi","status":"publish","type":"post","link":"https:\/\/akdenizolaygazetesi.com\/?p=26018","title":{"rendered":"TOROSLAR&#8217;DA \u015e\u0130\u0130R ve KOMPOZ\u0130SYON YARI\u015eMASINDA DERECEYE G\u0130REN \u00d6\u011eRENC\u0130LER \u00d6D\u00dcLLER\u0130N\u0130 ALDI"},"content":{"rendered":"<p>Mersin Gen\u00e7lik E\u011fitim ve K\u00fclt\u00fcr Vakf\u0131 (MEGEV) ile Mersin Ayd\u0131n D\u00fc\u015f\u00fcnce Derne\u011fi (MAD\u00dcM) \u00f6nc\u00fcl\u00fc\u011f\u00fcnde; Toroslar Kaymakaml\u0131\u011f\u0131, Toroslar Belediyesi ve Toroslar \u0130l\u00e7e Milli E\u011fitim M\u00fcd\u00fcrl\u00fc\u011f\u00fc i\u015fbirli\u011fiyle d\u00fczenlenen &#8220;\u015eiir Yazma&#8221; ve &#8220;Kompozisyon&#8221; Yar\u0131\u015fmas\u0131 sona erdi.<\/p>\n<p>23 Nisan Ulusal Egemenlik ve \u00c7ocuk Bayram\u0131 ile 19 May\u0131s Atat\u00fcrk&#8217;\u00fc Anma, Gen\u00e7lik ve Spor Bayram\u0131 \u00e7er\u00e7evesinde Toroslar \u0130l\u00e7esi&#8217;ndeki ilkokul ve ortaokul \u00f6\u011frencileri aras\u0131nda yap\u0131lan yar\u0131\u015fmada dereceye giren \u00f6\u011frencilere \u00f6d\u00fclleri verildi.<\/p>\n<p>\u00d6\u011frencilerin yo\u011fun ilgi g\u00f6sterdi\u011fi yar\u0131\u015fman\u0131n \u00f6d\u00fcl t\u00f6reni, Yunus Emre K\u00fclt\u00fcr Merkezi&#8217;nde yap\u0131ld\u0131. Vatan ve millet sevgisini sat\u0131rlara d\u00f6ken \u00e7ocuklar\u0131n ve gen\u00e7lerin milli ve manevi duygularla yazd\u0131\u011f\u0131 \u015fiir ve kompozisyonlar b\u00fcy\u00fck alk\u0131\u015f ald\u0131.<\/p>\n<p>\u00d6d\u00fcl t\u00f6renine; Toroslar Kaymakam\u0131 \u0130brahim \u00c7enet, Toroslar Belediye Ba\u015fkan\u0131 Ats\u0131z Af\u015f\u0131n Y\u0131lmaz, Toroslar \u0130l\u00e7e Milli E\u011fitim M\u00fcd\u00fcr\u00fc O\u011fuzhan T\u00fcl\u00fcc\u00fc ve \u015eube M\u00fcd\u00fcrleri, MEGEV ve MAD\u00dcM Y\u00f6netim Kurulu Ba\u015fkan\u0131 Mehmet Nihat Y\u0131lmaz ve Y\u00f6netim Kurulu \u00dcyeleri, belediye meclis \u00fcyeleri, mahalle muhtarlar\u0131, sivil toplum kurulu\u015flar\u0131n\u0131n temsilcileri, \u00f6\u011fretmenler, \u00f6\u011frenciler ve aileleri kat\u0131ld\u0131.<\/p>\n<p>MEGEV VE MAD\u00dcM BA\u015eKANI YILMAZ; &#8220;BU \u00c7ALI\u015eMALARI AYNI HEYECANLA S\u00dcRD\u00dcRECE\u011e\u0130Z&#8221;<\/p>\n<p>Sayg\u0131 duru\u015fu ve \u0130stiklal Mar\u015f\u0131&#8217;n\u0131n okunmas\u0131n\u0131n ard\u0131ndan ba\u015flayan t\u00f6renin a\u00e7\u0131l\u0131\u015f konu\u015fmas\u0131n\u0131 Mersin Gen\u00e7lik E\u011fitim ve K\u00fclt\u00fcr Vakf\u0131 (MEGEV) ile Mersin Ayd\u0131n D\u00fc\u015f\u00fcnce Derne\u011fi (MAD\u00dcM) Y\u00f6netim Kurulu Ba\u015fkan\u0131 Mehmet Nihat Y\u0131lmaz yapt\u0131.<\/p>\n<p>Y\u0131lmaz, yar\u0131\u015fmaya katk\u0131 sunan Toroslar Kaymakaml\u0131\u011f\u0131&#8217;na, Toroslar Belediye Ba\u015fkanl\u0131\u011f\u0131&#8217;na ve \u0130l\u00e7e Milli E\u011fitim M\u00fcd\u00fcrl\u00fc\u011f\u00fc&#8217;ne te\u015fekk\u00fcr ederek, vakf\u0131n amac\u0131 hakk\u0131nda bilgiler verdi.<\/p>\n<p>&#8220;Toroslar&#8217;daki \u00e7ocuklar\u0131m\u0131za borcumuz var!&#8221; slogan\u0131yla \u00e7al\u0131\u015fmalar y\u00fcr\u00fctt\u00fcklerini kaydeden Vak\u0131f Ba\u015fkan\u0131 Y\u0131lmaz; &#8220;Vakf\u0131m\u0131z; okuyan, d\u00fc\u015f\u00fcnen, sorgulayan, Cumhuriyet&#8217;e ve manevi de\u011ferlerine ba\u011fl\u0131 ayd\u0131n insanlarla dayan\u0131\u015fma yapmak, bayrak nesil yeti\u015ftirmektir. \u00c7ocuklar\u0131m\u0131za ve gen\u00e7lerimize burs temin etmek, yurt ve okul a\u00e7makt\u0131r. Bu \u00e7al\u0131\u015fmalar\u0131, ayn\u0131 heyecanla s\u00fcrd\u00fcrce\u011fiz&#8221; diye konu\u015ftu.<\/p>\n<p>BA\u015eKAN YILMAZ; &#8221; \u00c7OCUKLARIMIZ, \u0130LER\u0130DE \u00c7OK G\u00dcZEL YERLERDE B\u0130Z\u0130 TEMS\u0130L EDECEKLER. GURUR DUYUYORUZ&#8221;<\/p>\n<p>Toroslar Belediye Ba\u015fkan\u0131 Ats\u0131z Af\u015f\u0131n Y\u0131lmaz da \u00e7ocuklar\u0131n ve gen\u00e7lerin bu heyecan\u0131na ortak olarak, t\u00fcm kat\u0131l\u0131mc\u0131lar\u0131 tebrik etti. Ba\u015fkan Y\u0131lmaz; &#8220;Ge\u00e7mi\u015fte oldu\u011fu gibi bug\u00fcn de yar\u0131n da bu \u00fclkenin gen\u00e7leri, vatan\u0131na, milletine ve ba\u011f\u0131ms\u0131zl\u0131\u011f\u0131na sahip \u00e7\u0131kmaya devam edecek&#8221; dedi.<\/p>\n<p>Ba\u015fkan Y\u0131lmaz,  salondaki t\u00fcm \u00e7ocuklara ve gen\u00e7lere seslenerek, her zaman yanlar\u0131nda olduklar\u0131n\u0131 ve olmaya devam edeceklerinin s\u00f6z\u00fcn\u00fc verdi.<\/p>\n<p>&#8220;Sevgili gen\u00e7ler ve sevgili \u00e7ocuklar. Bizler, sizleri \u00e7ok seviyoruz. Bizim \u00e7ocuklar\u0131m\u0131z ve gelece\u011fimiz oldu\u011funuz i\u00e7in seviyoruz&#8221; diyen Ba\u015fkan Y\u0131lmaz, konu\u015fmas\u0131n\u0131 \u015f\u00f6yle s\u00fcrd\u00fcrd\u00fc; &#8220;Cumhuriyetimizin kurucusu Gazi Mustafa Kemal Atat\u00fcrk, 23 Nisan Ulusal Egemenlik ve \u00c7ocuk Bayram\u0131 ile 19 May\u0131s Atat\u00fcrk&#8217;\u00fc Anma, Gen\u00e7lik ve Spor Bayram\u0131&#8217;n\u0131 sizlere arma\u011fan etti\u011fi i\u00e7in seviyoruz. Bu g\u00fczel program\u0131m\u0131zda, \u015fiirlerinizle, kompozisyonlar\u0131n\u0131zla yer ald\u0131\u011f\u0131n\u0131z i\u00e7in seviyoruz. Hepinizi tebrik ediyorum. Gazi Mustafa Kemal Atat\u00fcrk ve silah arkada\u015flar\u0131n\u0131 rahmetle, minnetle an\u0131yorum.&#8221;<\/p>\n<p>Ba\u015fkan Y\u0131lmaz, ileride bu g\u00f6revleri ve makamlar\u0131 gelece\u011fimizin teminat\u0131 gen\u00e7lere b\u0131rakacaklar\u0131n\u0131 belirterek; &#8220;Bizler birg\u00fcn bu g\u00f6revleri sizlere devredece\u011fiz. Buna en iyi \u015fekilde haz\u0131rlanaca\u011f\u0131n\u0131za inan\u0131yoruz. Hepinizi sevgi ve sayg\u0131yla selaml\u0131yorum. Bu g\u00fczel program\u0131 haz\u0131rlayan MEGEV ve MAD\u00dcM Ba\u015fkan\u0131m\u0131za, k\u0131ymetli Kaymakam\u0131m\u0131za, \u0130l\u00e7e Milli E\u011fitim M\u00fcd\u00fcr\u00fcm\u00fcze ve eme\u011fi ge\u00e7en t\u00fcm \u00f6\u011fretmenlerimize te\u015fekk\u00fcr ediyorum&#8221; ifadelerini kulland\u0131.<\/p>\n<p>KAYMAKAM \u00c7ENET; &#8220;PIRIL PIRIL \u00c7OCUKLARIMIZIN, GEN\u00c7LER\u0130M\u0130Z\u0130N YANINDAYIZ&#8221;<\/p>\n<p>Toroslar Kaymakam\u0131 \u0130brahim \u00c7enet de &#8220;Toroslar&#8217;daki \u00e7ocuklara borcumuz var&#8221; slogan\u0131yla ba\u015far\u0131l\u0131 \u00e7al\u0131\u015fmalar y\u00fcr\u00fcten MEGEV ve MAD\u00dcM Ba\u015fkan\u0131 Mehmet Nihat Y\u0131lmaz ve Y\u00f6netim Kurulu \u00dcyelerini tebrik etti.<\/p>\n<p>Kaymakam \u00c7enet; &#8220;23 Nisan Ulusal Egemenlik ve \u00c7ocuk Bayram\u0131 ile 19 May\u0131s Atat\u00fcrk&#8217;\u00fc Anma, Gen\u00e7lik ve Spor Bayram\u0131 \u00e7er\u00e7evesinde \u00e7ocuklar\u0131m\u0131z ve gen\u00e7lerimiz i\u00e7in d\u00fczenlenen \u015eiir ve Kompozisyon Yar\u0131\u015fmas\u0131n\u0131n \u00f6d\u00fcl t\u00f6renindeyiz. \u00c7ocuklar\u0131m\u0131z\u0131n g\u00f6zleri p\u0131r\u0131l p\u0131r\u0131l. Sizler, Gazi Musatafa Kemal Atat\u00fcrk&#8217;\u00fcn; &#8220;Arkada\u015flar gidip Toros Da\u011flar\u0131na bak\u0131n\u0131z; e\u011fer orada bir tek Y\u00f6r\u00fck \u00e7ad\u0131r\u0131 g\u00f6r\u00fcrseniz ve o \u00e7ad\u0131rda bir duman t\u00fct\u00fcyorsa, \u015funu \u00e7ok iyi biliniz ki, bu d\u00fcnyada hi\u00e7bir g\u00fc\u00e7 ve kuvvet bizi asla yenemez&#8221; dedi\u011fi Toros da\u011flar\u0131n\u0131n aslan y\u00fcrekli insanlar\u0131n\u0131n \u00e7ocuklar\u0131s\u0131n\u0131z. Bununla ne kadar gurur duysan\u0131z azd\u0131r. Bizlere d\u00fc\u015fen bu u\u011furda her daim yard\u0131mc\u0131 olmakt\u0131r. Milli E\u011fitim M\u00fcd\u00fcrl\u00fc\u011f\u00fcm\u00fczle, Belediyemizle, b\u00fct\u00fcn kurumlar\u0131m\u0131zla, idarecilerimizle ve \u00f6\u011fretmenlerimizle sizlere bu f\u0131rsat e\u015fitli\u011fini sa\u011flayabilmek i\u00e7in bir seferberlik halindeyiz. Ailelerinizi tebrik ediyor, sizlere ba\u015far\u0131lar diliyorum&#8221; \u015feklinde konu\u015ftu.<\/p>\n<p>Konu\u015fmalar\u0131n ard\u0131ndan \u00f6d\u00fcl t\u00f6renine ge\u00e7ildi. Toroslar Kaymakam\u0131 \u0130brahim \u00c7enet, Toroslar Belediye Ba\u015fkan\u0131 Ats\u0131z Af\u015f\u0131n Y\u0131lmaz, \u0130l\u00e7e Milli E\u011fitim M\u00fcd\u00fcr\u00fc O\u011fuzhan T\u00fcl\u00fcc\u00fc, MEGEV ve MAD\u00dcM Ba\u015fkan\u0131 Mehmet Nihat Y\u0131lmaz ve protokol \u00fcyeleri taraf\u0131ndan dereceye giren \u00f6\u011frencilere hediyeleri takdim edilirken, t\u00fcm kat\u0131l\u0131mc\u0131lara da ba\u015far\u0131 belgesi verildi.<\/p>\n<p>Programda;  Mersin Gen\u00e7lik E\u011fitim ve K\u00fclt\u00fcr Vakf\u0131 (MEGEV) ile Mersin Ayd\u0131n D\u00fc\u015f\u00fcnce Derne\u011fi (MAD\u00dcM) Ba\u015fkan\u0131 Mehmet Nihat Y\u0131lmaz, \u0130l\u00e7e Kaymakam\u0131 \u0130brahim \u00c7enet&#8217;e ve programa katk\u0131 sunanlara te\u015fekk\u00fcr plaketi takdim etti.<\/p>\n<p>\u00d6d\u00fcl t\u00f6reni, hat\u0131ra foto\u011fraf\u0131 \u00e7ekimiyle son buldu.<\/p>\n","protected":false},"excerpt":{"rendered":"<p>Mersin Gen\u00e7lik E\u011fitim ve K\u00fclt\u00fcr Vakf\u0131 (MEGEV) ile Mersin Ayd\u0131n D\u00fc\u015f\u00fcnce Derne\u011fi (MAD\u00dcM) \u00f6nc\u00fcl\u00fc\u011f\u00fcnde; Toroslar Kaymakaml\u0131\u011f\u0131, Toroslar Belediyesi ve Toroslar \u0130l\u00e7e Milli E\u011fitim M\u00fcd\u00fcrl\u00fc\u011f\u00fc i\u015fbirli\u011fiyle d\u00fczenlenen &#8220;\u015eiir Yazma&#8221; ve &#8220;Kompozisyon&#8221; &hellip; <a href=\"https:\/\/akdenizolaygazetesi.com\/?p=26018\" class=\"more-link\">Devam\u0131n\u0131 Oku&#8230;<\/a><\/p>\n","protected":false},"author":2,"featured_media":26019,"comment_status":"open","ping_status":"open","sticky":false,"template":"","format":"standard","meta":[],"categories":[2,3,5],"tags":[],"_links":{"self":[{"href":"https:\/\/akdenizolaygazetesi.com\/index.php?rest_route=\/wp\/v2\/posts\/26018"}],"collection":[{"href":"https:\/\/akdenizolaygazetesi.com\/index.php?rest_route=\/wp\/v2\/posts"}],"about":[{"href":"https:\/\/akdenizolaygazetesi.com\/index.php?rest_route=\/wp\/v2\/types\/post"}],"author":[{"embeddable":true,"href":"https:\/\/akdenizolaygazetesi.com\/index.php?rest_route=\/wp\/v2\/users\/2"}],"replies":[{"embeddable":true,"href":"https:\/\/akdenizolaygazetesi.com\/index.php?rest_route=%2Fwp%2Fv2%2Fcomments&post=26018"}],"version-history":[{"count":1,"href":"https:\/\/akdenizolaygazetesi.com\/index.php?rest_route=\/wp\/v2\/posts\/26018\/revisions"}],"predecessor-version":[{"id":26020,"href":"https:\/\/akdenizolaygazetesi.com\/index.php?rest_route=\/wp\/v2\/posts\/26018\/revisions\/26020"}],"wp:featuredmedia":[{"embeddable":true,"href":"https:\/\/akdenizolaygazetesi.com\/index.php?rest_route=\/wp\/v2\/media\/26019"}],"wp:attachment":[{"href":"https:\/\/akdenizolaygazetesi.com\/index.php?rest_route=%2Fwp%2Fv2%2Fmedia&parent=26018"}],"wp:term":[{"taxonomy":"category","embeddable":true,"href":"https:\/\/akdenizolaygazetesi.com\/index.php?rest_route=%2Fwp%2Fv2%2Fcategories&post=26018"},{"taxonomy":"post_tag","embeddable":true,"href":"https:\/\/akdenizolaygazetesi.com\/index.php?rest_route=%2Fwp%2Fv2%2Ftags&post=26018"}],"curies":[{"name":"wp","href":"https:\/\/api.w.org\/{rel}","templated":true}]}}