{"id":26021,"date":"2023-05-29T13:11:06","date_gmt":"2023-05-29T10:11:06","guid":{"rendered":"http:\/\/akdenizolaygazetesi.com\/?p=26021"},"modified":"2023-05-29T13:11:06","modified_gmt":"2023-05-29T10:11:06","slug":"buyuksehirin-uretici-kadin-stantlari-ilgi-goruyor","status":"publish","type":"post","link":"https:\/\/akdenizolaygazetesi.com\/?p=26021","title":{"rendered":"B\u00dcY\u00dcK\u015eEH\u0130R&#8217;\u0130N \u00dcRET\u0130C\u0130 KADIN STANTLARI \u0130LG\u0130 G\u00d6R\u00dcYOR"},"content":{"rendered":"<p>Mersin B\u00fcy\u00fck\u015fehir Belediyesi Kad\u0131n ve Aile Hizmetleri Dairesi koordinesinde kentin d\u00f6rt bir yan\u0131nda a\u00e7\u0131lan \u00fcretici kad\u0131n stantlar\u0131, bu kez de Tarsus K\u00fclt\u00fcr Park ile Yo\u011furt Pazar\u0131&#8217;nda kuruldu. Stantlarda Mersin&#8217;deki kad\u0131n \u00fcreticilerin yan\u0131 s\u0131ra, deprem felaketinin ard\u0131ndan Hatay&#8217;dan kente gelen kad\u0131n \u00fcreticiler de yer ald\u0131. \u00dcretici kad\u0131n stantlar\u0131, bundan sonraki s\u00fcre\u00e7te her \u00c7ar\u015famba Tarsus K\u00fclt\u00fcr Merkezi&#8217;nde, her Cuma&#8217;da Yo\u011furt Pazar\u0131&#8217;nda periyodik olarak kurulacak.<br \/>\nYo\u011furt Pazar\u0131&#8217;nda kurulan stantlarda; Hatay&#8217;\u0131n me\u015fhur lezzetlerinden Tarsus&#8217;un Karaku\u015f tatl\u0131s\u0131na, G\u00fclnar&#8217;\u0131n nohudundan Mut&#8217;un zeytinya\u011f\u0131na, bal \u00fcr\u00fcnlerinden hediyelik e\u015fyalara kadar bir\u00e7ok el eme\u011fi \u00fcr\u00fcn Mersinlilerle bulu\u015fturuldu.<br \/>\n&#8220;El eme\u011fi \u00fcr\u00fcnlerimiz, bu stantlarda g\u00f6r\u00fcn\u00fcr oluyor&#8221;<br \/>\nDaha \u00f6nce ba\u015fka noktalarda kurulan kad\u0131n \u00fcretici stantlar\u0131nda da yer ald\u0131\u011f\u0131n\u0131 s\u00f6yleyen Z\u00fcbeyde \u015eahin, &#8220;Yo\u011furt Pazar\u0131&#8217;nday\u0131z. Evde \u00fcretti\u011fimiz \u00fcr\u00fcnlerimizi getiriyoruz. Do\u011fal ek\u015fi mayal\u0131 ekmek yap\u0131yorum, b\u00f6rek yap\u0131yorum. Vahap Bey&#8217;e \u00e7ok te\u015fekk\u00fcr ediyoruz, bizden desteklerini esirgemiyor her anlamda. B\u00fct\u00fcn \u00fcreten kad\u0131nlar\u0131m\u0131z\u0131n yan\u0131nda oluyor. El eme\u011fimiz bu stantlarda g\u00f6r\u00fcn\u00fcr oluyor&#8221; dedi.<br \/>\n6 \u015eubat&#8217;ta Hatay&#8217;dan Mersin&#8217;e geldiklerini anlatan Milya F\u0131rsatbul, bir\u00e7ok farkl\u0131 ar\u0131c\u0131l\u0131k \u00fcr\u00fcn\u00fc ile stantta yerini ald\u0131. F\u0131rsatbul, &#8220;Bize 6 \u015eubat&#8217;tan bu yana kap\u0131lar\u0131n\u0131 a\u00e7an Say\u0131n B\u00fcy\u00fck\u015fehir Belediye Ba\u015fkan\u0131m\u0131za \u00e7ok te\u015fekk\u00fcr ediyorum. Mersin B\u00fcy\u00fck\u015fehir Belediyesi&#8217;nin, kad\u0131nlar\u0131 destekleyici bu t\u00fcr stantlar a\u00e7t\u0131\u011f\u0131n\u0131 \u00e7ok iyi bildi\u011fim i\u00e7in, &#8216;bir g\u00fcn ben de Antakya&#8217;dan Mersin&#8217;e geleyim ve bu stantlarda yer alay\u0131m&#8217; diyordum. Ger\u00e7ekten de kad\u0131n\u0131 her zaman \u00f6n planda g\u00f6ren bir belediyecilik anlay\u0131\u015f\u0131n\u0131 g\u00f6r\u00fcyorum&#8221; diye konu\u015ftu.<br \/>\nHatay&#8217;dan gelen Vesile G\u00fclen ise, Hatay&#8217;\u0131n lezzetleri olan el eme\u011fi \u00fcr\u00fcnlerini Mersinlilerle bulu\u015fturuyor. G\u00fclen, Mersin B\u00fcy\u00fck\u015fehir Belediyesi&#8217;nin kendileriyle \u00e7ok ilgilendi\u011fini belirterek, &#8220;Hatay&#8217;dan depremzede olarak geldik. Hatay&#8217;\u0131n \u00fcr\u00fcnlerini, lezzetlerini burada \u00fcretip sat\u0131yoruz. Allah raz\u0131 olsun ilgilendiler&#8221; dedi.<br \/>\n&#8220;\u00c7ocuklar\u0131m i\u00e7in do\u011fal \u00fcr\u00fcnlere rahatl\u0131kla ula\u015fabilme \u015fans\u0131m oluyor&#8221;<br \/>\nStantlar\u0131 gezen vatanda\u015flardan P\u0131nar Erda\u015f, &#8220;\u0130\u015fe gidiyordum, her zaman yolumun \u00fcst\u00fc ve genelde bu aktiviteye hep denk geliyorum. \u00c7ocuklar\u0131m i\u00e7in do\u011fal \u00fcr\u00fcnlere rahatl\u0131kla ula\u015fabilme \u015fans\u0131m oluyor. Alternatif de\u011fi\u015fik \u00fcr\u00fcnler gelmi\u015fti, o da ho\u015fuma gitti\u011fi i\u00e7in al\u0131\u015fveri\u015f yapt\u0131m&#8221; dedi. B\u00fcy\u00fck\u015fehir&#8217;in kad\u0131n \u00fcreticileri desteklemesini be\u011feniyle kar\u015f\u0131layan Erda\u015f, &#8220;Sesimizin daha \u00e7ok duyulmas\u0131 gerekiyor. Daha fazla mecrada yer alabilmemiz i\u00e7in, b\u00f6yle etkinliklere daha fazla yerde ula\u015fmam\u0131z gerekiyor&#8221;  dedi.<br \/>\nEdibe Avc\u0131, &#8220;\u00c7ok g\u00fczel, tertemiz. Kad\u0131nlar\u0131 tebrik ediyorum. \u00c7ok g\u00fczel \u00fcr\u00fcnler yap\u0131yorlar. Ba\u015far\u0131lar dilerim. Desteklenmek, bir anne i\u00e7in ve bir kad\u0131n i\u00e7in \u00e7ok g\u00fczel&#8221; dedi.<br \/>\nTaksici esnaf\u0131 Ziya \u015eat, &#8220;Buradaki etkinlikleri be\u011feniyorum. Mersinlilerin de gelip g\u00f6rmesini istiyorum. B\u00f6re\u011finden tutun da bal\u0131na, hububat\u0131na, zeytinine kadar \u00e7ok g\u00fczel \u00fcr\u00fcnler var&#8221; ifadelerine yer verdi.<br \/>\n\u00dcretici kad\u0131nlar\u0131n bir stand\u0131 da Tarsus&#8217;ta kuruldu<br \/>\nTarsus K\u00fclt\u00fcr Park&#8217;ta kurulan \u00fcretici kad\u0131n stantlar\u0131nda ise; Tarsus&#8217;a \u00f6zg\u00fc i\u011fne oyas\u0131ndan el eme\u011fi di\u011fer \u00f6rg\u00fc \u00fcr\u00fcnlere, limon dondurmadan yine y\u00f6reye has kokulu \u00e7\u00f6re\u011fe, karaku\u015f tatl\u0131s\u0131ndan leziz mamullere kadar onlarca yiyecek bulunuyor.<br \/>\nTarsus&#8217;a \u00f6zg\u00fc limon dondurmas\u0131 imal eden ve ilk kez \u00fcretici kad\u0131n stantlar\u0131nda yer alan Semra Korkmaz, &#8220;\u00c7ok g\u00fczel ge\u00e7ti. Limon dondurmas\u0131 sat\u0131yorum. Arkada\u015flarla tan\u0131\u015ft\u0131\u011f\u0131ma memnun oldum&#8221; diye konu\u015ftu.<br \/>\nYine stantlarda ilk kez yer alan kad\u0131n \u00fcreticilerden Leyla Sevilmi\u015f , &#8220;Tarsus&#8217;a \u00f6zg\u00fc biberlimiz var. Yaprak sarmas\u0131, sar\u0131msakl\u0131 k\u00f6fte, biber dolmas\u0131 yapt\u0131m. Herkesi bekliyoruz. T\u00fcm Tarsuslular\u0131 \u00fcr\u00fcnlerimizi tan\u0131maya ve tad\u0131na bakmaya beklerim&#8221; dedi.<br \/>\nY\u00f6reye \u00f6zg\u00fc di\u011fer yiyecekler aras\u0131nda yer alan kokulu \u00e7\u00f6rek ve mamul yap\u0131p satan Sibel O\u011fur da, &#8220;Severek yap\u0131yorum bu i\u015fi. B\u00fcy\u00fck\u015fehir Belediyesi&#8217;nin kurmu\u015f oldu\u011fu bu stantlarda \u00fcr\u00fcnlerimi sunmak bana \u00e7ok zevk veriyor. Burada \u00fcr\u00fcnleri sat\u0131yoruz, sat\u0131\u015flar\u0131m\u0131z g\u00fczel. Bize ek katk\u0131 oluyor&#8221; ifadelerini kulland\u0131.<\/p>\n","protected":false},"excerpt":{"rendered":"<p>Mersin B\u00fcy\u00fck\u015fehir Belediyesi Kad\u0131n ve Aile Hizmetleri Dairesi koordinesinde kentin d\u00f6rt bir yan\u0131nda a\u00e7\u0131lan \u00fcretici kad\u0131n stantlar\u0131, bu kez de Tarsus K\u00fclt\u00fcr Park ile Yo\u011furt Pazar\u0131&#8217;nda kuruldu. Stantlarda Mersin&#8217;deki kad\u0131n &hellip; <a href=\"https:\/\/akdenizolaygazetesi.com\/?p=26021\" class=\"more-link\">Devam\u0131n\u0131 Oku&#8230;<\/a><\/p>\n","protected":false},"author":2,"featured_media":26022,"comment_status":"open","ping_status":"open","sticky":false,"template":"","format":"standard","meta":[],"categories":[8,2,3],"tags":[],"_links":{"self":[{"href":"https:\/\/akdenizolaygazetesi.com\/index.php?rest_route=\/wp\/v2\/posts\/26021"}],"collection":[{"href":"https:\/\/akdenizolaygazetesi.com\/index.php?rest_route=\/wp\/v2\/posts"}],"about":[{"href":"https:\/\/akdenizolaygazetesi.com\/index.php?rest_route=\/wp\/v2\/types\/post"}],"author":[{"embeddable":true,"href":"https:\/\/akdenizolaygazetesi.com\/index.php?rest_route=\/wp\/v2\/users\/2"}],"replies":[{"embeddable":true,"href":"https:\/\/akdenizolaygazetesi.com\/index.php?rest_route=%2Fwp%2Fv2%2Fcomments&post=26021"}],"version-history":[{"count":1,"href":"https:\/\/akdenizolaygazetesi.com\/index.php?rest_route=\/wp\/v2\/posts\/26021\/revisions"}],"predecessor-version":[{"id":26023,"href":"https:\/\/akdenizolaygazetesi.com\/index.php?rest_route=\/wp\/v2\/posts\/26021\/revisions\/26023"}],"wp:featuredmedia":[{"embeddable":true,"href":"https:\/\/akdenizolaygazetesi.com\/index.php?rest_route=\/wp\/v2\/media\/26022"}],"wp:attachment":[{"href":"https:\/\/akdenizolaygazetesi.com\/index.php?rest_route=%2Fwp%2Fv2%2Fmedia&parent=26021"}],"wp:term":[{"taxonomy":"category","embeddable":true,"href":"https:\/\/akdenizolaygazetesi.com\/index.php?rest_route=%2Fwp%2Fv2%2Fcategories&post=26021"},{"taxonomy":"post_tag","embeddable":true,"href":"https:\/\/akdenizolaygazetesi.com\/index.php?rest_route=%2Fwp%2Fv2%2Ftags&post=26021"}],"curies":[{"name":"wp","href":"https:\/\/api.w.org\/{rel}","templated":true}]}}