{"id":26027,"date":"2023-05-29T13:13:48","date_gmt":"2023-05-29T10:13:48","guid":{"rendered":"http:\/\/akdenizolaygazetesi.com\/?p=26027"},"modified":"2023-05-29T13:13:48","modified_gmt":"2023-05-29T10:13:48","slug":"tiyatro-tempo-ekibi-cocuklarla-bir-araya-geldi","status":"publish","type":"post","link":"https:\/\/akdenizolaygazetesi.com\/?p=26027","title":{"rendered":"&#8216;T\u0130YATRO TEMPO&#8217; EK\u0130B\u0130 \u00c7OCUKLARLA B\u0130R ARAYA GELD\u0130"},"content":{"rendered":"<p>Mersin B\u00fcy\u00fck\u015fehir Belediyesi K\u00fclt\u00fcr ve Sosyal \u0130\u015fler Daire Ba\u015fkanl\u0131\u011f\u0131, b\u00fcnyesinde verdi\u011fi k\u00fclt\u00fcr-sanat hizmetlerinin yan\u0131 s\u0131ra, ba\u011f\u0131ms\u0131z k\u00fclt\u00fcr sanat etkinliklerine de desteklerini s\u00fcrd\u00fcr\u00fcyor. Turne kapsam\u0131nda kente gelen &#8220;Tiyatro Tempo&#8221; sanat\u00e7\u0131lar\u0131, g\u00fcn boyu hem depremzede \u00e7ocuklar, hem de kentteki \u00e7ocuklar i\u00e7in bir dizi etkinlik ger\u00e7ekle\u015ftirdi.<br \/>\nHem \u00e7ocuklar, hem de aileleri keyifli dakikalar ge\u00e7irdi<br \/>\nNevit Kodall\u0131 Sahnesi&#8217;nde 4-8 ya\u015f aral\u0131\u011f\u0131ndaki depremzede \u00e7ocuklar\u0131n da bulundu\u011fu minik seyirciler i\u00e7in, &#8216;Durgun G\u00f6ldeki Maskara&#8217; oyunu sahnelendi. Oyun, Kurba\u011fa Maskara&#8217;n\u0131n, ya\u015fad\u0131\u011f\u0131 g\u00f6l\u00fcn kirlenmesi \u00fczerine harekete ge\u00e7mesini konu al\u0131yor. Nevit Kodall\u0131 Oda Tiyatrosu&#8217;nda daha sonra 6-12 ya\u015f aral\u0131\u011f\u0131ndaki \u00e7ocuklar i\u00e7in &#8216;Kelebek ve Mart\u0131 Kukla Yap\u0131m At\u00f6lyesi&#8217; d\u00fczenlendi. El i\u015fi malzemeleriyle rengarenk kelebek kuklalar yapan \u00e7ocuklar, Tiyatro Tempo&#8217;nun Genel Sanat Y\u00f6netmeni Haluk Y\u00fcce e\u015fli\u011finde keyifli dakikalar ge\u00e7irdi.<br \/>\nTiyatro Tempo, ger\u00e7ekle\u015ftirdi\u011fi etkinliklerin sonuncusunda &#8216;Palya\u00e7olar Orkestras\u0131&#8217; \u00e7ocuk \u015fark\u0131lar\u0131 konseri d\u00fczenledi. K\u00fclt\u00fcr Park&#8217;ta yer alan Amfi Tiyatro&#8217;da ger\u00e7ekle\u015fen etkinlik, \u00e7ocuklar\u0131yla kat\u0131lan ailelerden tam not ald\u0131.<br \/>\nY\u00fcce: &#8220;Turnenin amac\u0131,  \u00f6zellikle depremzede \u00e7ocuklar\u0131n y\u00fcz\u00fcn\u00fc birazc\u0131k g\u00fcld\u00fcrmek&#8221;<br \/>\nTurnenin amac\u0131n\u0131n, deprem b\u00f6lgesinden de\u011fi\u015fik \u015fehirlere gitmi\u015f ailelerin \u00e7ocuklar\u0131na farkl\u0131 bir zaman ge\u00e7irtmek, onlar\u0131n y\u00fcz\u00fcn\u00fc birazc\u0131k g\u00fcld\u00fcrmek oldu\u011funu belirten Tiyatro Tempo Genel Sanat Y\u00f6netmeni Haluk Y\u00fcce, &#8220;Bu ba\u011flamda Ni\u011fde, Konya, Hatay, Malatya, Mara\u015f gibi kentleri dola\u015f\u0131yoruz. Gitti\u011fimiz yerlerde hem kukla oyunu oynuyoruz, hem &#8220;Durgun G\u00f6ldeki Maskara&#8221; isimli oyunumuzu sahneliyor, hem de bir at\u00f6lye \u00e7al\u0131\u015fmas\u0131 yap\u0131yoruz. Bu at\u00f6lye \u00e7al\u0131\u015fmas\u0131nda \u00e7ocuklarla birlikte bir kelebek kuklas\u0131 yap\u0131yoruz. Bir de &#8216;Palya\u00e7olar Orkestras\u0131&#8217; ile \u00e7ocuk \u015fark\u0131lar\u0131 seslendiriyoruz&#8221; dedi.<br \/>\n&#8220;\u00c7ok g\u00fczeldi, e\u011flenceliydi&#8221;<br \/>\n\u00c7ocuklar\u0131 ile birlikte \u00e7ocuk \u015fark\u0131lar\u0131 konserine gelen Yeliz O\u011fuz, &#8220;\u00c7ok g\u00fczeldi, e\u011flenceliydi. \u00c7ocuklar\u0131m\u0131z\u0131 getirdik. Onlar da \u00e7ok e\u011flendiler. Ekip \u00e7ok e\u011flenceliydi. G\u00fczel bir etkinlik oldu. Te\u015fekk\u00fcr ediyoruz belediyemize&#8221; dedi.<\/p>\n","protected":false},"excerpt":{"rendered":"<p>Mersin B\u00fcy\u00fck\u015fehir Belediyesi K\u00fclt\u00fcr ve Sosyal \u0130\u015fler Daire Ba\u015fkanl\u0131\u011f\u0131, b\u00fcnyesinde verdi\u011fi k\u00fclt\u00fcr-sanat hizmetlerinin yan\u0131 s\u0131ra, ba\u011f\u0131ms\u0131z k\u00fclt\u00fcr sanat etkinliklerine de desteklerini s\u00fcrd\u00fcr\u00fcyor. Turne kapsam\u0131nda kente gelen &#8220;Tiyatro Tempo&#8221; sanat\u00e7\u0131lar\u0131, g\u00fcn &hellip; <a href=\"https:\/\/akdenizolaygazetesi.com\/?p=26027\" class=\"more-link\">Devam\u0131n\u0131 Oku&#8230;<\/a><\/p>\n","protected":false},"author":2,"featured_media":26028,"comment_status":"open","ping_status":"open","sticky":false,"template":"","format":"standard","meta":[],"categories":[1,2,3],"tags":[],"_links":{"self":[{"href":"https:\/\/akdenizolaygazetesi.com\/index.php?rest_route=\/wp\/v2\/posts\/26027"}],"collection":[{"href":"https:\/\/akdenizolaygazetesi.com\/index.php?rest_route=\/wp\/v2\/posts"}],"about":[{"href":"https:\/\/akdenizolaygazetesi.com\/index.php?rest_route=\/wp\/v2\/types\/post"}],"author":[{"embeddable":true,"href":"https:\/\/akdenizolaygazetesi.com\/index.php?rest_route=\/wp\/v2\/users\/2"}],"replies":[{"embeddable":true,"href":"https:\/\/akdenizolaygazetesi.com\/index.php?rest_route=%2Fwp%2Fv2%2Fcomments&post=26027"}],"version-history":[{"count":1,"href":"https:\/\/akdenizolaygazetesi.com\/index.php?rest_route=\/wp\/v2\/posts\/26027\/revisions"}],"predecessor-version":[{"id":26029,"href":"https:\/\/akdenizolaygazetesi.com\/index.php?rest_route=\/wp\/v2\/posts\/26027\/revisions\/26029"}],"wp:featuredmedia":[{"embeddable":true,"href":"https:\/\/akdenizolaygazetesi.com\/index.php?rest_route=\/wp\/v2\/media\/26028"}],"wp:attachment":[{"href":"https:\/\/akdenizolaygazetesi.com\/index.php?rest_route=%2Fwp%2Fv2%2Fmedia&parent=26027"}],"wp:term":[{"taxonomy":"category","embeddable":true,"href":"https:\/\/akdenizolaygazetesi.com\/index.php?rest_route=%2Fwp%2Fv2%2Fcategories&post=26027"},{"taxonomy":"post_tag","embeddable":true,"href":"https:\/\/akdenizolaygazetesi.com\/index.php?rest_route=%2Fwp%2Fv2%2Ftags&post=26027"}],"curies":[{"name":"wp","href":"https:\/\/api.w.org\/{rel}","templated":true}]}}