{"id":26030,"date":"2023-05-29T13:15:17","date_gmt":"2023-05-29T10:15:17","guid":{"rendered":"http:\/\/akdenizolaygazetesi.com\/?p=26030"},"modified":"2023-05-29T13:15:17","modified_gmt":"2023-05-29T10:15:17","slug":"tirmil-tepe-bolgesinde-baslayan-insa-calismalari-hizla-devam-ediyor","status":"publish","type":"post","link":"https:\/\/akdenizolaygazetesi.com\/?p=26030","title":{"rendered":"T\u0131rm\u0131l Tepe B\u00f6lgesi\u2019nde ba\u015flayan in\u015fa \u00e7al\u0131\u015fmalar\u0131 h\u0131zla devam ediyor"},"content":{"rendered":"<p>Akdeniz Belediyesi taraf\u0131ndan \u00d6zg\u00fcrl\u00fck Mahallesi\u2019nde bulunan ve Gen\u00e7lik ve Spor Bakanl\u0131\u011f\u0131\u2019na tahsis edilen alana kazand\u0131r\u0131lacak \u201cModern Gen\u00e7lik Merkezi\u201d in\u015faat\u0131n\u0131n \u00e7al\u0131\u015fmalar\u0131 h\u0131zla devam ediyor. Ba\u015fkan G\u00fcltak, Hazine ve Maliye Bakan\u0131 Nureddin Nebati ile birlikte ekiplerin b\u00f6lgedeki \u00e7al\u0131\u015fmalar\u0131n\u0131 yerinde inceledi.<br \/>\nAkdeniz Belediye Ba\u015fkan\u0131 M. Mustafa G\u00fcltak, beraberinde Hazine Maliye Bakan\u0131 ve Mersin Milletvekili Nureddin Nebati, belediye teknik personeli ve y\u00fcklenici firma yetkilileri ile birlikte, \u00d6zg\u00fcrl\u00fck Mahallesi T\u0131rm\u0131l Tepesi b\u00f6lgesine kazand\u0131r\u0131lacak olan modern \u2018Gen\u00e7lik ve Spor Merkezi\u2019 projesinin devam eden in\u015fa \u00e7al\u0131\u015fmalar\u0131n\u0131 yerinde inceleyip yetkililerden bilgi ald\u0131.<br \/>\nProjede spor tesisleri, \u00e7ok ama\u00e7l\u0131 salonlar, k\u00fclt\u00fcr merkezi, kafeteryalar yer alacak<br \/>\nProjeye ili\u015fkin bilgi veren Hazine Maliye Bakan\u0131 ve Mersin Milletvekili Nureddin Nebati; \u201cAkdeniz Belediye Ba\u015fkan\u0131m\u0131z Say\u0131n G\u00fcltak, bu geni\u015f alan\u0131 Gen\u00e7lik ve Spor Bakanl\u0131\u011f\u0131m\u0131za tahsis etti. Biz de Say\u0131n Bakan\u0131m\u0131z ile yapt\u0131\u011f\u0131m\u0131z g\u00f6r\u00fc\u015fmelerde h\u0131zl\u0131 bir \u015fekilde i\u015flemlerin yap\u0131lmas\u0131n\u0131 istirham ettik. Yakla\u015f\u0131k 29 milyon TL\u2019ye mal olacak olan gen\u00e7lik merkezimiz 4 bin 838 metrekare kapal\u0131 alan \u00fczerinde in\u015fa edilecek. Tesisimizde 3 adet spor salonu ile \u00e7ok ama\u00e7l\u0131 salonlar, kafeteryalar, kapal\u0131 otopark ve s\u0131\u011f\u0131nak yer alacak. Sadece spor yapmak de\u011fil, ayn\u0131 zamanda k\u00fclt\u00fcrel faaliyetler de yap\u0131labilecek g\u00fczel bir merkez haline gelecek. Projenin \u00e7ok h\u0131zl\u0131 \u015fekilde 31 Ekim itibariyle in\u015fallah tamamlanmas\u0131 ama\u00e7lan\u0131yor. Gen\u00e7lerimiz, \u00f6n\u00fcm\u00fczdeki sonbahardan itibaren bu imk\u00e2nlar\u0131 seferber eden h\u00fck\u00fcmetimizin ve belediyemizin ortak gayretleri ile bu alan\u0131 kullanmaya ba\u015flam\u0131\u015f olacaklar. Gen\u00e7lerimize hay\u0131rl\u0131 u\u011furlu olsun. \u0130n\u015fallah bu t\u00fcr projelerimiz di\u011fer belediyelere, \u00f6zellikle de B\u00fcy\u00fck\u015fehir Belediyesi\u2019ne \u00f6rnek te\u015fkil eder\u201d diye konu\u015ftu.<br \/>\nBa\u015fkan G\u00fcltak; \u201cMersin\u2019in en g\u00fczel gen\u00e7lik ve spor merkezlerinden biri olacak\u201d<br \/>\nMersin ve Akdenizlilere verdikleri bir s\u00f6z\u00fc daha yerine getirdiklerinin alt\u0131n\u0131 \u00e7izen Ba\u015fkan G\u00fcltak ise; \u201cGe\u00e7mi\u015fte maalesef ter\u00f6r olaylar\u0131 ile an\u0131lan bu b\u00f6lgede art\u0131k toplamda 4 bin metrekare alanda modern bir tesis gen\u00e7lerimizin hizmetinde olacak. Buras\u0131, sanayi tesisleri ve Mersin Liman\u2019\u0131na yak\u0131n merkezi bir b\u00f6lge. Ge\u00e7mi\u015fte canl\u0131 hayvan sat\u0131\u015f\u0131 yap\u0131ld\u0131\u011f\u0131 i\u00e7in k\u00f6t\u00fc kokular yay\u0131l\u0131yordu. Ayr\u0131ca PKK ter\u00f6r \u00f6rg\u00fct\u00fcn\u00fcn eylem yapt\u0131\u011f\u0131, uyu\u015fturucu baronlar\u0131n\u0131n kulland\u0131\u011f\u0131 bir meydand\u0131. Art\u0131k bu meydan, ne ter\u00f6r \u00f6rg\u00fct\u00fcn\u00fcn ne de uyu\u015fturucu baronlar\u0131n\u0131n meydan\u0131 ne de hayvan pazar\u0131. \u015eehrimizin ortas\u0131ndaki g\u00fczel bir alan\u0131 Gen\u00e7lik ve Spor Bakanl\u0131\u011f\u0131m\u0131za tahsis ettik. Mersin\u2019in en g\u00fczel gen\u00e7lik ve spor merkezlerinden bir tanesi, b\u00fcy\u00fck bir kompleks olacak. Kad\u0131nlar\u0131n ve gen\u00e7lerin kullanaca\u011f\u0131 g\u00fczel bir merkeze, g\u00fczel bir alana d\u00f6n\u00fc\u015ft\u00fcr\u00fcyoruz. Akdeniz\u2019in o mak\u00fbs talihini al\u0131p, apayd\u0131nl\u0131k bir talihe do\u011fru g\u00f6t\u00fcr\u00fcyoruz. Spor kompleksimiz t\u00fcm Mersin ve Akdeniz\u2019e hay\u0131rl\u0131 u\u011furlu olsun\u201d \u015feklinde konu\u015ftu.<br \/>\nMuhtar Erguvan; \u201cG\u00fcltak Ba\u015fkan\u0131m\u0131z ve eme\u011fi ge\u00e7en herkese te\u015fekk\u00fcr ediyorum\u201d<br \/>\n\u00d6zg\u00fcrl\u00fck Mahalle Muhtar\u0131 \u00d6mer Erguvan da mahalleye kazand\u0131r\u0131lacak spor tesisi ve gen\u00e7lik merkezi nedeniyle Akdeniz Belediye Ba\u015fkan\u0131 Mustafa G\u00fcltak, ekibine ve eme\u011fi ge\u00e7en herkese te\u015fekk\u00fcr etti. Erguvan; \u201c\u00d6zg\u00fcrl\u00fck Mahallesine b\u00f6ylesi bir tesisi kazand\u0131rmak her belediye ba\u015fkan\u0131n\u0131n harc\u0131 de\u011fildir. Y\u0131llard\u0131r buras\u0131 bo\u015f bir arazi, \u00e7\u00f6pl\u00fck alan\u0131, hayvan pazar\u0131, sinek, sivrisinek \u00fcreyen bir yerdi. Sa\u011f olsun belediye ba\u015fkan\u0131m\u0131z bizleri de dinledi ve buraya bir el att\u0131. \u00c7ocuklar\u0131m\u0131z ve torunlar\u0131m\u0131z i\u00e7in \u015fimdi burada g\u00fczel bir gen\u00e7lik merkezi in\u015fa ediliyor. Eme\u011fi ge\u00e7en herkese tekrar \u00e7ok te\u015fekk\u00fcr ediyorum\u201d dedi. <\/p>\n","protected":false},"excerpt":{"rendered":"<p>Akdeniz Belediyesi taraf\u0131ndan \u00d6zg\u00fcrl\u00fck Mahallesi\u2019nde bulunan ve Gen\u00e7lik ve Spor Bakanl\u0131\u011f\u0131\u2019na tahsis edilen alana kazand\u0131r\u0131lacak \u201cModern Gen\u00e7lik Merkezi\u201d in\u015faat\u0131n\u0131n \u00e7al\u0131\u015fmalar\u0131 h\u0131zla devam ediyor. Ba\u015fkan G\u00fcltak, Hazine ve Maliye Bakan\u0131 Nureddin &hellip; <a href=\"https:\/\/akdenizolaygazetesi.com\/?p=26030\" class=\"more-link\">Devam\u0131n\u0131 Oku&#8230;<\/a><\/p>\n","protected":false},"author":2,"featured_media":26031,"comment_status":"open","ping_status":"open","sticky":false,"template":"","format":"standard","meta":[],"categories":[2,3],"tags":[],"_links":{"self":[{"href":"https:\/\/akdenizolaygazetesi.com\/index.php?rest_route=\/wp\/v2\/posts\/26030"}],"collection":[{"href":"https:\/\/akdenizolaygazetesi.com\/index.php?rest_route=\/wp\/v2\/posts"}],"about":[{"href":"https:\/\/akdenizolaygazetesi.com\/index.php?rest_route=\/wp\/v2\/types\/post"}],"author":[{"embeddable":true,"href":"https:\/\/akdenizolaygazetesi.com\/index.php?rest_route=\/wp\/v2\/users\/2"}],"replies":[{"embeddable":true,"href":"https:\/\/akdenizolaygazetesi.com\/index.php?rest_route=%2Fwp%2Fv2%2Fcomments&post=26030"}],"version-history":[{"count":1,"href":"https:\/\/akdenizolaygazetesi.com\/index.php?rest_route=\/wp\/v2\/posts\/26030\/revisions"}],"predecessor-version":[{"id":26032,"href":"https:\/\/akdenizolaygazetesi.com\/index.php?rest_route=\/wp\/v2\/posts\/26030\/revisions\/26032"}],"wp:featuredmedia":[{"embeddable":true,"href":"https:\/\/akdenizolaygazetesi.com\/index.php?rest_route=\/wp\/v2\/media\/26031"}],"wp:attachment":[{"href":"https:\/\/akdenizolaygazetesi.com\/index.php?rest_route=%2Fwp%2Fv2%2Fmedia&parent=26030"}],"wp:term":[{"taxonomy":"category","embeddable":true,"href":"https:\/\/akdenizolaygazetesi.com\/index.php?rest_route=%2Fwp%2Fv2%2Fcategories&post=26030"},{"taxonomy":"post_tag","embeddable":true,"href":"https:\/\/akdenizolaygazetesi.com\/index.php?rest_route=%2Fwp%2Fv2%2Ftags&post=26030"}],"curies":[{"name":"wp","href":"https:\/\/api.w.org\/{rel}","templated":true}]}}