{"id":26033,"date":"2023-05-29T17:03:12","date_gmt":"2023-05-29T14:03:12","guid":{"rendered":"http:\/\/akdenizolaygazetesi.com\/?p=26033"},"modified":"2023-05-29T17:03:12","modified_gmt":"2023-05-29T14:03:12","slug":"cumhurbaskani-recep-tayyip-erdoganin-ve-cumhur-ittifakinin-secim-basarisi-toroslarda-da-coskuyla-kutlandi","status":"publish","type":"post","link":"https:\/\/akdenizolaygazetesi.com\/?p=26033","title":{"rendered":"CUMHURBA\u015eKANI RECEP TAYY\u0130P ERDO\u011eAN&#8217;IN VE CUMHUR \u0130TT\u0130FAKI&#8217;NIN SE\u00c7\u0130M BA\u015eARISI TOROSLAR&#8217;DA DA CO\u015eKUYLA KUTLANDI"},"content":{"rendered":"<p>Mersin Toroslar&#8217;da, t\u00fcm T\u00fcrkiye&#8217;de oldu\u011fu gibi Cumhurba\u015fkan\u0131 Recep Tayyip Erdo\u011fan&#8217;\u0131n Cumhurba\u015fkanl\u0131\u011f\u0131 Se\u00e7imi&#8217;nin 2&#8217;nci turunda elde etti\u011fi ba\u015far\u0131 co\u015fkuyla kutland\u0131.<\/p>\n<p>MHP Toroslar \u0130l\u00e7e Ba\u015fkanl\u0131\u011f\u0131 \u00f6n\u00fcnde d\u00fczenlenen kutlamalarda, Toroslar Belediye Ba\u015fkan\u0131 Ats\u0131z Af\u015f\u0131n Y\u0131lmaz da hem\u015fehrileriyle kucakla\u015ft\u0131, co\u015fkuya ortak oldu.<\/p>\n<p>MHP Toroslar \u0130l\u00e7e Ba\u015fkan\u0131 H\u00fcsn\u00fc Do\u011fan, Toroslar \u00dclk\u00fc Ocaklar\u0131 Ba\u015fkan Yunus Emre Tugay, MHP Toroslar KA\u00c7EP Ba\u015fkan\u0131 Nil\u00fcfer Temiz&#8217;in ev sahipli\u011finde d\u00fczenlenen ve partililerin kat\u0131ld\u0131\u011f\u0131 kutlamalara; vatanda\u015flar da yo\u011fun ilgi g\u00f6sterdi.<\/p>\n<p>Ellerinde T\u00fcrk bayraklar\u0131yla Cumhurba\u015fkan\u0131 Erdo\u011fan&#8217;a destek sloganlar\u0131 atan vatanda\u015flar, il\u00e7enin caddelerinde ara\u00e7lar\u0131yla konvoy yaparak, kutlamalara renk katt\u0131.<\/p>\n<p>Ba\u015fkan Y\u0131lmaz, partililer ve hem\u015fehrileriyle ile birlikte halay \u00e7ekerek T\u00fcrkiye Cumhuriyeti&#8217;nin 13. Cumhurba\u015fkan\u0131 Recep Tayyip Erdo\u011fan&#8217;\u0131n ve Cumhur \u0130ttifak\u0131n\u0131n ba\u015far\u0131s\u0131n\u0131 kutlad\u0131.<\/p>\n<p>&#8220;CUMHURBA\u015eKANIMIZ ERDO\u011eAN&#8217;IN SE\u00c7\u0130M ZAFER\u0130N\u0130 KUTLUYORUZ&#8221;<\/p>\n<p>MHP Toroslar \u0130l\u00e7e Ba\u015fkan\u0131 H\u00fcsn\u00fc Do\u011fan; &#8220;Kazanan T\u00fcrkiye&#8217;dir. Toroslar, Genel Ba\u015fkan\u0131m\u0131z, Bilge Liderimiz Say\u0131n Dr. Devlet Bah\u00e7eli&#8217;yi ve Cumhurba\u015fkan\u0131m\u0131z Say\u0131n Recep Tayyip Erdo\u011fan&#8217;\u0131 hi\u00e7bir zaman mahcup etmedi. Allah hepinizden raz\u0131 olsun&#8221; dedi.<\/p>\n<p>&#8220;TE\u015eEKK\u00dcRLER T\u00dcRK\u0130YEM&#8221;<\/p>\n<p>Toroslar Belediye Ba\u015fkan\u0131 Ats\u0131z Af\u015f\u0131n Y\u0131lmaz da; &#8220;Bug\u00fcn bir kez daha milli irade ve demokrasi kazand\u0131. Aziz milletimizin iradesi ve g\u00fcvenoyuyla Cumhurba\u015fkanl\u0131\u011f\u0131&#8217;na yeniden se\u00e7ilen Cumhurba\u015fkan\u0131m\u0131z Say\u0131n Recep Tayyip Erdo\u011fan&#8217;\u0131 tebrik ediyor, Yeni T\u00fcrkiye Y\u00fczy\u0131l\u0131&#8217;n\u0131n \u00fclkemizin g\u00fcc\u00fcne g\u00fc\u00e7 katmas\u0131n\u0131 diliyorum&#8221; ifadelerini kulland\u0131.<\/p>\n<p> Cumhur \u0130ttifak\u0131&#8217;na, Cumhur \u0130ttifak\u0131&#8217;n\u0131n kazan\u0131mlar\u0131na ve y\u00fcksek hedeflerine inand\u0131klar\u0131n\u0131 kaydederek, t\u00fcm hem\u015fehrilerine te\u015fekk\u00fcr eden Ba\u015fkan Y\u0131lmaz; &#8220;28 May\u0131s 2023 tarihinde ger\u00e7ekle\u015fen Cumhurba\u015fkan\u0131 Se\u00e7imi&#8217;nin 2&#8217;nci turunda yeniden Cumhurba\u015fkan\u0131m\u0131z se\u00e7ilen Cumhurba\u015fkan\u0131m\u0131z Say\u0131n Recep Tayyip Erdo\u011fan&#8217;\u0131 tebrik ediyor, yeni d\u00f6nemin \u00fclkemiz ve milletimiz i\u00e7in hay\u0131rl\u0131 olmas\u0131n\u0131 temenni ediyorum. 28 May\u0131s ak\u015fam\u0131 hep beraber zaferi kutlayaca\u011f\u0131z demi\u015ftik. Bu zaferi, hem\u015fehrilerimizle birlikte co\u015fkuyla kutlaman\u0131n mutlulu\u011funu ya\u015fad\u0131k. Cumhur \u0130ttifak\u0131&#8217;n\u0131n mimarlar\u0131 Cumhurba\u015fkan\u0131m\u0131z Say\u0131n Recep Tayyip Erdo\u011fan&#8217;\u0131 ve Genel Ba\u015fkan\u0131m\u0131z, Bilge Liderimiz Say\u0131n Dr. Devlet Bah\u00e7eli&#8217;yi sayg\u0131yla selaml\u0131yorum. Allah ba\u015f\u0131m\u0131zdan eksik etmesin, sa\u011fl\u0131kl\u0131, uzun \u00f6m\u00fcrler versin in\u015fallah. AK Parti ve Milliyet\u00e7i Hareket Partimizin il ve il\u00e7e ba\u015fkanlar\u0131na, sand\u0131k g\u00f6revlilerimize, delegelerimize, hangi makamda ve g\u00f6revde olursa olsun fedak\u00e2rca \u00e7al\u0131\u015fan herkese Toroslar, Mersin ve T\u00fcrk Milleti ad\u0131na \u015f\u00fckranlar\u0131m\u0131 sunuyorum&#8221; \u015feklinde konu\u015ftu.<\/p>\n","protected":false},"excerpt":{"rendered":"<p>Mersin Toroslar&#8217;da, t\u00fcm T\u00fcrkiye&#8217;de oldu\u011fu gibi Cumhurba\u015fkan\u0131 Recep Tayyip Erdo\u011fan&#8217;\u0131n Cumhurba\u015fkanl\u0131\u011f\u0131 Se\u00e7imi&#8217;nin 2&#8217;nci turunda elde etti\u011fi ba\u015far\u0131 co\u015fkuyla kutland\u0131. MHP Toroslar \u0130l\u00e7e Ba\u015fkanl\u0131\u011f\u0131 \u00f6n\u00fcnde d\u00fczenlenen kutlamalarda, Toroslar Belediye Ba\u015fkan\u0131 Ats\u0131z &hellip; <a href=\"https:\/\/akdenizolaygazetesi.com\/?p=26033\" class=\"more-link\">Devam\u0131n\u0131 Oku&#8230;<\/a><\/p>\n","protected":false},"author":2,"featured_media":26034,"comment_status":"open","ping_status":"open","sticky":false,"template":"","format":"standard","meta":[],"categories":[1,2,3,5],"tags":[],"_links":{"self":[{"href":"https:\/\/akdenizolaygazetesi.com\/index.php?rest_route=\/wp\/v2\/posts\/26033"}],"collection":[{"href":"https:\/\/akdenizolaygazetesi.com\/index.php?rest_route=\/wp\/v2\/posts"}],"about":[{"href":"https:\/\/akdenizolaygazetesi.com\/index.php?rest_route=\/wp\/v2\/types\/post"}],"author":[{"embeddable":true,"href":"https:\/\/akdenizolaygazetesi.com\/index.php?rest_route=\/wp\/v2\/users\/2"}],"replies":[{"embeddable":true,"href":"https:\/\/akdenizolaygazetesi.com\/index.php?rest_route=%2Fwp%2Fv2%2Fcomments&post=26033"}],"version-history":[{"count":1,"href":"https:\/\/akdenizolaygazetesi.com\/index.php?rest_route=\/wp\/v2\/posts\/26033\/revisions"}],"predecessor-version":[{"id":26035,"href":"https:\/\/akdenizolaygazetesi.com\/index.php?rest_route=\/wp\/v2\/posts\/26033\/revisions\/26035"}],"wp:featuredmedia":[{"embeddable":true,"href":"https:\/\/akdenizolaygazetesi.com\/index.php?rest_route=\/wp\/v2\/media\/26034"}],"wp:attachment":[{"href":"https:\/\/akdenizolaygazetesi.com\/index.php?rest_route=%2Fwp%2Fv2%2Fmedia&parent=26033"}],"wp:term":[{"taxonomy":"category","embeddable":true,"href":"https:\/\/akdenizolaygazetesi.com\/index.php?rest_route=%2Fwp%2Fv2%2Fcategories&post=26033"},{"taxonomy":"post_tag","embeddable":true,"href":"https:\/\/akdenizolaygazetesi.com\/index.php?rest_route=%2Fwp%2Fv2%2Ftags&post=26033"}],"curies":[{"name":"wp","href":"https:\/\/api.w.org\/{rel}","templated":true}]}}