{"id":26036,"date":"2023-05-29T17:05:34","date_gmt":"2023-05-29T14:05:34","guid":{"rendered":"http:\/\/akdenizolaygazetesi.com\/?p=26036"},"modified":"2023-05-29T17:05:34","modified_gmt":"2023-05-29T14:05:34","slug":"gultak-kaldigimiz-yerden-devam-edecegiz","status":"publish","type":"post","link":"https:\/\/akdenizolaygazetesi.com\/?p=26036","title":{"rendered":"G\u00dcLTAK: \u201cKALDI\u011eIMIZ YERDEN DEVAM EDECE\u011e\u0130Z\u201d"},"content":{"rendered":"<p>Ba\u015fkan G\u00fcltak, yay\u0131nlad\u0131\u011f\u0131 yaz\u0131l\u0131 mesaj\u0131nda, 28 May\u0131s Pazar g\u00fcn\u00fc ger\u00e7ekle\u015fen Cumhurba\u015fkan\u0131 2\u2019nci tur se\u00e7imini kazanarak yeniden Cumhurba\u015fkan\u0131 se\u00e7ilen Recep Tayyip Erdo\u011fan\u2019\u0131 tebrik etti. Ba\u015fkan G\u00fcltak, \u201cHalk\u0131m\u0131za hizmet vermeye ve bu yolda m\u00fccadele etmeye, kald\u0131\u011f\u0131m\u0131z yerden devam edece\u011fiz\u201d dedi.<br \/>\nAkdeniz Belediye Ba\u015fkan\u0131 M. Mustafa G\u00fcltak, ak\u015fam saatlerine do\u011fru se\u00e7im sonu\u00e7lar\u0131n\u0131n netle\u015fmesiyle birlikte, AK Parti Mersin \u0130l Ba\u015fkanl\u0131\u011f\u0131 binas\u0131 \u00f6n\u00fcnde d\u00fczenlenen kutlama t\u00f6renine de kat\u0131larak se\u00e7menlerin sevin\u00e7 ve co\u015fkusuna ortak oldu. Ba\u015fkan G\u00fcltak\u2019\u0131n mesaj\u0131 \u015f\u00f6yle; \u201cCumhurba\u015fkanl\u0131\u011f\u0131 se\u00e7imini kazanarak yeniden Cumhurba\u015fkan\u0131m\u0131z olarak davas\u0131na ve yoluna devam eden D\u00fcnya Lideri Cumhurba\u015fkan\u0131m\u0131z Say\u0131n Recep Tayyip Erdo\u011fan\u2019\u0131 en kalbi duygular\u0131mla tebrik ediyorum.<br \/>\nMutluyuz, gururluyuz, sevin\u00e7liyiz. 29 May\u0131s\u2019tan itibaren kald\u0131\u011f\u0131m\u0131z yerden hizmete ve m\u00fccadeleye devam edece\u011fiz. Say\u0131n Cumhurba\u015fkan\u0131m\u0131z, Bakanlar\u0131m\u0131z ve Milletvekillerimizden ald\u0131\u011f\u0131m\u0131z g\u00fc\u00e7 ve destekle, Akdeniz ve Mersin\u2019i daha ya\u015fan\u0131l\u0131r, daha konforlu ve daha g\u00fczel bir hale getirece\u011fiz. Akdeniz\u2019de sa\u011flad\u0131\u011f\u0131m\u0131z bar\u0131\u015f, huzur, karde\u015flik ve g\u00fcven ortam\u0131 g\u00fc\u00e7lenerek devam edecek. Akdeniz ve Mersin, T\u00fcrkiye\u2019nin y\u00fckselen y\u0131ld\u0131z\u0131 olacak.<br \/>\nSe\u00e7im d\u00f6nemi boyunca sahada g\u00f6rev alan Hazine ve Maliye Bakan\u0131m\u0131z Do\u00e7. Dr. Say\u0131n Nureddin Nebati\u2019ye, Milletvekillerimize, Cumhur \u0130ttifak\u0131 te\u015fkilatlar\u0131na, Meclis \u00fcyelerimize, il, il\u00e7e, kad\u0131n ve gen\u00e7lik kollar\u0131 te\u015fkilatlar\u0131m\u0131za ve bizlere g\u00f6n\u00fcl veren, gece g\u00fcnd\u00fcz demeden eme\u011fi ve y\u00fcre\u011fiyle her daim yan\u0131m\u0131zda olan yol arkada\u015flar\u0131m\u0131za en kalbi \u015f\u00fckranlar\u0131m\u0131 sunuyorum. Aziz ve fedak\u00e2r milletimiz, T\u00fcrkiye Y\u00fczy\u0131l\u0131na yine D\u00fcnya Liderimiz Say\u0131n Recep Tayyip Erdo\u011fan \u00f6nc\u00fcl\u00fc\u011f\u00fcnde y\u00fcr\u00fcmeye bir kez daha karar vermi\u015ftir. Halk\u0131m\u0131z bir kez daha tarih yazm\u0131\u015f, 7 d\u00fcvel de bir araya gelse D\u00fcnya Lideri\u2019ni y\u0131kamam\u0131\u015ft\u0131r. T\u00fcrkiye Y\u00fczy\u0131l\u0131 idealimize 85 milyon tek y\u00fcrek olup varaca\u011f\u0131z in\u015fallah.<br \/>\nBilinmelidir ki hepimiz kazand\u0131k, b\u00fct\u00fcn T\u00fcrkiye olarak kazand\u0131k. T\u00fcm \u00fclkemize, vatanda\u015flar\u0131m\u0131za hay\u0131rl\u0131 ve kutlu olsun. Se\u00e7im d\u00f6neminde g\u00f6n\u00fcllerini ortaya koyarak \u00e7al\u0131\u015fan t\u00fcm yol arkada\u015flar\u0131m\u0131za da en kalbi \u015f\u00fckranlar\u0131m\u0131 sunuyorum. Elbette daha gidecek \u00e7ok yolumuz, yapacak \u00e7ok i\u015fimiz var. 2024 y\u0131l\u0131 Mart ay\u0131nda yap\u0131lacak yerel se\u00e7imlerden de hem t\u00fcm T\u00fcrkiye\u2019de hem de Mersin\u2019den daha \u00e7ok g\u00fc\u00e7lenerek \u00e7\u0131kaca\u011f\u0131z. Bir kez daha T\u00fcrkiye Y\u00fczy\u0131l\u0131 bizlere kutlu olsun, yolumuz a\u00e7\u0131k olsun! Bize bir kez daha zafer ya\u015fatan milletimize en kalbi sevgi, sayg\u0131, \u015f\u00fckran ve muhabbetlerimi arz ediyorum.\u201d<\/p>\n","protected":false},"excerpt":{"rendered":"<p>Ba\u015fkan G\u00fcltak, yay\u0131nlad\u0131\u011f\u0131 yaz\u0131l\u0131 mesaj\u0131nda, 28 May\u0131s Pazar g\u00fcn\u00fc ger\u00e7ekle\u015fen Cumhurba\u015fkan\u0131 2\u2019nci tur se\u00e7imini kazanarak yeniden Cumhurba\u015fkan\u0131 se\u00e7ilen Recep Tayyip Erdo\u011fan\u2019\u0131 tebrik etti. Ba\u015fkan G\u00fcltak, \u201cHalk\u0131m\u0131za hizmet vermeye ve bu &hellip; <a href=\"https:\/\/akdenizolaygazetesi.com\/?p=26036\" class=\"more-link\">Devam\u0131n\u0131 Oku&#8230;<\/a><\/p>\n","protected":false},"author":2,"featured_media":26037,"comment_status":"open","ping_status":"open","sticky":false,"template":"","format":"standard","meta":[],"categories":[8,2,3,6],"tags":[],"_links":{"self":[{"href":"https:\/\/akdenizolaygazetesi.com\/index.php?rest_route=\/wp\/v2\/posts\/26036"}],"collection":[{"href":"https:\/\/akdenizolaygazetesi.com\/index.php?rest_route=\/wp\/v2\/posts"}],"about":[{"href":"https:\/\/akdenizolaygazetesi.com\/index.php?rest_route=\/wp\/v2\/types\/post"}],"author":[{"embeddable":true,"href":"https:\/\/akdenizolaygazetesi.com\/index.php?rest_route=\/wp\/v2\/users\/2"}],"replies":[{"embeddable":true,"href":"https:\/\/akdenizolaygazetesi.com\/index.php?rest_route=%2Fwp%2Fv2%2Fcomments&post=26036"}],"version-history":[{"count":1,"href":"https:\/\/akdenizolaygazetesi.com\/index.php?rest_route=\/wp\/v2\/posts\/26036\/revisions"}],"predecessor-version":[{"id":26038,"href":"https:\/\/akdenizolaygazetesi.com\/index.php?rest_route=\/wp\/v2\/posts\/26036\/revisions\/26038"}],"wp:featuredmedia":[{"embeddable":true,"href":"https:\/\/akdenizolaygazetesi.com\/index.php?rest_route=\/wp\/v2\/media\/26037"}],"wp:attachment":[{"href":"https:\/\/akdenizolaygazetesi.com\/index.php?rest_route=%2Fwp%2Fv2%2Fmedia&parent=26036"}],"wp:term":[{"taxonomy":"category","embeddable":true,"href":"https:\/\/akdenizolaygazetesi.com\/index.php?rest_route=%2Fwp%2Fv2%2Fcategories&post=26036"},{"taxonomy":"post_tag","embeddable":true,"href":"https:\/\/akdenizolaygazetesi.com\/index.php?rest_route=%2Fwp%2Fv2%2Ftags&post=26036"}],"curies":[{"name":"wp","href":"https:\/\/api.w.org\/{rel}","templated":true}]}}