{"id":2604,"date":"2020-11-04T18:23:05","date_gmt":"2020-11-04T15:23:05","guid":{"rendered":"http:\/\/mersinekonomipolitikagazetesi.com\/?p=2604"},"modified":"2020-11-04T18:23:05","modified_gmt":"2020-11-04T15:23:05","slug":"egitim-ogretim-yili-yeni-bakan-eski-sorunlarla-basliyor","status":"publish","type":"post","link":"https:\/\/akdenizolaygazetesi.com\/?p=2604","title":{"rendered":"\u201cE\u011e\u0130T\u0130M \u00d6\u011eRET\u0130M YILI YEN\u0130 BAKAN ESK\u0130 SORUNLARLA BA\u015eLIYOR\u201d"},"content":{"rendered":"<p>Mersin E\u011fitim \u0130\u015f Y\u00f6netim Kurulu Ba\u015fkan\u0131 Hakan Boyar 2018-2019 e\u011fitim-\u00f6\u011fretim y\u0131l\u0131n\u0131n ba\u015flamas\u0131 ad\u0131na bas\u0131n a\u00e7\u0131klamas\u0131 yapt\u0131.<\/p>\n<p>Boyar, 18 milyon \u00f6\u011frenci ve 1 milyon e\u011fitim emek\u00e7isi bu e\u011fitim \u00f6\u011fretim y\u0131l\u0131na da birikmi\u015f ve \u00e7\u00f6z\u00fcm bekleyen sorunlarla, m\u00fcfredat ve s\u0131nav sistemi de\u011fi\u015fikli\u011fi, karma e\u011fitimin kald\u0131r\u0131lmas\u0131 giri\u015fimleri gibi tamamen ideolojik bak\u0131\u015f a\u00e7\u0131s\u0131yla ger\u00e7ekle\u015ftirilen de\u011fi\u015fikliklerin g\u00f6lgesinde girecektir.<br \/>\nDernek ve vak\u0131flarla imzalanan protokoller, derslik a\u00e7\u0131klar\u0131, kalabal\u0131k s\u0131n\u0131flar, \u00f6\u011fretmensiz okullar, ikili e\u011fitim \u00f6\u011fretim, ta\u015f\u0131mal\u0131 e\u011fitim, uluslararas\u0131 s\u0131navlardaki ba\u015far\u0131s\u0131zl\u0131klar, \u00f6\u011frencilerin tarikat ve cemaatlerin yurtlar\u0131na mahkum edilmesi, \u00e7ocuklar\u0131n \u00f6rg\u00fcn e\u011fitim d\u0131\u015f\u0131na itilmesi, \u00f6\u011fretmenlerin \u00f6zl\u00fck sorunlar\u0131, s\u00f6zle\u015fmeli ve \u00fccretli \u00f6\u011fretmenlik, \u00f6\u011fretmenlerin aile birli\u011finin sa\u011flanamamas\u0131, kadrola\u015fma, liyakatsizli\u011fin ve yanda\u015fl\u0131\u011f\u0131n hakim olmas\u0131 gibi sorunlar maalesef bu \u00f6\u011fretim y\u0131l\u0131na da ta\u015f\u0131nm\u0131\u015ft\u0131r. B\u00fct\u00fcn bu sorunlar\u0131n \u00fcst\u00fcne bir de ekonomik krizin yaratt\u0131\u011f\u0131 etki y\u00fcklenmi\u015ftir.\u201d ifadelerini kulland\u0131.<br \/>\n\u00a0<br \/>\nDe\u011fi\u015fiklikler \u00f6\u011frencileri ma\u011fdur etti<\/p>\n<p>LGS\u2019yle birlikte bir\u00e7ok \u00f6\u011frencinin evine en yak\u0131n okula yerle\u015femedi\u011fini belirten Boyar, \u201cBu sistemle \u00f6\u011frencilerin istemedikleri okullara yerle\u015ftirilece\u011fi, bir\u00e7ok ailenin \u00e7ocuklar\u0131n\u0131 istemedikleri halde meslek, imam hatip lisesi ya da \u00f6zel okullara g\u00f6ndermek zorunda kalaca\u011f\u0131 y\u00f6n\u00fcndeki kayg\u0131lar\u0131m\u0131z ne yaz\u0131k ki hakl\u0131 \u00e7\u0131km\u0131\u015ft\u0131r. Bu de\u011fi\u015fikli\u011fin uzun vadede e\u011fitim sistemimizi t\u00fcmden \u00f6zelle\u015ftirme ve imam hatiple\u015ftirme projesinin bir ad\u0131m\u0131 oldu\u011fu ortad\u0131r.<br \/>\nYKS sonu\u00e7lar\u0131 ise orta\u00f6\u011fretimdeki \u00e7\u00f6k\u00fc\u015f\u00fcn aynas\u0131 olmu\u015ftur. \u00c7ok say\u0131da kontenjan\u0131n bo\u015f kalmas\u0131, meslek liseli \u00f6\u011frencilerin ba\u015far\u0131 d\u00fczeylerinin yine en alt s\u0131ralarda yer almas\u0131, h\u00fck\u00fcmetin g\u00f6zdesi \u0130HL\u2019nin ba\u015far\u0131 ortalamas\u0131n\u0131n d\u00fc\u015f\u00fckl\u00fc\u011f\u00fc bu s\u0131nava damgas\u0131n\u0131 vurmu\u015ftur.<br \/>\nBug\u00fcn, Cumhurba\u015fkan\u0131n\u0131n dahi itiraf etti\u011fi e\u011fitimdeki ba\u015far\u0131s\u0131zl\u0131\u011f\u0131n \u00e7\u00f6z\u00fcm\u00fc i\u00e7in t\u00fcm payda\u015flar\u0131n g\u00f6r\u00fc\u015f\u00fc al\u0131narak haz\u0131rlanacak, bilimsel d\u00fc\u015f\u00fcnmeye ve \u00fcretmeye dayal\u0131 bir e\u011fitim sisteminin gereklili\u011fi ka\u00e7\u0131n\u0131lmaz hale gelmi\u015ftir. Kamusal, paras\u0131z, bilimsel, laik ve karma e\u011fitim hakk\u0131ndan t\u00fcm yurtta\u015flar\u0131m\u0131z\u0131n yararlanabilmesi mutlaka sa\u011flanmal\u0131d\u0131r.\u201d dedi.<br \/>\n\u00a0<br \/>\n\u0130ktidar e\u011fitimi dinselle\u015ftiriyor<\/p>\n<p>E\u011fitimin, en fazla y\u0131prat\u0131lan alan oldu\u011funu s\u00f6yleyen Ba\u015fkan Boyar, \u201cKindar nesil projesini her t\u00fcrl\u00fc hukuki, vicdani ve etik kural\u0131 ayaklar alt\u0131na alarak ya\u015fama ge\u00e7irmeye \u00e7al\u0131\u015fan siyasal iktidar, \u00e7a\u011fda\u015fla\u015fman\u0131n temeli olan e\u011fitimi, kendi ideolojik ama\u00e7lar\u0131 do\u011frultusunda bi\u00e7imlendirmeye \u00e7al\u0131\u015fmaktad\u0131r.\u201d diyerek tepkisini g\u00f6sterdi.<br \/>\nMilli E\u011fitim Bakanl\u0131\u011f\u0131\u2019n\u0131n 2017-2019 yat\u0131r\u0131m plan\u0131na g\u00f6re fen liselerine 109.6 milyon lira b\u00fct\u00e7e ayr\u0131ld\u0131\u011f\u0131n\u0131, imam hatip okullar\u0131na 1.7 milyar lira ayr\u0131ld\u0131\u011f\u0131n\u0131 s\u00f6yleyerek, \u201c\u0130ktidar\u0131n \u00f6nceli\u011finin ne oldu\u011fu g\u00f6zler \u00f6n\u00fcne serilmektedir.<br \/>\nBir\u00e7ok imam hatip ortaokulu ve imam hatip lisesinde k\u0131z ve erkek \u00f6\u011frencilerin s\u0131n\u0131flar\u0131 ve koridorlar\u0131 ayr\u0131lm\u0131\u015f yani karma e\u011fitime son verilmi\u015ftir. Gerek\u00e7e olarak da \u201cveliler b\u00f6yle istiyor\u201d bahanesinin arkas\u0131na s\u0131\u011f\u0131n\u0131lm\u0131\u015ft\u0131r.<br \/>\nSon olarak, mahkeme karar\u0131n\u0131 bahane eden Milli E\u011fitim Bakanl\u0131\u011f\u0131, \u00c7ok Programl\u0131 Anadolu lisesi, mesleki ve teknik e\u011fitim merkezi ve mesleki e\u011fitim merkezlerinde karma e\u011fitim yap\u0131lmas\u0131 \u015fart\u0131n\u0131 kald\u0131rm\u0131\u015ft\u0131r.\u201d dedi.<br \/>\nBoyar, \u201cKarma e\u011fitimi yok etmeye \u00e7al\u0131\u015fan, okullar\u0131m\u0131z\u0131 \u201charemlik-selaml\u0131k\u201d \u015feklinde ay\u0131rmaya kalkan bu anlay\u0131\u015f; \u00e7ocuklar\u0131m\u0131z\u0131 e\u015fit haklara sahip, \u00fclkenin gelece\u011finde yararl\u0131 yurtta\u015flar olarak e\u011fitip yeti\u015ftirmek yerine, onlar\u0131 cinsel kimlikleriyle \u00f6n plana \u00e7\u0131karmaktad\u0131r. \u00c7a\u011fda\u015f, laik ve bilimsel e\u011fitimde bu uygulama kabul edilemez. E\u011fitim-\u0130\u015f olarak, Cumhuriyet kazan\u0131mlar\u0131n\u0131 geriletecek olan bu yanl\u0131\u015f giri\u015fimin iptali i\u00e7in dava a\u00e7t\u0131k.<br \/>\nMilli E\u011fitim Bakanl\u0131\u011f\u0131 bilimsel e\u011fitimden uzakla\u015fm\u0131\u015f, ba\u015fta Diyanet \u0130\u015fleri Ba\u015fkanl\u0131\u011f\u0131 olmak \u00fczere, iktidara yak\u0131n dini kurum ve vak\u0131flarla imzalad\u0131\u011f\u0131 protokollere 2018-2019 e\u011fitim \u00f6\u011fretim y\u0131l\u0131nda da devam edece\u011fi g\u00f6r\u00fclmektedir.<br \/>\nB\u00f6ylece T\u00dcRGEV ve Ensar Vakf\u0131 ba\u015fta olmak \u00fczere, Hizmet Vakf\u0131, Hayrat Vakf\u0131, \u0130HH, Furkan Vakf\u0131, \u0130lim Yayma Cemiyeti gibi dini vak\u0131flar, devlet okullar\u0131nda \u201cde\u011ferler e\u011fitimi\u201d ad\u0131 alt\u0131nda ders ve seminerler verecekler, ba\u011f\u0131\u015f toplayacaklar, dini i\u00e7erikli yay\u0131nlar\u0131 da\u011f\u0131tacaklard\u0131r.\u201d vurgusunu yapt\u0131.\u00a0<\/p>\n<p>\u201cOkullar\u0131n a\u00e7\u0131lmas\u0131 a\u011f\u0131r y\u00fckler getirdi\u201d<\/p>\n<p>Okullar\u0131n a\u00e7\u0131lm\u0131\u015f olmas\u0131 bir\u00e7ok ailenin b\u00fct\u00e7esine ve okula ba\u015flang\u0131\u00e7 giderleri olarak a\u011f\u0131r bir y\u00fck getirdi diyen Boyar. \u201dE\u011fitim-\u0130\u015f olarak yapt\u0131\u011f\u0131m\u0131z ara\u015ft\u0131rma, okul \u00f6ncesi, ilkokul, ortaokul ve liselere ba\u015flayacak \u00f6\u011frencilerin okula ba\u015flang\u0131\u00e7 maliyetlerini objektif olarak ortaya \u00e7\u0131karm\u0131\u015ft\u0131r.<br \/>\nAra\u015ft\u0131rmaya g\u00f6re, ilkokul 1. s\u0131n\u0131fa ba\u015flayan bir \u00f6\u011frencinin ba\u015flang\u0131\u00e7 gideri 1624,50 TL, ortaokula ba\u015flayan \u00f6\u011frencinin ba\u015flang\u0131\u00e7 gideri 1700,78 TL, liseye ba\u015flayan \u00f6\u011frencinin ise 1829,98 TL\u2019dir.<br \/>\nAsgari \u00fccretle ya\u015fam\u0131n\u0131 devam ettiren bir aile, ilkokula ba\u015flayan \u00e7ocu\u011fu i\u00e7in bir ayl\u0131k maa\u015f\u0131n\u0131n tamam\u0131n\u0131 harcamak zorunda kalacakt\u0131r.<br \/>\nYapt\u0131\u011f\u0131m\u0131z bu ara\u015ft\u0131rmada, belirtilen rakamlar i\u00e7erisinde, okula zorunlu al\u0131nan ba\u011f\u0131\u015flar, s\u0131n\u0131flar\u0131n dizayn\u0131 i\u00e7in toplanan paralar, velilerin \u00e7ocuklar\u0131na verdikleri har\u00e7l\u0131klar bulunmamaktad\u0131r. Yasa d\u0131\u015f\u0131 yollardan ba\u011f\u0131\u015f ad\u0131nda al\u0131nan bu \u00fccretleri de ekledi\u011fimizde, \u00f6zellikle alt ve orta gelir d\u00fczeyindeki ailelere, okul giderleri ciddi bir y\u00fck olacakt\u0131r. Sabit ve dar gelirli ailelerin bu y\u00fck\u00fcn alt\u0131ndan kalkmas\u0131 \u00e7ok zordur.\u201d dedi.<br \/>\n\u00a0<br \/>\n\u00c7ocuklar\u0131m\u0131z cemaatlere mahkum edilecek<\/p>\n<p>\u201c4+4+4 d\u00fczenlemesi ile birlikte 2012-2013 e\u011fitim \u00f6\u011fretim y\u0131l\u0131ndan itibaren \u00e7ok say\u0131da k\u00f6y okulu kapat\u0131lm\u0131\u015f ve ta\u015f\u0131mal\u0131 e\u011fitim uygulamalar\u0131 yayg\u0131nla\u015fm\u0131\u015ft\u0131r.\u201d ifadelerini kullanan Hakan Boyar, konu\u015fmas\u0131n\u0131n devam\u0131nda \u015funlar\u0131 s\u00f6yledi;<\/p>\n<p>2013-2014 e\u011fitim \u00f6\u011fretim y\u0131l\u0131nda toplam 23 bin 880 okul, 10 bin 551 merkez okula ta\u015f\u0131n\u0131rken ta\u015f\u0131nan ilkokul ve ortaokul \u00f6\u011frenci say\u0131s\u0131 825 bin 90\u2019a \u00e7\u0131km\u0131\u015ft\u0131r. 2017-2018 e\u011fitim \u00f6\u011fretim y\u0131l\u0131nda ise toplam 43 bin 405 okul, 12 bin 55 merkez okula ta\u015f\u0131nmaktad\u0131r. Ta\u015f\u0131nan \u00f6\u011frenci say\u0131s\u0131 ise 810 bin 35\u2019tir.<br \/>\nE\u011fitimlerine devam etmek i\u00e7in yerle\u015fim yerlerine en yak\u0131n il\u00e7elere giden \u00f6\u011frenciler Alada\u011f\u2019da oldu\u011fu gibi devlete ait yurt olmad\u0131\u011f\u0131 i\u00e7in yine cemaat ve tarikatlar\u0131n yurtlar\u0131na y\u00f6nlendirilecektir.\u00a0<br \/>\nT\u00fcm ya\u015fanan olumsuzluklara ra\u011fmen, MEB ger\u00e7ek ve t\u00fczel ki\u015filere ortaokul d\u00fczeyinde yurt a\u00e7ma izni verilmi\u015ftir. Bu durum Alada\u011f\u2019da oldu\u011fu gibi telafisi m\u00fcmk\u00fcn olmayan zararlar do\u011furacakt\u0131r.<br \/>\n\u00d6zellikle ilk\u00f6\u011fretim ve lise \u00e7a\u011f\u0131ndaki \u00e7ocuklar\u0131m\u0131z devletin bizzat hizmet verdi\u011fi yurtlarda bar\u0131nma ihtiyac\u0131n\u0131 kar\u015f\u0131lamal\u0131, hi\u00e7bir suretle \u00f6zel te\u015febb\u00fcs, dernek, vakf\u0131n faaliyetine izin verilmemelidir. E\u011fitim-\u0130\u015f olarak \u00f6zel yurtlar\u0131n kapat\u0131lmas\u0131 g\u00f6r\u00fc\u015f\u00fcyle \u00f6zel \u00f6\u011frenci bar\u0131nma hizmetleri y\u00f6netmeli\u011finin iptali i\u00e7in dava a\u00e7m\u0131\u015f bulunmaktay\u0131z.<br \/>\n\u00a0<br \/>\nE\u011fitimin temel sorunlar\u0131ndan biri olan okulla\u015fma oranlar\u0131ndaki yetersizlik \u00e7\u00f6z\u00fclememi\u015f bir sorun olarak ortada durmaktad\u0131r. \u0130statistiklere g\u00f6re, ilkokul ve ortaokulda okulla\u015fma oranlar\u0131nda \u00e7ok ciddi bir d\u00fc\u015f\u00fc\u015f ya\u015fanm\u0131\u015ft\u0131r. 2013-2014 e\u011fitim \u00f6\u011fretim y\u0131l\u0131nda okulla\u015fma oran\u0131 ilkokullarda y\u00fczde 99.57 iken, bu y\u0131l bu oran y\u00fczde 91.54\u2019e d\u00fc\u015fm\u00fc\u015ft\u00fcr. 2013-2014 e\u011fitim \u00f6\u011fretim y\u0131l\u0131nda y\u00fczde 99.61 olarak ger\u00e7ekle\u015fen k\u0131z \u00e7ocuklar\u0131n\u0131n okulla\u015fma oran\u0131 ise y\u00fczde 91.68\u2019e gerilemi\u015ftir.<br \/>\nGe\u00e7ti\u011fimiz y\u0131l y\u00fczde 95.68 olan ortaokullarda okulla\u015fma oran\u0131 bu y\u0131l 94.47\u2019ye d\u00fc\u015ferken, orta\u00f6\u011fretimde y\u00fczde 83.58 oldu.\u00a0<br \/>\nMEB\u2019in istatistikleri, \u00f6zellikle g\u00f6\u00e7 alan illerde hala ortalaman\u0131n \u00fcst\u00fcnde kalabal\u0131k s\u0131n\u0131flar bulundu\u011funu ortaya koymu\u015ftur. \u00d6zellikle bu y\u0131l LGS sonras\u0131nda, bo\u015f imam hatip okullar\u0131n\u0131n talep g\u00f6ren okullara d\u00f6n\u00fc\u015ft\u00fcr\u00fclmemesi nedeniyle akademik liselerde s\u0131n\u0131flardaki \u00f6\u011frenci say\u0131lar\u0131 40-50 \u00f6\u011frenciye kadar \u00e7\u0131km\u0131\u015ft\u0131r.<br \/>\nAKP iktidar\u0131 ya\u015fanan ekonomik krizin faturas\u0131n\u0131 Milli E\u011fitim Bakanl\u0131\u011f\u0131\u2019na kesti. Tasarruf tedbirleri bahanesiyle Milli E\u011fitim Bakanl\u0131\u011f\u0131 b\u00fct\u00e7esinin, 2 milyar TL\u2019si kesildi.<br \/>\nEn fazla kesintinin ise okul onar\u0131mlar\u0131 ve \u00f6\u011frenciler i\u00e7in verilen yard\u0131mlardan yap\u0131lmas\u0131, siyasi iktidar\u0131n e\u011fitime verdi\u011fi \u00f6nemin g\u00f6stergesi olmu\u015ftur!<br \/>\n\u00d6\u011frenci say\u0131s\u0131n\u0131n artmas\u0131yla birlikte okul, derslik ve \u00f6\u011fretmen a\u00e7\u0131\u011f\u0131 h\u0131zla b\u00fcy\u00fcmektedir. Bug\u00fcn T\u00fcrkiye\u2019de halen \u00f6\u011fretmeni olmayan okullar bulunmaktad\u0131r. T\u00fcrkiye\u2019deki okullar\u0131n yar\u0131s\u0131ndan fazlas\u0131nda ikili e\u011fitim yap\u0131lmakta, birle\u015ftirilmi\u015f s\u0131n\u0131flarda e\u011fitim ve ta\u015f\u0131mal\u0131 e\u011fitim uygulamas\u0131na devam edilmektedir. Okullardaki altyap\u0131 ve donan\u0131m eksiklikleri, nitelikli bir e\u011fitim politikas\u0131n\u0131n y\u00fcr\u00fct\u00fclmesinin \u00f6n\u00fcnde b\u00fcy\u00fck bir engeldir. Okul yetersizli\u011fi ve derslik a\u00e7\u0131\u011f\u0131n\u0131n yan\u0131nda, acil \u00e7\u00f6z\u00fcm bekleyen en \u00f6nemli sorun, \u00f6\u011fretmen a\u00e7\u0131klar\u0131d\u0131r.<br \/>\nAncak siyasi iktidar, MEB b\u00fct\u00e7esinde kesintiye giderek, kal\u0131c\u0131 \u00e7\u00f6z\u00fcmlerin uza\u011f\u0131nda kalmakta, dahas\u0131 e\u011fitimi \u00f6zelle\u015ftirme, e\u011fitimin y\u00fck\u00fcn\u00fc yoksul halk\u0131n s\u0131rt\u0131na y\u00fckleme anlay\u0131\u015f\u0131nda \u0131srar etmektedir. Bu anlay\u0131\u015fla paras\u0131z, nitelikli ve herkese e\u015fit e\u011fitim anlay\u0131\u015f\u0131n\u0131n ya\u015fama ge\u00e7irilmesi m\u00fcmk\u00fcn de\u011fildir.\u00a0<\/p>\n","protected":false},"excerpt":{"rendered":"<p>Mersin E\u011fitim \u0130\u015f Y\u00f6netim Kurulu Ba\u015fkan\u0131 Hakan Boyar 2018-2019 e\u011fitim-\u00f6\u011fretim y\u0131l\u0131n\u0131n ba\u015flamas\u0131 ad\u0131na bas\u0131n a\u00e7\u0131klamas\u0131 yapt\u0131. Boyar, 18 milyon \u00f6\u011frenci ve 1 milyon e\u011fitim emek\u00e7isi bu e\u011fitim \u00f6\u011fretim y\u0131l\u0131na da &hellip; <a href=\"https:\/\/akdenizolaygazetesi.com\/?p=2604\" class=\"more-link\">Devam\u0131n\u0131 Oku&#8230;<\/a><\/p>\n","protected":false},"author":1,"featured_media":0,"comment_status":"open","ping_status":"open","sticky":false,"template":"","format":"standard","meta":[],"categories":[],"tags":[],"_links":{"self":[{"href":"https:\/\/akdenizolaygazetesi.com\/index.php?rest_route=\/wp\/v2\/posts\/2604"}],"collection":[{"href":"https:\/\/akdenizolaygazetesi.com\/index.php?rest_route=\/wp\/v2\/posts"}],"about":[{"href":"https:\/\/akdenizolaygazetesi.com\/index.php?rest_route=\/wp\/v2\/types\/post"}],"author":[{"embeddable":true,"href":"https:\/\/akdenizolaygazetesi.com\/index.php?rest_route=\/wp\/v2\/users\/1"}],"replies":[{"embeddable":true,"href":"https:\/\/akdenizolaygazetesi.com\/index.php?rest_route=%2Fwp%2Fv2%2Fcomments&post=2604"}],"version-history":[{"count":0,"href":"https:\/\/akdenizolaygazetesi.com\/index.php?rest_route=\/wp\/v2\/posts\/2604\/revisions"}],"wp:attachment":[{"href":"https:\/\/akdenizolaygazetesi.com\/index.php?rest_route=%2Fwp%2Fv2%2Fmedia&parent=2604"}],"wp:term":[{"taxonomy":"category","embeddable":true,"href":"https:\/\/akdenizolaygazetesi.com\/index.php?rest_route=%2Fwp%2Fv2%2Fcategories&post=2604"},{"taxonomy":"post_tag","embeddable":true,"href":"https:\/\/akdenizolaygazetesi.com\/index.php?rest_route=%2Fwp%2Fv2%2Ftags&post=2604"}],"curies":[{"name":"wp","href":"https:\/\/api.w.org\/{rel}","templated":true}]}}