{"id":26040,"date":"2023-05-30T12:35:20","date_gmt":"2023-05-30T09:35:20","guid":{"rendered":"http:\/\/akdenizolaygazetesi.com\/?p=26040"},"modified":"2023-05-30T12:35:20","modified_gmt":"2023-05-30T09:35:20","slug":"hizmet-araclarimizla-gucumuze-guc-kattik","status":"publish","type":"post","link":"https:\/\/akdenizolaygazetesi.com\/?p=26040","title":{"rendered":"Hizmet Ara\u00e7lar\u0131m\u0131zla G\u00fcc\u00fcm\u00fcze G\u00fc\u00e7 Katt\u0131k"},"content":{"rendered":"<p>Orman Genel M\u00fcd\u00fcrl\u00fc\u011f\u00fcm\u00fcz taraf\u0131ndan B\u00f6lge M\u00fcd\u00fcrl\u00fc\u011f\u00fcm\u00fcz emrine tahsis edilen 2 adet Minib\u00fcs ile 1 adet Dozer  ara\u00e7  filomuza eklenerek, g\u00fcc\u00fcm\u00fcz\u00fc daha da g\u00fc\u00e7 katarak daha etkili ve verimli bir \u015fekilde \u00e7al\u0131\u015fmak, ormanc\u0131l\u0131k faaliyetlerinde ve ihtiya\u00e7 duyulan i\u015flerde kullanmak \u00fczere Mersin Orman B\u00f6lge M\u00fcd\u00fcrl\u00fc\u011f\u00fcm\u00fczde d\u00fczenlenen t\u00f6renle teslim al\u0131nd\u0131.<br \/>\nTeslim t\u00f6renine Mersin Orman B\u00f6lge M\u00fcd\u00fcr\u00fc Mustafa Yal\u00e7\u0131n, B\u00f6lge M\u00fcd\u00fcr Yard\u0131mc\u0131s\u0131 Ali Ki\u015fi, Makine ve \u0130kmal \u015eube M\u00fcd\u00fcr\u00fc Kaz\u0131m Karadeniz, Mersin Orman \u0130\u015fletme M\u00fcd\u00fcr\u00fc Kenan \u00c7etin, \u0130\u015fletme M\u00fcd\u00fcr Yard\u0131mc\u0131s\u0131 Fahri Uzlar ve ara\u00e7lar\u0131 teslim alacak olan \u015fof\u00f6rler kat\u0131l\u0131m sa\u011flad\u0131.<br \/>\nB\u00f6lge M\u00fcd\u00fcr\u00fc Yal\u00e7\u0131n \u201cGenel M\u00fcd\u00fcrl\u00fc\u011f\u00fcm\u00fcz bizleri desteklemeye devam ediyor ekipman y\u00f6n\u00fcnden ne kadar g\u00fc\u00e7lenirsek i\u015f verimimiz de o kadar artar, i\u015flerimiz daha da kolayla\u015f\u0131r. Bu manada Bakanl\u0131\u011f\u0131m\u0131za ve Genel M\u00fcd\u00fcrl\u00fc\u011f\u00fcm\u00fcze te\u015fekk\u00fcr ederiz. Ara\u00e7 ve makine filomuza yeni kat\u0131lan minib\u00fcslerimiz ve dozerimiz kurumumuza hay\u0131rl\u0131 u\u011furlu olsun.\u201d \u0130fadelerini kulland\u0131.<br \/>\nB\u00f6lge M\u00fcd\u00fcrl\u00fc\u011f\u00fcm\u00fcz taraf\u0131ndan teslim al\u0131nan hizmet ara\u00e7lar\u0131m\u0131z g\u00f6rev yerlerine u\u011furland\u0131.<\/p>\n","protected":false},"excerpt":{"rendered":"<p>Orman Genel M\u00fcd\u00fcrl\u00fc\u011f\u00fcm\u00fcz taraf\u0131ndan B\u00f6lge M\u00fcd\u00fcrl\u00fc\u011f\u00fcm\u00fcz emrine tahsis edilen 2 adet Minib\u00fcs ile 1 adet Dozer ara\u00e7 filomuza eklenerek, g\u00fcc\u00fcm\u00fcz\u00fc daha da g\u00fc\u00e7 katarak daha etkili ve verimli bir \u015fekilde &hellip; <a href=\"https:\/\/akdenizolaygazetesi.com\/?p=26040\" class=\"more-link\">Devam\u0131n\u0131 Oku&#8230;<\/a><\/p>\n","protected":false},"author":2,"featured_media":26041,"comment_status":"open","ping_status":"open","sticky":false,"template":"","format":"standard","meta":[],"categories":[2,3],"tags":[],"_links":{"self":[{"href":"https:\/\/akdenizolaygazetesi.com\/index.php?rest_route=\/wp\/v2\/posts\/26040"}],"collection":[{"href":"https:\/\/akdenizolaygazetesi.com\/index.php?rest_route=\/wp\/v2\/posts"}],"about":[{"href":"https:\/\/akdenizolaygazetesi.com\/index.php?rest_route=\/wp\/v2\/types\/post"}],"author":[{"embeddable":true,"href":"https:\/\/akdenizolaygazetesi.com\/index.php?rest_route=\/wp\/v2\/users\/2"}],"replies":[{"embeddable":true,"href":"https:\/\/akdenizolaygazetesi.com\/index.php?rest_route=%2Fwp%2Fv2%2Fcomments&post=26040"}],"version-history":[{"count":1,"href":"https:\/\/akdenizolaygazetesi.com\/index.php?rest_route=\/wp\/v2\/posts\/26040\/revisions"}],"predecessor-version":[{"id":26042,"href":"https:\/\/akdenizolaygazetesi.com\/index.php?rest_route=\/wp\/v2\/posts\/26040\/revisions\/26042"}],"wp:featuredmedia":[{"embeddable":true,"href":"https:\/\/akdenizolaygazetesi.com\/index.php?rest_route=\/wp\/v2\/media\/26041"}],"wp:attachment":[{"href":"https:\/\/akdenizolaygazetesi.com\/index.php?rest_route=%2Fwp%2Fv2%2Fmedia&parent=26040"}],"wp:term":[{"taxonomy":"category","embeddable":true,"href":"https:\/\/akdenizolaygazetesi.com\/index.php?rest_route=%2Fwp%2Fv2%2Fcategories&post=26040"},{"taxonomy":"post_tag","embeddable":true,"href":"https:\/\/akdenizolaygazetesi.com\/index.php?rest_route=%2Fwp%2Fv2%2Ftags&post=26040"}],"curies":[{"name":"wp","href":"https:\/\/api.w.org\/{rel}","templated":true}]}}