{"id":26049,"date":"2023-05-30T12:41:00","date_gmt":"2023-05-30T09:41:00","guid":{"rendered":"http:\/\/akdenizolaygazetesi.com\/?p=26049"},"modified":"2023-05-30T12:41:00","modified_gmt":"2023-05-30T09:41:00","slug":"silifkede-is-sagligi-ve-guvenligi-egitimi-verildi","status":"publish","type":"post","link":"https:\/\/akdenizolaygazetesi.com\/?p=26049","title":{"rendered":"Silifke\u2019de \u0130\u015f Sa\u011fl\u0131\u011f\u0131 ve G\u00fcvenli\u011fi E\u011fitimi Verildi"},"content":{"rendered":"<p>Mersin Orman B\u00f6lge M\u00fcd\u00fcrl\u00fc\u011f\u00fcne ba\u011fl\u0131 Silifke Orman \u0130\u015fletme M\u00fcd\u00fcrl\u00fc\u011f\u00fcnde orman yang\u0131nlar\u0131 ile m\u00fccadele eden ekipler ba\u015fta olmak \u00fczere t\u00fcm \u00e7al\u0131\u015fanlara Temel \u0130\u015f Sa\u011fl\u0131\u011f\u0131 ve G\u00fcvenli\u011fi E\u011fitimleri verildi. Mersin Orman B\u00f6lge M\u00fcd\u00fcrl\u00fc\u011f\u00fc olarak milletimizin emaneti olan ormanlar\u0131n korunmas\u0131 ve geli\u015ftirilmesi g\u00f6revini yerine getiren t\u00fcm personelimizin g\u00fcvenli\u011fi her \u015feyin ba\u015f\u0131nda gelmektedir.<br \/>\n\u0130\u015f G\u00fcvenli\u011fi Uzman\u0131 Elife \u00c7\u0131nk\u0131r ve \u0130\u015fyeri Hekimi Zafer \u00d6zt\u00fcrk taraf\u0131ndan 25.05.2023 tarihinde yap\u0131lan e\u011fitimde, yeni geli\u015fmeler \u0131\u015f\u0131\u011f\u0131nda orman yang\u0131nlar\u0131n\u0131n k\u0131sa s\u00fcre i\u00e7erisinde tespit edilip, e\u015f zamanl\u0131 olarak en \u00fcst seviyede h\u0131zl\u0131 ve etkin bir \u015fekilde m\u00fcdahale edilebilmesi, orman yang\u0131nlar\u0131nda g\u00f6revli personelin kar\u015f\u0131la\u015fabilece\u011fi tehlikelere kar\u015f\u0131 al\u0131nacak tedbirler, ilkyard\u0131m, hijyen, bula\u015f\u0131c\u0131 hastal\u0131klar, acil durumlar ve deprem an\u0131nda ivedi \u015fekilde yap\u0131lmas\u0131 gerekenler ile ilgili teorik ve pratik e\u011fitimler verildi. <\/p>\n<p>Mersin Orman B\u00f6lge M\u00fcd\u00fcrl\u00fc\u011f\u00fc olarak \u00e7al\u0131\u015fanlar\u0131m\u0131z\u0131n \u00f6ncelikle can g\u00fcvenli\u011fi ve sa\u011fl\u0131\u011f\u0131 te\u015fkilat\u0131m\u0131z i\u00e7in \u00f6nem arz etmekte olup, 2023 y\u0131l\u0131 ve gelecekte her t\u00fcrl\u00fc tehdit ve tehlikelere kar\u015f\u0131 ormanlar\u0131m\u0131z\u0131 g\u00fcvence alt\u0131na almay\u0131 ve yang\u0131n sezonunun \u00e7al\u0131\u015fanlar\u0131m\u0131z i\u00e7in hasars\u0131z bir y\u0131l olmas\u0131n\u0131 temenni ediyoruz.<\/p>\n","protected":false},"excerpt":{"rendered":"<p>Mersin Orman B\u00f6lge M\u00fcd\u00fcrl\u00fc\u011f\u00fcne ba\u011fl\u0131 Silifke Orman \u0130\u015fletme M\u00fcd\u00fcrl\u00fc\u011f\u00fcnde orman yang\u0131nlar\u0131 ile m\u00fccadele eden ekipler ba\u015fta olmak \u00fczere t\u00fcm \u00e7al\u0131\u015fanlara Temel \u0130\u015f Sa\u011fl\u0131\u011f\u0131 ve G\u00fcvenli\u011fi E\u011fitimleri verildi. Mersin Orman B\u00f6lge &hellip; <a href=\"https:\/\/akdenizolaygazetesi.com\/?p=26049\" class=\"more-link\">Devam\u0131n\u0131 Oku&#8230;<\/a><\/p>\n","protected":false},"author":2,"featured_media":26050,"comment_status":"open","ping_status":"open","sticky":false,"template":"","format":"standard","meta":[],"categories":[1,2,3],"tags":[],"_links":{"self":[{"href":"https:\/\/akdenizolaygazetesi.com\/index.php?rest_route=\/wp\/v2\/posts\/26049"}],"collection":[{"href":"https:\/\/akdenizolaygazetesi.com\/index.php?rest_route=\/wp\/v2\/posts"}],"about":[{"href":"https:\/\/akdenizolaygazetesi.com\/index.php?rest_route=\/wp\/v2\/types\/post"}],"author":[{"embeddable":true,"href":"https:\/\/akdenizolaygazetesi.com\/index.php?rest_route=\/wp\/v2\/users\/2"}],"replies":[{"embeddable":true,"href":"https:\/\/akdenizolaygazetesi.com\/index.php?rest_route=%2Fwp%2Fv2%2Fcomments&post=26049"}],"version-history":[{"count":1,"href":"https:\/\/akdenizolaygazetesi.com\/index.php?rest_route=\/wp\/v2\/posts\/26049\/revisions"}],"predecessor-version":[{"id":26051,"href":"https:\/\/akdenizolaygazetesi.com\/index.php?rest_route=\/wp\/v2\/posts\/26049\/revisions\/26051"}],"wp:featuredmedia":[{"embeddable":true,"href":"https:\/\/akdenizolaygazetesi.com\/index.php?rest_route=\/wp\/v2\/media\/26050"}],"wp:attachment":[{"href":"https:\/\/akdenizolaygazetesi.com\/index.php?rest_route=%2Fwp%2Fv2%2Fmedia&parent=26049"}],"wp:term":[{"taxonomy":"category","embeddable":true,"href":"https:\/\/akdenizolaygazetesi.com\/index.php?rest_route=%2Fwp%2Fv2%2Fcategories&post=26049"},{"taxonomy":"post_tag","embeddable":true,"href":"https:\/\/akdenizolaygazetesi.com\/index.php?rest_route=%2Fwp%2Fv2%2Ftags&post=26049"}],"curies":[{"name":"wp","href":"https:\/\/api.w.org\/{rel}","templated":true}]}}