{"id":26055,"date":"2023-05-30T12:43:32","date_gmt":"2023-05-30T09:43:32","guid":{"rendered":"http:\/\/akdenizolaygazetesi.com\/?p=26055"},"modified":"2023-05-30T12:43:45","modified_gmt":"2023-05-30T09:43:45","slug":"baskan-ozyigit-siyasi-tercihi-ne-olursa-olsun-yenisehir-ailesi-daima-yan-yana-duracak","status":"publish","type":"post","link":"https:\/\/akdenizolaygazetesi.com\/?p=26055","title":{"rendered":"Ba\u015fkan \u00d6zyi\u011fit, \u201cSiyasi tercihi ne olursa olsun Yeni\u015fehir ailesi daima yan yana duracak\u201d"},"content":{"rendered":"<p>Mersin Yeni\u015fehir Belediye Ba\u015fkan\u0131 Abdullah \u00d6zyi\u011fit, 28 May\u0131s\u2019ta yap\u0131lan Cumhurba\u015fkanl\u0131\u011f\u0131 se\u00e7imlerinin ard\u0131ndan a\u00e7\u0131klama yapt\u0131. Sonu\u00e7lar\u0131n hay\u0131rl\u0131 olmas\u0131n\u0131 dileyen ve se\u00e7im s\u00fcrecinde azimle \u00e7al\u0131\u015fan Yeni\u015fehir G\u00f6n\u00fcll\u00fcleri\u2019ne te\u015fekk\u00fcr eden Ba\u015fkan \u00d6zyi\u011fit, \u201cSiyasi tercihi ne olursa olsun Yeni\u015fehir ailesi daima yan yana duracak, ortak de\u011ferler etraf\u0131nda bulu\u015facak ve farkl\u0131l\u0131klar\u0131 da zenginlik olarak kabul etmeye devam edecek.\u201difadelerini kulland\u0131.\u201cYeni\u015fehirlilerin g\u00f6sterdi\u011fi demokratik duyarl\u0131l\u0131k ve kat\u0131l\u0131m, \u015fehrimizde g\u00fc\u00e7l\u00fc bir demokratik k\u00fclt\u00fcr\u00fcn ve anlay\u0131\u015f\u0131n varl\u0131\u011f\u0131n\u0131 da g\u00f6steriyor.\u201d diyen Ba\u015fkan \u00d6zyi\u011fit, bununda g\u00fczel bir gelece\u011fe y\u00f6nelik umut verdi\u011fine dikkat \u00e7ekti.<br \/>\nMersin Yeni\u015fehir Belediye Ba\u015fkan\u0131 Abdullah \u00d6zyi\u011fit, yapt\u0131\u011f\u0131 a\u00e7\u0131klamada \u015funlar\u0131 s\u00f6yledi: \u201cSe\u00e7im s\u00fcrecinde de\u011fi\u015fimden yana kap\u0131 kap\u0131 dola\u015farak, vatanda\u015flar\u0131m\u0131za ula\u015fan, bilgi ve tecr\u00fcbeleriyle bizlere katk\u0131 sunan Yeni\u015fehir G\u00f6n\u00fcll\u00fclerimiz b\u00fcy\u00fck bir takdiri hak ediyor. G\u00f6n\u00fcll\u00fclerimizin hepsi, toplumumuzun \u00e7e\u015fitli kesimlerinden gelerek zengin bir mozaik olu\u015fturdu. Se\u00e7im s\u00fcrecinden sonu\u00e7lar\u0131n kesinle\u015fti\u011fi saate kadar b\u00fcy\u00fck bir disiplin ve hassasiyetle \u00e7al\u0131\u015fmalar\u0131n\u0131 s\u00fcrd\u00fcren Yeni\u015fehir G\u00f6n\u00fcll\u00fclerimiz farkl\u0131 yetenekleri, deneyimleri ve bak\u0131\u015f a\u00e7\u0131lar\u0131yla \u00e7al\u0131\u015fmalar\u0131m\u0131za de\u011fer katt\u0131 ve bizi daha g\u00fc\u00e7l\u00fc bir hale getirdi. Yeni\u015fehir G\u00f6n\u00fcll\u00fclerimiz ile birlikte sand\u0131k g\u00fcvenli\u011fi konusunda i\u015f birli\u011fi yapt\u0131\u011f\u0131m\u0131z T\u00fcrkiye G\u00f6n\u00fcll\u00fcleri\u2019ne de ayr\u0131ca y\u00fcrekten te\u015fekk\u00fcr ediyorum.<br \/>\nGenel Ba\u015fkan\u0131m\u0131z Say\u0131n Kemal K\u0131l\u0131\u00e7daro\u011flu, 28 May\u0131s\u2019ta Yeni\u015fehir\u2019imizde y\u00fczde 74\u2019\u00fcn \u00fczerinde oy ald\u0131. Bu b\u00fcy\u00fck destek bizleri mutlu etti ve do\u011fru yolda oldu\u011fumuzu bir kez daha g\u00f6sterdi. Se\u00e7imi elbette geride b\u0131rakt\u0131k. Sonu\u00e7lar\u0131n \u00fclkemize ve kentimize hay\u0131rl\u0131 olmas\u0131n\u0131 diliyorum. Bizler hep birlikte g\u00fczel bir ya\u015fam alan\u0131 i\u00e7in azimle ve kararl\u0131l\u0131kla \u00e7al\u0131\u015fmaya devam edece\u011fiz. Siyasi tercihi ne olursa olsun Yeni\u015fehir ailesi daima yan yana duracak, ortak de\u011ferler etraf\u0131nda bulu\u015facak ve farkl\u0131l\u0131klar\u0131 da zenginlik olarak kabul edecek.<br \/>\nOy verme sorumlulu\u011funuzu yerine getirerek, demokratik s\u00fcrece olan inanc\u0131n\u0131 g\u00f6steren her bir hem\u015fehrime bu duygular\u0131mla te\u015fekk\u00fcr ediyorum. Yeni\u015fehirlilerin g\u00f6sterdi\u011fi demokratik duyarl\u0131l\u0131k ve kat\u0131l\u0131m, \u015fehrimizde g\u00fc\u00e7l\u00fc bir demokratik k\u00fclt\u00fcr\u00fcn ve anlay\u0131\u015f\u0131n varl\u0131\u011f\u0131n\u0131 da g\u00f6steriyor.Bu da bizi elbette mutlu ediyor ve g\u00fczel bir gelece\u011fe y\u00f6nelik b\u00fcy\u00fck umut veriyor.\u201d<\/p>\n","protected":false},"excerpt":{"rendered":"<p>Mersin Yeni\u015fehir Belediye Ba\u015fkan\u0131 Abdullah \u00d6zyi\u011fit, 28 May\u0131s\u2019ta yap\u0131lan Cumhurba\u015fkanl\u0131\u011f\u0131 se\u00e7imlerinin ard\u0131ndan a\u00e7\u0131klama yapt\u0131. Sonu\u00e7lar\u0131n hay\u0131rl\u0131 olmas\u0131n\u0131 dileyen ve se\u00e7im s\u00fcrecinde azimle \u00e7al\u0131\u015fan Yeni\u015fehir G\u00f6n\u00fcll\u00fcleri\u2019ne te\u015fekk\u00fcr eden Ba\u015fkan \u00d6zyi\u011fit, \u201cSiyasi &hellip; <a href=\"https:\/\/akdenizolaygazetesi.com\/?p=26055\" class=\"more-link\">Devam\u0131n\u0131 Oku&#8230;<\/a><\/p>\n","protected":false},"author":2,"featured_media":26056,"comment_status":"open","ping_status":"open","sticky":false,"template":"","format":"standard","meta":[],"categories":[8,1,2,3],"tags":[],"_links":{"self":[{"href":"https:\/\/akdenizolaygazetesi.com\/index.php?rest_route=\/wp\/v2\/posts\/26055"}],"collection":[{"href":"https:\/\/akdenizolaygazetesi.com\/index.php?rest_route=\/wp\/v2\/posts"}],"about":[{"href":"https:\/\/akdenizolaygazetesi.com\/index.php?rest_route=\/wp\/v2\/types\/post"}],"author":[{"embeddable":true,"href":"https:\/\/akdenizolaygazetesi.com\/index.php?rest_route=\/wp\/v2\/users\/2"}],"replies":[{"embeddable":true,"href":"https:\/\/akdenizolaygazetesi.com\/index.php?rest_route=%2Fwp%2Fv2%2Fcomments&post=26055"}],"version-history":[{"count":2,"href":"https:\/\/akdenizolaygazetesi.com\/index.php?rest_route=\/wp\/v2\/posts\/26055\/revisions"}],"predecessor-version":[{"id":26058,"href":"https:\/\/akdenizolaygazetesi.com\/index.php?rest_route=\/wp\/v2\/posts\/26055\/revisions\/26058"}],"wp:featuredmedia":[{"embeddable":true,"href":"https:\/\/akdenizolaygazetesi.com\/index.php?rest_route=\/wp\/v2\/media\/26056"}],"wp:attachment":[{"href":"https:\/\/akdenizolaygazetesi.com\/index.php?rest_route=%2Fwp%2Fv2%2Fmedia&parent=26055"}],"wp:term":[{"taxonomy":"category","embeddable":true,"href":"https:\/\/akdenizolaygazetesi.com\/index.php?rest_route=%2Fwp%2Fv2%2Fcategories&post=26055"},{"taxonomy":"post_tag","embeddable":true,"href":"https:\/\/akdenizolaygazetesi.com\/index.php?rest_route=%2Fwp%2Fv2%2Ftags&post=26055"}],"curies":[{"name":"wp","href":"https:\/\/api.w.org\/{rel}","templated":true}]}}