{"id":26067,"date":"2023-05-31T12:36:21","date_gmt":"2023-05-31T09:36:21","guid":{"rendered":"http:\/\/akdenizolaygazetesi.com\/?p=26067"},"modified":"2023-05-31T12:36:21","modified_gmt":"2023-05-31T09:36:21","slug":"emekliler-turk-sanat-muzigi-konseri-ile-eglendi","status":"publish","type":"post","link":"https:\/\/akdenizolaygazetesi.com\/?p=26067","title":{"rendered":"EMEKL\u0130LER, T\u00dcRK SANAT M\u00dcZ\u0130\u011e\u0130 KONSER\u0130 \u0130LE E\u011eLEND\u0130"},"content":{"rendered":"<p>Mersin B\u00fcy\u00fck\u015fehir Belediyesi Sosyal Hizmetler Dairesi&#8217;ne ba\u011fl\u0131 Yeni\u015fehir Emekli Evi&#8217;nde, T\u00fcrk Sanat M\u00fczi\u011fi konseri d\u00fczenlendi. Mersin B\u00fcy\u00fck\u015fehir Belediyesi T\u00fcrk Sanat M\u00fczi\u011fi Toplulu\u011fu taraf\u0131ndan verilen konserde Emekli Evi \u00fcyeleri, zamanlar\u0131n\u0131 kaliteli bir \u015fekilde de\u011ferlendirdi.<br \/>\nEmekli Evi&#8217;nin bah\u00e7esinde d\u00fczenlenen etkinlikte T\u00fcrk Sanat M\u00fczi\u011fi Toplulu\u011fu, zaman zaman duygusal, zaman zaman hareketli par\u00e7alarla, \u00fcyelerin keyifli vakit ge\u00e7irmesini sa\u011flad\u0131. \u00dcyeler; G\u00f6zleri A\u015fka G\u00fclen, Fikrimin \u0130nce G\u00fcl\u00fc, Unutturamaz Seni Hi\u00e7bir \u015eey, Biraz K\u00fcl Biraz Duman, Duydum ki Unutmu\u015fsun ba\u015fta olmak \u00fczere, seslendirilen T\u00fcrk Sanat M\u00fczi\u011fi&#8217;nin en g\u00fczel par\u00e7alar\u0131na e\u015flik etti. Evde vakit \u00f6ld\u00fcrmek yerine, Emekli Evi&#8217;ne gelerek kaliteli zaman ge\u00e7irdiklerini ifade eden \u00fcyeler, Emekli Evi&#8217;nden son derece memnun.<br \/>\n&#8220;Avrupa ayar\u0131nda etkinlikler yap\u0131l\u0131yor&#8221;<br \/>\nEmekli \u00d6\u011fretmen Mahmut Gedik, Emekli Evi&#8217;nin hizmetlerinin, Avrupa&#8217;da ya\u015f alm\u0131\u015flara verilen hizmetler kadar g\u00fczel oldu\u011funu ifade ederek, &#8220;\u00c7ok g\u00fczel, Avrupa ayar\u0131nda buluyorum. Ben defalarca Avrupa&#8217;ya gittim. Avrupal\u0131lar emeklilerine \u00e7ok de\u011fer verirler. Onlar geziyor, e\u011fleniyor, hafta sonlar\u0131 aynen b\u00f6yle m\u00fczik yap\u0131yorlar, tiyatrolar, geziler d\u00fczenliyorlar. Buradaki etkinlikler de \u00e7ok g\u00fczel. Avrupa ayar\u0131nda bir etkinlik olarak g\u00f6r\u00fcyorum&#8221; diye konu\u015ftu.<br \/>\n&#8220;Kendi evimiz gibi. Gelmedi\u011fimizde \u00fcz\u00fcl\u00fcyoruz&#8221;<br \/>\n&#8220;Emekli Evi&#8217;nin etkinliklerinden \u00e7ok memnunum&#8221; diyen Muazzez G\u00f6n\u00fcl Ta\u015f, Emekli Evi&#8217;ne gelmedi\u011finde s\u0131k\u0131ld\u0131\u011f\u0131n\u0131 s\u00f6yleyerek, &#8220;Hep gelip gidiyoruz. Burada b\u00fct\u00fcn imkanlar sunuluyor. \u00d6yle bir al\u0131\u015ft\u0131k ki, kendi evimiz gibi. Gelmedi\u011fimizde \u00fcz\u00fcl\u00fcyoruz, ar\u0131yoruz. Buraya gelmedi\u011fim zamanlar evde oturuyordum.  Burada tan\u0131d\u0131k \u00e7evremiz oldu. Bize bu imkanlar\u0131 sunan Vahap Ba\u015fkan\u0131m\u0131za da \u00e7ok te\u015fekk\u00fcr ederiz. Burada \u00e7al\u0131\u015fanlara da \u00e7ok te\u015fekk\u00fcrler. Bize \u00e7ok iyi davran\u0131yorlar. Bir dedi\u011fimiz iki olmuyor&#8221; dedi.<br \/>\n&#8220;Bizim i\u00e7in bulunmayacak g\u00fczellikte bir yer&#8221;<br \/>\nSSK Emeklisi Cumali Y\u0131ld\u0131r\u0131m da, 3 y\u0131ld\u0131r Emekli Evi&#8217;ne geliyor. Etkinlikleri ve konseri de\u011ferlendiren Y\u0131ld\u0131r\u0131m, &#8220;T\u00fcrk Sanat M\u00fczi\u011fi konseri, yat gezileri, yayla gezileri gibi \u00e7e\u015fitli etkinlikler oluyor. D\u00fczenli yap\u0131lan bu etkinliklerden memnunuz. 3 y\u0131ld\u0131r buraday\u0131m. Bizim i\u00e7in bulunmayacak g\u00fczellikte bir yer. Arkada\u015flar\u0131m\u0131z var, bir gurubumuz var, g\u00fczel vakit ge\u00e7iriyoruz. Bulmaca \u00e7\u00f6z\u00fcyor, gazete ve kitap okuyoruz&#8221; ifadelerini kulland\u0131.<br \/>\n&#8220;Kitap okuyor, arkada\u015flarla sohbet ediyoruz&#8221;<br \/>\nEmekli \u00d6\u011fretmen Ahmet Avc\u0131 ise, etkinliklerden \u00e7ok memnun oldu\u011funu ve keyifli vakit ge\u00e7irdi\u011fini belirterek, &#8220;A\u00e7\u0131ld\u0131\u011f\u0131 g\u00fcnden beri buraday\u0131m. Genelde \u00f6\u011fleden sonralar\u0131 geliyorum. Biz emekliler, buray\u0131 a\u00e7anlara minnettar\u0131z. \u00c7e\u015fitli hizmetleri oluyor. O hizmetlerden yararlan\u0131yoruz. K\u00fct\u00fcphanemiz var, kitap okuyoruz, arkada\u015flarla sohbet ediyoruz. Zaman zaman bug\u00fcnk\u00fc gibi etkinlikler oluyor, etkinliklere kat\u0131l\u0131yoruz. Ben de sosyal faaliyeti olan birisiyim. Kuruldu\u011fu g\u00fcnden beri memnunuz&#8221; dedi.<\/p>\n","protected":false},"excerpt":{"rendered":"<p>Mersin B\u00fcy\u00fck\u015fehir Belediyesi Sosyal Hizmetler Dairesi&#8217;ne ba\u011fl\u0131 Yeni\u015fehir Emekli Evi&#8217;nde, T\u00fcrk Sanat M\u00fczi\u011fi konseri d\u00fczenlendi. Mersin B\u00fcy\u00fck\u015fehir Belediyesi T\u00fcrk Sanat M\u00fczi\u011fi Toplulu\u011fu taraf\u0131ndan verilen konserde Emekli Evi \u00fcyeleri, zamanlar\u0131n\u0131 kaliteli &hellip; <a href=\"https:\/\/akdenizolaygazetesi.com\/?p=26067\" class=\"more-link\">Devam\u0131n\u0131 Oku&#8230;<\/a><\/p>\n","protected":false},"author":2,"featured_media":26068,"comment_status":"open","ping_status":"open","sticky":false,"template":"","format":"standard","meta":[],"categories":[1,2,3],"tags":[],"_links":{"self":[{"href":"https:\/\/akdenizolaygazetesi.com\/index.php?rest_route=\/wp\/v2\/posts\/26067"}],"collection":[{"href":"https:\/\/akdenizolaygazetesi.com\/index.php?rest_route=\/wp\/v2\/posts"}],"about":[{"href":"https:\/\/akdenizolaygazetesi.com\/index.php?rest_route=\/wp\/v2\/types\/post"}],"author":[{"embeddable":true,"href":"https:\/\/akdenizolaygazetesi.com\/index.php?rest_route=\/wp\/v2\/users\/2"}],"replies":[{"embeddable":true,"href":"https:\/\/akdenizolaygazetesi.com\/index.php?rest_route=%2Fwp%2Fv2%2Fcomments&post=26067"}],"version-history":[{"count":1,"href":"https:\/\/akdenizolaygazetesi.com\/index.php?rest_route=\/wp\/v2\/posts\/26067\/revisions"}],"predecessor-version":[{"id":26069,"href":"https:\/\/akdenizolaygazetesi.com\/index.php?rest_route=\/wp\/v2\/posts\/26067\/revisions\/26069"}],"wp:featuredmedia":[{"embeddable":true,"href":"https:\/\/akdenizolaygazetesi.com\/index.php?rest_route=\/wp\/v2\/media\/26068"}],"wp:attachment":[{"href":"https:\/\/akdenizolaygazetesi.com\/index.php?rest_route=%2Fwp%2Fv2%2Fmedia&parent=26067"}],"wp:term":[{"taxonomy":"category","embeddable":true,"href":"https:\/\/akdenizolaygazetesi.com\/index.php?rest_route=%2Fwp%2Fv2%2Fcategories&post=26067"},{"taxonomy":"post_tag","embeddable":true,"href":"https:\/\/akdenizolaygazetesi.com\/index.php?rest_route=%2Fwp%2Fv2%2Ftags&post=26067"}],"curies":[{"name":"wp","href":"https:\/\/api.w.org\/{rel}","templated":true}]}}