{"id":26070,"date":"2023-05-31T12:37:42","date_gmt":"2023-05-31T09:37:42","guid":{"rendered":"http:\/\/akdenizolaygazetesi.com\/?p=26070"},"modified":"2023-05-31T12:37:42","modified_gmt":"2023-05-31T09:37:42","slug":"kara-tum-kadinlari-kadin-sagligi-danisma-merkezimize-davet-ediyoruz","status":"publish","type":"post","link":"https:\/\/akdenizolaygazetesi.com\/?p=26070","title":{"rendered":"KARA: &#8220;T\u00dcM KADINLARI KADIN SA\u011eLI\u011eI DANI\u015eMA MERKEZ\u0130M\u0130ZE DAVET ED\u0130YORUZ&#8221;"},"content":{"rendered":"<p>Mersin B\u00fcy\u00fck\u015fehir Belediyesi Sa\u011fl\u0131k \u0130\u015fleri Dairesi b\u00fcnyesinde hizmet veren Kad\u0131n Sa\u011fl\u0131\u011f\u0131 Dan\u0131\u015fma Merkezi, kad\u0131nlardan tam not al\u0131yor. 2021 y\u0131l\u0131ndan beri \u00fccretsiz olarak kad\u0131nlara hizmet veren merkezin \u00f6nemli hizmetlerinden biri de &#8216;Psikolog Deste\u011fi&#8217;. G\u00fcn\u00fcm\u00fcz ekonomik ko\u015fullar\u0131nda seans \u00fccretlerinin olduk\u00e7a y\u00fcksek oldu\u011fu hizmetten \u00fccretsiz yararlanan kad\u0131nlar, ald\u0131klar\u0131 hizmet ile hayata daha farkl\u0131 bakt\u0131klar\u0131n\u0131 ifade ediyor.<br \/>\nSa\u011fl\u0131k \u0130\u015fleri Dairesi ile D\u0131\u015f \u0130li\u015fkiler ve Projeler \u015eube M\u00fcd\u00fcrl\u00fc\u011f\u00fc&#8217;n\u00fcn i\u015fbirli\u011finde, Uluslararas\u0131 G\u00f6\u00e7 \u00d6rg\u00fct\u00fc&#8217;n\u00fcn (IOM) deste\u011fiyle hizmet veren merkez, hafta i\u00e7i her g\u00fcn 08.00-17.00 aras\u0131 kap\u0131lar\u0131n\u0131 a\u00e7\u0131yor. Psikolog Deste\u011fi kapsam\u0131nda kayg\u0131, panik atak, depresyon gibi sorunlar i\u00e7in hem bireysel, hem de aile dan\u0131\u015fma hizmeti alabilen dan\u0131\u015fanlar, psikolog y\u00f6nlendirmesi ile 8-12 seans hizmet g\u00f6r\u00fcyor. Gereken durumlarda ise bu s\u00fcre uzat\u0131labiliyor. 15-17 ya\u015f aras\u0131 ergenlere y\u00f6nelik ise genellikle s\u0131nav kayg\u0131s\u0131 ve stres y\u00f6netimi \u00fczerine dan\u0131\u015fma hizmeti veriliyor. Hizmetten yararlanmak isteyenler Alo 185 Teksin \u00fczerinden ya da 0 324 502 79 16 numaral\u0131 telefondan merkezi direkt aray\u0131p randevu alabiliyor.<br \/>\nKara: &#8220;Kayg\u0131, depresyon, panik atak \u00fczerine \u00e7al\u0131\u015f\u0131yoruz&#8221;<br \/>\nKad\u0131n Sa\u011fl\u0131\u011f\u0131 ve Dan\u0131\u015fma Merkezi&#8217;nde g\u00f6rev yapan Uzman Psikolog Semiha Kara, &#8220;Bizler genelde dan\u0131\u015fanlar\u0131m\u0131zla; kayg\u0131, depresyon, panik atak \u00fczerine \u00e7al\u0131\u015f\u0131yoruz. Burada genelde sorunlar\u0131m\u0131z kayg\u0131 odakl\u0131 konular oluyor. Kayg\u0131lar\u0131n\u0131 azaltarak, e\u011fer tan\u0131 varsa tan\u0131y\u0131 da azaltarak iyile\u015fme kazanmalar\u0131n\u0131 hedefliyoruz. Ailelerimizle \u00e7al\u0131\u015f\u0131yoruz, aile ve \u00e7iftlere dan\u0131\u015fmanl\u0131k hizmeti gibi alanlara da bak\u0131yoruz. Ailelerimiz bize m\u00fcracaat ettiklerinde, aile b\u00fct\u00fcnl\u00fc\u011f\u00fcn\u00fc koruma ad\u0131na, aileye katk\u0131 sa\u011flayacak \u00e7al\u0131\u015fmalar yap\u0131yor ve bu b\u00fct\u00fcnl\u00fc\u011f\u00fc iyile\u015ftirmeyi hedefliyoruz&#8221; dedi.<br \/>\nAile dan\u0131\u015fmanl\u0131k hizmetine bu sene i\u00e7erisinde ba\u015flad\u0131klar\u0131n\u0131 kaydeden Kara, &#8220;Bize m\u00fcracaat eden kad\u0131nlar\u0131m\u0131z\u0131n, e\u015fleriyle alakal\u0131 olan sorunlarda seanslara e\u015flerini de dahil ediyor ve aile dan\u0131\u015fma hizmeti veriyoruz. Aile dan\u0131\u015fma hizmetlerinde sadece e\u015f de\u011fil, ayn\u0131 zamanda \u00e7ocuklar\u0131yla ya da anne k\u0131z olarak g\u00f6r\u00fc\u015fmeler yaparak, kad\u0131n\u0131n ya da \u00e7ocu\u011fun iyile\u015fmesine yard\u0131mc\u0131 olmay\u0131 sa\u011flayarak, asl\u0131nda b\u00fct\u00fcnl\u00fc\u011f\u00fc iyile\u015ftirmi\u015f oluyoruz&#8221; diye konu\u015ftu.<br \/>\n&#8220;T\u00fcm kad\u0131nlar\u0131 Kad\u0131n Sa\u011fl\u0131\u011f\u0131 Dan\u0131\u015fma Merkezimize davet ediyoruz&#8221;<br \/>\nSeans aral\u0131klar\u0131n\u0131 dan\u0131\u015fanlar\u0131n sorunlar\u0131na g\u00f6re belirlediklerini, fakat ki\u015finin durumu ciddi d\u00fczeyde veya tan\u0131n\u0131n azalmas\u0131 ile alakal\u0131 bir durum varsa, dan\u0131\u015fanlar\u0131n\u0131 7 g\u00fcne bir g\u00f6rebildiklerini ifade eden Kara, &#8220;7-15 g\u00fcn aras\u0131ndaki periyotlar\u0131m\u0131z verimlili\u011fi art\u0131rm\u0131\u015f oluyor. Genelde bizim uygulad\u0131\u011f\u0131m\u0131z ekole g\u00f6re, 8-12 seans aras\u0131nda bir iyile\u015fme g\u00f6zlemlemi\u015f oluyoruz. Fakat, ciddi dedi\u011fimiz problemlerde 8-12 seans yeterli olmayabiliyor. 20 seansa kadar elimizden geleni yapmaya \u00e7al\u0131\u015f\u0131yoruz. T\u00fcm kad\u0131nlar\u0131m\u0131z\u0131 Kad\u0131n Sa\u011fl\u0131\u011f\u0131 Dan\u0131\u015fma Merkezimize bekliyoruz&#8221; dedi.<br \/>\n&#8220;Sa\u011fl\u0131kl\u0131 bir anne, sa\u011fl\u0131kl\u0131 bir aile demek&#8221;<br \/>\nPsikolog deste\u011finden yararlanan Aynur \u00dcnver, baz\u0131 s\u0131k\u0131nt\u0131lar\u0131n\u0131n \u00e7\u00f6z\u00fcme kavu\u015ftu\u011funu ve art\u0131k daha mutlu oldu\u011funu ifade ederek, &#8220;Sa\u011fl\u0131kl\u0131 bir anne sa\u011fl\u0131kl\u0131 bir aile demektir. Benim kendi i\u00e7inde a\u015famad\u0131\u011f\u0131m baz\u0131 s\u0131k\u0131nt\u0131lar\u0131m, tak\u0131nt\u0131lar\u0131m vard\u0131. K\u0131\u015f boyu devam ettim seanslar\u0131ma. Bu hastal\u0131\u011f\u0131m\u0131n bana zarar veren pek \u00e7ok y\u00f6n\u00fcn\u00fc a\u015ft\u0131m. \u015eimdi aileme ve kendime daha faydal\u0131 oldu\u011fumu d\u00fc\u015f\u00fcn\u00fcyorum&#8221; dedi. \u00dcnver, hizmetin \u00fccretsiz olmas\u0131n\u0131n da kad\u0131nlar i\u00e7in \u00e7ok \u00f6nemli oldu\u011funu anlatarak, &#8220;D\u0131\u015far\u0131da bir psikolog \u00fccreti, bizim gibi orta s\u0131n\u0131f insanlar\u0131n kald\u0131rabilece\u011fi d\u00fczeyde de\u011fil. Buran\u0131n \u00fccretsiz olmas\u0131 ve i\u015flerini birinci s\u0131n\u0131f yapmalar\u0131, beni buraya daha \u00e7ok gelmeye te\u015fvik etti. Sanki \u00f6zel bir muayeneye gelmi\u015fsiniz gibi bir hizmet ald\u0131m. Belediye Ba\u015fkan\u0131&#8217;na \u00e7ok te\u015fekk\u00fcr ediyorum&#8221; diye konu\u015ftu.<br \/>\n&#8220;Bamba\u015fka bir insana d\u00f6n\u00fc\u015ft\u00fcm ve bu halimden \u00e7ok mutluyum&#8221;<br \/>\nMeltem Emre, psikolog deste\u011finden yararland\u0131ktan sonra hem ruhsal hem de bedensel olarak daha farkl\u0131 bir insana d\u00f6n\u00fc\u015ft\u00fc\u011f\u00fcn\u00fc anlatt\u0131. Emre, &#8220;Kendime sayg\u0131s\u0131 olan ama kendini \u00f6nemsemeyen, daha \u00e7ok ba\u015fkalar\u0131n\u0131 \u00f6nemseyen biriydim. Psikolojik dan\u0131\u015fmanl\u0131\u011f\u0131n vermesi gereken a\u015famalar\u0131 bana uyguland\u0131 ve biz bu zamana kadar geldik. Foto\u011fraf \u00e7ekilmeyi sevmezdim, \u00e7\u00fcnk\u00fc g\u00fcl\u00fcmseyemezdim. Daha \u00f6nce insanlardan ka\u00e7\u0131yordum. \u0130nsanlarla diyalo\u011fumu art\u0131rd\u0131m. Mersin&#8217;de kad\u0131nlar \u00e7ok g\u00fc\u00e7l\u00fc. Ger\u00e7ekten bu konuda Vahap Se\u00e7er Bey&#8217;i tebrik ediyorum. Kad\u0131nlar\u0131 d\u00fc\u015f\u00fcnen erkek y\u00f6neticiler istiyoruz. Bizi destekledikleri i\u00e7in, bu t\u00fcr imkanlar\u0131 sunduklar\u0131 i\u00e7in ger\u00e7ekten \u00e7ok minnettar\u0131z&#8221; ifadesini kulland\u0131.<br \/>\n&#8220;Bu \u00fclkede kad\u0131nsan\u0131z, bazen akl\u0131n\u0131z\u0131 kaybedecek duruma geliyorsunuz&#8221;<br \/>\nPsikolog deste\u011fiyle kendini \u00e7ok iyi hissetti\u011fini s\u00f6yleyen bir di\u011fer vatanda\u015f Ayten Otlu ise, &#8220;Burada baz\u0131 \u015feylerin olumsuz oldu\u011funu ama hayat\u0131n devam etti\u011fini, bundan sonra nas\u0131l ya\u015famam gerekti\u011fini \u00f6\u011frendim. Bunlar \u00e7\u00f6z\u00fcme ula\u015ft\u0131\u011f\u0131nda, \u00e7ok da mutlu bir \u015fekilde ayr\u0131ld\u0131m. Bu \u00fclkede kad\u0131nsan\u0131z, anneyseniz de\u011fi\u015fik \u015feyler ya\u015f\u0131yorsan\u0131z, bazen akl\u0131n\u0131z\u0131 kaybedecek duruma geliyorsunuz. Bunun i\u00e7in de bence b\u00f6yle yerlerin daha \u00e7ok olmas\u0131 gerekiyor. Benim otizmli \u00f6zel bir \u00e7ocu\u011fum var. Bu konuda da \u00e7ok yard\u0131mc\u0131 oldu bana. Ben 2.5 y\u0131l \u00f6zel yere gittim ama buna g\u00fcc\u00fcm yetmedi. Buran\u0131n \u00fccretsiz olmas\u0131yla \u015funu d\u00fc\u015f\u00fcnm\u00fcyorsunuz; &#8216;ben oraya gidiyorum ama param kalmad\u0131&#8217; Sadece kendinize odaklan\u0131yorsunuz&#8221; dedi.<\/p>\n","protected":false},"excerpt":{"rendered":"<p>Mersin B\u00fcy\u00fck\u015fehir Belediyesi Sa\u011fl\u0131k \u0130\u015fleri Dairesi b\u00fcnyesinde hizmet veren Kad\u0131n Sa\u011fl\u0131\u011f\u0131 Dan\u0131\u015fma Merkezi, kad\u0131nlardan tam not al\u0131yor. 2021 y\u0131l\u0131ndan beri \u00fccretsiz olarak kad\u0131nlara hizmet veren merkezin \u00f6nemli hizmetlerinden biri de &hellip; <a href=\"https:\/\/akdenizolaygazetesi.com\/?p=26070\" class=\"more-link\">Devam\u0131n\u0131 Oku&#8230;<\/a><\/p>\n","protected":false},"author":2,"featured_media":26071,"comment_status":"open","ping_status":"open","sticky":false,"template":"","format":"standard","meta":[],"categories":[2,3,9],"tags":[],"_links":{"self":[{"href":"https:\/\/akdenizolaygazetesi.com\/index.php?rest_route=\/wp\/v2\/posts\/26070"}],"collection":[{"href":"https:\/\/akdenizolaygazetesi.com\/index.php?rest_route=\/wp\/v2\/posts"}],"about":[{"href":"https:\/\/akdenizolaygazetesi.com\/index.php?rest_route=\/wp\/v2\/types\/post"}],"author":[{"embeddable":true,"href":"https:\/\/akdenizolaygazetesi.com\/index.php?rest_route=\/wp\/v2\/users\/2"}],"replies":[{"embeddable":true,"href":"https:\/\/akdenizolaygazetesi.com\/index.php?rest_route=%2Fwp%2Fv2%2Fcomments&post=26070"}],"version-history":[{"count":1,"href":"https:\/\/akdenizolaygazetesi.com\/index.php?rest_route=\/wp\/v2\/posts\/26070\/revisions"}],"predecessor-version":[{"id":26072,"href":"https:\/\/akdenizolaygazetesi.com\/index.php?rest_route=\/wp\/v2\/posts\/26070\/revisions\/26072"}],"wp:featuredmedia":[{"embeddable":true,"href":"https:\/\/akdenizolaygazetesi.com\/index.php?rest_route=\/wp\/v2\/media\/26071"}],"wp:attachment":[{"href":"https:\/\/akdenizolaygazetesi.com\/index.php?rest_route=%2Fwp%2Fv2%2Fmedia&parent=26070"}],"wp:term":[{"taxonomy":"category","embeddable":true,"href":"https:\/\/akdenizolaygazetesi.com\/index.php?rest_route=%2Fwp%2Fv2%2Fcategories&post=26070"},{"taxonomy":"post_tag","embeddable":true,"href":"https:\/\/akdenizolaygazetesi.com\/index.php?rest_route=%2Fwp%2Fv2%2Ftags&post=26070"}],"curies":[{"name":"wp","href":"https:\/\/api.w.org\/{rel}","templated":true}]}}