{"id":26076,"date":"2023-05-31T12:40:37","date_gmt":"2023-05-31T09:40:37","guid":{"rendered":"http:\/\/akdenizolaygazetesi.com\/?p=26076"},"modified":"2023-05-31T12:40:37","modified_gmt":"2023-05-31T09:40:37","slug":"antakya-medeniyetler-korosundan-mersinde-dayanisma-konseri","status":"publish","type":"post","link":"https:\/\/akdenizolaygazetesi.com\/?p=26076","title":{"rendered":"ANTAKYA MEDEN\u0130YETLER KOROSU&#8217;NDAN MERS\u0130N&#8217;DE DAYANI\u015eMA KONSER\u0130"},"content":{"rendered":"<p>\u00dc\u00e7 semavi din, farkl\u0131 mezhep, k\u00fclt\u00fcr ve meslekten ki\u015filerin bir araya gelerek kurdu\u011fu ve Kahramanmara\u015f merkezli depremlerde 7 \u00fcyesini kaybeden Antakya Medeniyetler Korosu, Mersin&#8217;de &#8220;El Ele Dayan\u0131\u015fma Konseri&#8221; ger\u00e7ekle\u015ftirdi. Mersin B\u00fcy\u00fck\u015fehir Belediye Ba\u015fkan\u0131 Vahap Se\u00e7er de konsere e\u015fi Meral Se\u00e7er ile birlikte kat\u0131ld\u0131.<\/p>\n<p>Yeni\u015fehir Atat\u00fcrk K\u00fclt\u00fcr Merkezi&#8217;nde d\u00fczenlenen konsere Ba\u015fkan Se\u00e7er ve e\u015fi Meral Se\u00e7er&#8217;in yan\u0131 s\u0131ra Akdeniz B\u00f6lge ve Garnizon Komutan\u0131 Tu\u011famiral Fuat Gedik, Yeni\u015fehir Belediye Ba\u015fkan\u0131 Abdullah \u00d6zyi\u011fit, Mezitli Belediye Ba\u015fkan\u0131 Ne\u015fet Tarhan ve \u00e7ok say\u0131da sanatsever kat\u0131ld\u0131. \u0130\u00e7el Soroptimist Kul\u00fcb\u00fc ile Mezitli Soroptimist Kul\u00fcb\u00fc&#8217;n\u00fcn organizasyonunda ve Mersin B\u00fcy\u00fck\u015fehir Belediyesi, Yeni\u015fehir Belediyesi, Gelecek Okullar\u0131 ile Sahil Mart\u0131 Otel&#8217;in deste\u011fiyle d\u00fczenlenen konser, yo\u011fun bir kat\u0131l\u0131mla ger\u00e7ekle\u015fti.<\/p>\n<p>Konserin ba\u015flamas\u0131ndan 4 dakika 17 saniye sonra \u015fark\u0131ya ara veren koro, &#8220;Sesimi duyan var m\u0131?&#8221; diye seslendi. Koronun \u015fefli\u011fini \u00fcstlenen Y\u0131lmaz \u00d6zf\u0131rat, depremde koro olarak ya\u015fad\u0131klar\u0131n\u0131 anlatt\u0131 ve konsere gelerek dayan\u0131\u015fmaya katk\u0131da bulunan t\u00fcm Mersinlilere te\u015fekk\u00fcr etti. Konseri dinlemeye gelenler, depremlerde hayat\u0131n\u0131 kaybedenlerin ve y\u0131k\u0131lan \u015fehirlerin g\u00f6r\u00fcnt\u00fclerinin g\u00f6sterildi\u011fi s\u0131rada g\u00f6zya\u015flar\u0131n\u0131 tutamad\u0131. Kimi zaman h\u00fczne bo\u011fan, kimi zaman ise keyifli anlar ya\u015fatan konser, kat\u0131lanlara unutulmaz bir gece ya\u015fatt\u0131.<\/p>\n<p>Konserin ard\u0131ndan \u0130\u00e7el Soroptimist Kul\u00fcb\u00fc ile Mezitli Soroptimist Kul\u00fcb\u00fc taraf\u0131ndan destek verenlere plaket takdim edildi. B\u00fcy\u00fck\u015fehir&#8217;in de destek verdi\u011fi konserden elde edilen gelirler, Hatay&#8217;\u0131 yeniden in\u015fa etmek i\u00e7in kullan\u0131lacak.<\/p>\n<p>&#8220;Onlarca y\u0131l \u00f6ncesi ba\u015flayan ihmaller silsilesi, 6 \u015eubat sonras\u0131 hatalar silsilesiyle devam etti&#8221;<br \/>\nKonser sonras\u0131 konu\u015fan Ba\u015fkan Se\u00e7er, deprem ve deprem sonras\u0131 ya\u015fananlarla ilgili de\u011ferlendirmelerde bulundu. Depremin ilk an\u0131ndan itibaren deprem b\u00f6lgelerinde \u00e7al\u0131\u015fmalar y\u00fcr\u00fctt\u00fcklerini belirten Se\u00e7er, &#8220;Depremin yaratt\u0131\u011f\u0131 enkaz\u0131 Antakya&#8217;da, Defne&#8217;de, Samanda\u011f&#8217;da, \u0130skenderun&#8217;da, Arsuz&#8217;da ve daha bir\u00e7ok b\u00f6lgede g\u00f6rd\u00fcm. Daha enkaz alt\u0131nda insanlar vard\u0131. Tanr\u0131ya dua edelim b\u00f6yle ac\u0131lar ya\u015fatmas\u0131n. Ama bizler y\u00f6neticiyiz. Elbette dualar kalbimizde, g\u00f6nl\u00fcm\u00fczde, hissiyat\u0131m\u0131zda, ama kalem k\u00e2\u011f\u0131t bizim elimizde. \u0130mzay\u0131 biz atar\u0131z, kararlar\u0131 biz veririz. Onlarca y\u0131l \u00f6ncesi ba\u015flayan ihmaller silsilesi, 6 \u015eubat sonras\u0131 hatalar silsilesiyle devam etti. Gayet do\u011fal olan, evrensel bir vaka olan bir afet; felakete d\u00f6n\u00fc\u015ft\u00fc&#8221; dedi.<\/p>\n<p>&#8220;Bizler yard\u0131m yapm\u0131yoruz, sizlerin kaynaklar\u0131n\u0131 do\u011fru yere kullan\u0131yoruz&#8221;<br \/>\nDevletin ve devletin birer kurumu olan belediyelerin deprem b\u00f6lgelerine ve depremzedelere y\u00f6nelik desteklerinin yard\u0131m de\u011fil, kurumlar\u0131n asli g\u00f6revi oldu\u011funa dikkat \u00e7eken Se\u00e7er, &#8220;Bizler yard\u0131m yapm\u0131yoruz. Sizlerden al\u0131nan vergilerle olu\u015fturulan kayna\u011f\u0131 kullan\u0131yoruz. Kald\u0131 ki bu karde\u015flerimize konut deste\u011finden i\u015fyeri deste\u011fine, bar\u0131nacak yer deste\u011finden sa\u011fl\u0131kl\u0131 bir \u00e7evreye kadar, ya\u015fam \u00e7ark\u0131n\u0131n tekrar d\u00f6nd\u00fcr\u00fclmesi i\u00e7in devletin yapaca\u011f\u0131 b\u00fct\u00fcn i\u015flem ve eylemler o devletin g\u00f6revidir. Siz y\u0131llarca, ileti\u015fim vergisi alt\u0131nda milyarlarca lira deprem vergisi \u00f6dediniz. Ancak sadece yurdum insan\u0131 de\u011fil, d\u00fcnyan\u0131n her taraf\u0131ndan b\u00f6lgeye insanlar yard\u0131m yapt\u0131. Onun ad\u0131 yard\u0131md\u0131r, onlar kendi keselerinden yapt\u0131. Bizler gibi devletin hazinesinden de\u011fil. T\u00fcrkiye&#8217;nin bu ger\u00e7ekle hareket etmesini isterim&#8221; ifadelerini kulland\u0131.<\/p>\n<p>&#8220;Hatayl\u0131 karde\u015flerimin hepsini kucakl\u0131yorum&#8221;<br \/>\nCHP&#8217;li belediyelerin deprem b\u00f6lgelerine ilk ula\u015fan belediyeler oldu\u011funu vurgulayan Se\u00e7er, belediyeler \u00fczerinden yap\u0131lan karalama kampanyalar\u0131ndan son derece rahats\u0131z oldu\u011funu s\u00f6yledi. Se\u00e7er, &#8220;Elbette ki yard\u0131m yapaca\u011f\u0131z, elbette ki birbirimize sahip \u00e7\u0131kaca\u011f\u0131z. Atat\u00fcrk&#8217;\u00fcn &#8216;Benim \u015fahsi meselem&#8217; dedi\u011fi Hatay&#8217;\u0131n, eski g\u00fcnlerine d\u00f6nece\u011fini umut ediyorum. Bunu da beraber ba\u015faraca\u011f\u0131z. Hatayl\u0131 karde\u015flerimin hepsini kucakl\u0131yorum ve sizleri \u00e7ok seviyoruz&#8221; diye konu\u015ftu.<\/p>\n","protected":false},"excerpt":{"rendered":"<p>\u00dc\u00e7 semavi din, farkl\u0131 mezhep, k\u00fclt\u00fcr ve meslekten ki\u015filerin bir araya gelerek kurdu\u011fu ve Kahramanmara\u015f merkezli depremlerde 7 \u00fcyesini kaybeden Antakya Medeniyetler Korosu, Mersin&#8217;de &#8220;El Ele Dayan\u0131\u015fma Konseri&#8221; ger\u00e7ekle\u015ftirdi. Mersin &hellip; <a href=\"https:\/\/akdenizolaygazetesi.com\/?p=26076\" class=\"more-link\">Devam\u0131n\u0131 Oku&#8230;<\/a><\/p>\n","protected":false},"author":2,"featured_media":26077,"comment_status":"open","ping_status":"open","sticky":false,"template":"","format":"standard","meta":[],"categories":[1,2,3],"tags":[],"_links":{"self":[{"href":"https:\/\/akdenizolaygazetesi.com\/index.php?rest_route=\/wp\/v2\/posts\/26076"}],"collection":[{"href":"https:\/\/akdenizolaygazetesi.com\/index.php?rest_route=\/wp\/v2\/posts"}],"about":[{"href":"https:\/\/akdenizolaygazetesi.com\/index.php?rest_route=\/wp\/v2\/types\/post"}],"author":[{"embeddable":true,"href":"https:\/\/akdenizolaygazetesi.com\/index.php?rest_route=\/wp\/v2\/users\/2"}],"replies":[{"embeddable":true,"href":"https:\/\/akdenizolaygazetesi.com\/index.php?rest_route=%2Fwp%2Fv2%2Fcomments&post=26076"}],"version-history":[{"count":1,"href":"https:\/\/akdenizolaygazetesi.com\/index.php?rest_route=\/wp\/v2\/posts\/26076\/revisions"}],"predecessor-version":[{"id":26078,"href":"https:\/\/akdenizolaygazetesi.com\/index.php?rest_route=\/wp\/v2\/posts\/26076\/revisions\/26078"}],"wp:featuredmedia":[{"embeddable":true,"href":"https:\/\/akdenizolaygazetesi.com\/index.php?rest_route=\/wp\/v2\/media\/26077"}],"wp:attachment":[{"href":"https:\/\/akdenizolaygazetesi.com\/index.php?rest_route=%2Fwp%2Fv2%2Fmedia&parent=26076"}],"wp:term":[{"taxonomy":"category","embeddable":true,"href":"https:\/\/akdenizolaygazetesi.com\/index.php?rest_route=%2Fwp%2Fv2%2Fcategories&post=26076"},{"taxonomy":"post_tag","embeddable":true,"href":"https:\/\/akdenizolaygazetesi.com\/index.php?rest_route=%2Fwp%2Fv2%2Ftags&post=26076"}],"curies":[{"name":"wp","href":"https:\/\/api.w.org\/{rel}","templated":true}]}}