{"id":26082,"date":"2023-05-31T16:37:57","date_gmt":"2023-05-31T13:37:57","guid":{"rendered":"http:\/\/akdenizolaygazetesi.com\/?p=26082"},"modified":"2023-05-31T16:37:57","modified_gmt":"2023-05-31T13:37:57","slug":"mersinin-tarihi-ve-turistik-yerleri-met-app-ile-tanitilacak","status":"publish","type":"post","link":"https:\/\/akdenizolaygazetesi.com\/?p=26082","title":{"rendered":"&#8220;MERS\u0130N&#8217;\u0130N TAR\u0130H\u0130 VE TUR\u0130ST\u0130K YERLER\u0130 MET-APP \u0130LE TANITILACAK&#8221;"},"content":{"rendered":"<p>Mersin ve \u00c7evresi Turizm Alan\u0131 Altyap\u0131 Hizmet Birli\u011fi ve Toroslar Belediye Ba\u015fkan\u0131 Ats\u0131z Af\u015f\u0131n Y\u0131lmaz, kentin dijital platforma ta\u015f\u0131nd\u0131\u011f\u0131 Met-App Projesi&#8217;nin lansman\u0131n\u0131 bu yaz yapmay\u0131 planlad\u0131klar\u0131n\u0131 kaydederek; &#8220;G\u00fczel kentimiz Mersin&#8217;in tarihi ve turistik yerleri ile birlikte kentle \u00f6zde\u015fle\u015fen kavram ve de\u011ferlerini, dijital platform olan &#8216;Met-App&#8217; Projemiz ile tan\u0131taca\u011f\u0131z&#8221; dedi.<\/p>\n<p>Mersin ve \u00c7evresi Turizm Alan\u0131 Altyap\u0131 Hizmet Birli\u011fi (METAB) meclis toplant\u0131s\u0131, Birlik Ba\u015fkan\u0131 ve Toroslar Belediye Ba\u015fkan\u0131 Ats\u0131z Af\u015f\u0131n Y\u0131lmaz ba\u015fkanl\u0131\u011f\u0131nda yap\u0131ld\u0131.<\/p>\n<p>Yunus Emre K\u00fclt\u00fcr Merkezi&#8217;nde ger\u00e7ekle\u015ftirilen toplant\u0131ya; belediye ba\u015fkanlar\u0131, birlik enc\u00fcmen \u00fcyeleri ve turizm sekt\u00f6r temsilcileri kat\u0131ld\u0131.<\/p>\n<p>Sayg\u0131 duru\u015fu ve \u0130stiklal Mar\u015f\u0131&#8217;n\u0131n okunmas\u0131n\u0131n ard\u0131ndan ba\u015flayan toplant\u0131da, Enc\u00fcmen \u00dcyeleri ile Plan ve B\u00fct\u00e7e Komisyon \u00dcyelerinin se\u00e7imi yap\u0131ld\u0131. Enc\u00fcmen \u00dcyeli\u011fine; Anamur Belediye Ba\u015fkan\u0131 Hidayet K\u0131l\u0131n\u00e7, Akdeniz Belediye Ba\u015fkan\u0131 Mustafa Muhammet G\u00fcltak, G\u00fclnar Belediyesi Meclis \u00dcyesi H\u00fcseyin Kiraz ve Turizm Temsilcisi Mustafa Kale se\u00e7ildi.<\/p>\n<p>Daha sonra Birli\u011fin 2022 mali y\u0131l\u0131 B\u00fct\u00e7e Kesin Hesab\u0131 ve Y\u00f6netim D\u00f6nemi Hesab\u0131na ili\u015fkin Plan ve B\u00fct\u00e7e Komisyonu Raporu ile 01\/01\/2022\u201331\/12\/2022 d\u00f6nemini kapsayan faaliyet raporu g\u00f6r\u00fc\u015f\u00fclerek oy birli\u011fiyle kabul edildi.<\/p>\n<p>&#8220;T\u00dcRK\u0130YE&#8217;N\u0130N G\u00d6N\u00dcL CO\u011eRAFYASINDAK\u0130 GEN\u00c7LER, MERS\u0130N&#8217;DE BULU\u015eACAK&#8221;<\/p>\n<p>&#8220;T\u00fcrkiye&#8217;nin G\u00f6n\u00fcl Co\u011frafyas\u0131ndaki Gen\u00e7lere Mersin&#8217;in De\u011ferlerinin Tan\u0131t\u0131lmas\u0131 Projesi&#8221; nin ger\u00e7ekle\u015ftirilebilmesi i\u00e7in bu kapsamda yap\u0131lacak olan harcamalar\u0131n Birli\u011fin b\u00fct\u00e7esinden kar\u015f\u0131lanmas\u0131na ili\u015fkin teklif de g\u00f6r\u00fc\u015f\u00fclerek oy birli\u011fiyle kabul edildi.<\/p>\n<p>&#8220;Tarihi ve turistik yerlerimizi tan\u0131tt\u0131\u011f\u0131m\u0131z Met-App Projemiz var. &#8220;Met-App ile gez, g\u00f6r, e\u011flen ve kazan&#8221; slogan\u0131yla haz\u0131rlad\u0131\u011f\u0131m\u0131z bu proje kapsam\u0131nda 13 il\u00e7emizin belediye ba\u015fkanl\u0131klar\u0131na yaz\u0131 g\u00f6nderdik ve Mersinimiz i\u00e7in her il\u00e7emizden 10 tane ortak de\u011fer belirledik&#8221; diyen Ba\u015fkan Y\u0131lmaz; &#8220;Yeni bir d\u00f6nem ba\u015flam\u0131\u015f durumda. T\u00fcrkiye&#8217;nin \u00f6n\u00fcnde \u00e7ok \u00f6nemli f\u0131rsatlar var. G\u00fc\u00e7, 400 y\u0131ld\u0131r bat\u0131n\u0131n elindeyken, \u00fcretim do\u011fuya ge\u00e7tik\u00e7e g\u00fc\u00e7 de do\u011fuya ge\u00e7iyor. Yeniden \u0130pek Yolu kuruldu\u011fundan dolay\u0131 \u00fclkemiz bug\u00fcn merkez haline geliyor. Bu kapsamda Mersinimizin tan\u0131t\u0131m\u0131na katk\u0131da bulunmak \u00fczere Uluslararas\u0131 bir etkinlik yapmak hedefindeyiz. Birli\u011fimizin deste\u011fi ile 2 y\u0131l \u00f6nce bir uygulama ger\u00e7ekle\u015ftirmi\u015ftik. Dijital platform olan &#8216;Met-App&#8217; olu\u015fturmu\u015ftuk. \u0130\u00e7inde t\u00fcm belediyelerimizden ald\u0131\u011f\u0131m\u0131z 10&#8217;ar tane de\u011fer ve tarihi yerlerimiz var. Bunun i\u00e7erisinde Anamur Kalesi, tantuni ve cezerye de var. Bu de\u011ferlere ili\u015fkin i\u00e7eriklerle ilgili foto\u011fraf, video ve karekodlar yerle\u015ftirildi. \u0130nsanlar\u0131m\u0131z gezdik\u00e7e puan alacaklar. Bu i\u00e7eriklerde metinler ayn\u0131 zamanda 6 dile de \u00e7evrildi. Pandemi ve orman yang\u0131nlar\u0131 nedeniyle bu projemizi ger\u00e7ekle\u015ftiremedik. Bu yaz in\u015fallah lansman\u0131n\u0131 yapaca\u011f\u0131z. Bu lansmana entegre olarak da b\u00f6lgemizde uluslararas\u0131 misafirlerimiz olacak. Onlar\u0131 kentimizde a\u011f\u0131rlayaca\u011f\u0131z in\u015fallah&#8221; ifadelerini kulland\u0131.<\/p>\n<p>&#8220;KENT\u0130M\u0130Z\u0130N GELECE\u011e\u0130 \u0130\u00c7\u0130N EL B\u0130RL\u0130\u011e\u0130YLE \u00c7ALI\u015eMAYA DEVAM EDECE\u011e\u0130Z&#8221;<\/p>\n<p>Mersindeki k\u00fclt\u00fcr, turizm, koruma ve geli\u015fim b\u00f6lgelerinde devam eden ve tamamlanan \u00e7al\u0131\u015fmalarla ilgili sunumun da yap\u0131ld\u0131\u011f\u0131 toplant\u0131n\u0131n dilek ve temenniler b\u00f6l\u00fcm\u00fcnde s\u00f6z alan Ba\u015fkan Y\u0131lmaz, k\u00fclt\u00fcr ve do\u011fa turizmi i\u00e7in e\u015fsiz de\u011ferlere sahip Mersin&#8217;i daha sa\u011fl\u0131kl\u0131 ve g\u00fc\u00e7l\u00fc yar\u0131nlara ta\u015f\u0131mak i\u00e7in el birli\u011fiyle \u00e7al\u0131\u015fmaya devam edeceklerini s\u00f6yledi.<\/p>\n<p>Birlik toplant\u0131s\u0131n\u0131n kent i\u00e7in hay\u0131rl\u0131 olmas\u0131n\u0131 dileyen Ba\u015fkan Y\u0131lmaz; &#8220;Mersinimizin \u00f6n\u00fcnde ciddi f\u0131rsatlar var. Hem lojistik hem turizm merkezi olma yolunda emin ad\u0131mlarla ilerliyor. Son 15 g\u00fcn i\u00e7erisinde Cumhurba\u015fkanl\u0131\u011f\u0131 ve Milletvekili se\u00e7imi yap\u0131ld\u0131. Se\u00e7imlerin, \u015fehrimize, \u00fclkemize ve milletimize hay\u0131rl\u0131, u\u011furlu olmas\u0131n\u0131 diliyorum&#8221; dedi.<\/p>\n<p>Ba\u015fkan Y\u0131lmaz, daha g\u00fc\u00e7l\u00fc bir T\u00fcrkiye i\u00e7in ayr\u0131\u015fman\u0131n de\u011fil birle\u015fmenin \u00f6nemine vurgu yaparak; &#8220;Ayr\u0131\u015fman\u0131n sebeplerini, yollar\u0131n\u0131 bulmak yerine birle\u015fmenin, bir araya gelmenin, ortak hedeflerde bulu\u015fman\u0131n, birlikte bir \u015feyler yapman\u0131n, \u00fclkemizi, milletimizi ve \u015fehrimizi daha ileriye g\u00f6t\u00fcrmenin yollar\u0131n\u0131 aramak ve bulmak zorunday\u0131z. Biz, d\u00fcnyaya \u00e7o\u011fulcu bak\u0131yoruz. Bizim gibi d\u00fc\u015f\u00fcnmeyen, inanmayan, hissetmeyen, ya\u015famayan hi\u00e7 kimseye kar\u015f\u0131 i\u00e7imizden k\u00f6t\u00fc bir \u015fey hissetmiyor ve dillendirmiyoruz. Bunun da b\u00f6yle olmas\u0131n\u0131 d\u00fc\u015f\u00fcn\u00fcyoruz. \u00d6zellikle Anadolu co\u011frafyas\u0131nda ne kadar kucakla\u015fabilirsek ve ne kadar el ele olabilirsek daha g\u00fc\u00e7l\u00fc olaca\u011f\u0131m\u0131za, \u00e7ocuklar\u0131m\u0131z\u0131n daha g\u00fc\u00e7l\u00fc bir T\u00fcrkiye&#8217;de ya\u015fayaca\u011f\u0131na can\u0131 g\u00f6n\u00fclden inan\u0131yorum. Toplant\u0131n\u0131n, birli\u011fimize, \u015fehrimize ve \u00fclkemize hay\u0131rlar getirmesini diliyorum&#8221; \u015feklinde konu\u015ftu.<\/p>\n","protected":false},"excerpt":{"rendered":"<p>Mersin ve \u00c7evresi Turizm Alan\u0131 Altyap\u0131 Hizmet Birli\u011fi ve Toroslar Belediye Ba\u015fkan\u0131 Ats\u0131z Af\u015f\u0131n Y\u0131lmaz, kentin dijital platforma ta\u015f\u0131nd\u0131\u011f\u0131 Met-App Projesi&#8217;nin lansman\u0131n\u0131 bu yaz yapmay\u0131 planlad\u0131klar\u0131n\u0131 kaydederek; &#8220;G\u00fczel kentimiz Mersin&#8217;in &hellip; <a href=\"https:\/\/akdenizolaygazetesi.com\/?p=26082\" class=\"more-link\">Devam\u0131n\u0131 Oku&#8230;<\/a><\/p>\n","protected":false},"author":2,"featured_media":26083,"comment_status":"open","ping_status":"open","sticky":false,"template":"","format":"standard","meta":[],"categories":[2,3,5],"tags":[],"_links":{"self":[{"href":"https:\/\/akdenizolaygazetesi.com\/index.php?rest_route=\/wp\/v2\/posts\/26082"}],"collection":[{"href":"https:\/\/akdenizolaygazetesi.com\/index.php?rest_route=\/wp\/v2\/posts"}],"about":[{"href":"https:\/\/akdenizolaygazetesi.com\/index.php?rest_route=\/wp\/v2\/types\/post"}],"author":[{"embeddable":true,"href":"https:\/\/akdenizolaygazetesi.com\/index.php?rest_route=\/wp\/v2\/users\/2"}],"replies":[{"embeddable":true,"href":"https:\/\/akdenizolaygazetesi.com\/index.php?rest_route=%2Fwp%2Fv2%2Fcomments&post=26082"}],"version-history":[{"count":1,"href":"https:\/\/akdenizolaygazetesi.com\/index.php?rest_route=\/wp\/v2\/posts\/26082\/revisions"}],"predecessor-version":[{"id":26084,"href":"https:\/\/akdenizolaygazetesi.com\/index.php?rest_route=\/wp\/v2\/posts\/26082\/revisions\/26084"}],"wp:featuredmedia":[{"embeddable":true,"href":"https:\/\/akdenizolaygazetesi.com\/index.php?rest_route=\/wp\/v2\/media\/26083"}],"wp:attachment":[{"href":"https:\/\/akdenizolaygazetesi.com\/index.php?rest_route=%2Fwp%2Fv2%2Fmedia&parent=26082"}],"wp:term":[{"taxonomy":"category","embeddable":true,"href":"https:\/\/akdenizolaygazetesi.com\/index.php?rest_route=%2Fwp%2Fv2%2Fcategories&post=26082"},{"taxonomy":"post_tag","embeddable":true,"href":"https:\/\/akdenizolaygazetesi.com\/index.php?rest_route=%2Fwp%2Fv2%2Ftags&post=26082"}],"curies":[{"name":"wp","href":"https:\/\/api.w.org\/{rel}","templated":true}]}}