{"id":26095,"date":"2023-06-01T12:25:21","date_gmt":"2023-06-01T09:25:21","guid":{"rendered":"http:\/\/akdenizolaygazetesi.com\/?p=26095"},"modified":"2023-06-01T12:25:21","modified_gmt":"2023-06-01T09:25:21","slug":"mersin-buyuksehirden-6-gun-surecek-cevre-haftasi-etkinlikleri","status":"publish","type":"post","link":"https:\/\/akdenizolaygazetesi.com\/?p=26095","title":{"rendered":"MERS\u0130N B\u00dcY\u00dcK\u015eEH\u0130R&#8217;DEN 6 G\u00dcN S\u00dcRECEK \u00c7EVRE HAFTASI ETK\u0130NL\u0130KLER\u0130"},"content":{"rendered":"<p>Mersin B\u00fcy\u00fck\u015fehir Belediyesi, \u00c7evre Haftas\u0131&#8217;nda her y\u0131l oldu\u011fu gibi bu y\u0131l da, t\u00fcm Mersinlilerin \u00e7evre fark\u0131ndal\u0131\u011f\u0131n\u0131 art\u0131racak \u00f6nemli etkinliklere imza atacak.<br \/>\n5-11 Haziran \u00c7evre Haftas\u0131&#8217;nda \u00e7evre, iklim ve ekosistemin \u00f6nemine dikkat \u00e7ekecek olan Mersin B\u00fcy\u00fck\u015fehir Belediyesi \u00c7evre Koruma ve Kontrol Dairesi ekipleri, \u00f6zellikle \u00e7ocuklara ve gen\u00e7lere y\u00f6nelik etkinlikler haz\u0131rlad\u0131. Bu kapsamda haz\u0131rlanan panel, geziler, deniz ve sahil temizli\u011fi, at\u0131klardan yap\u0131lan resim sergileri ile insan\u0131n \u00e7evreyi ne kadar kirletti\u011fine dikkat \u00e7ekilerek, \u00e7evrenin \u00f6nemi ve temiz tutulmas\u0131 i\u00e7in fark\u0131ndal\u0131k olu\u015fturulmas\u0131 sa\u011flanacak.<br \/>\nDr. Halisdemir: &#8220;\u00c7evre duyarl\u0131l\u0131\u011f\u0131n\u0131n artmas\u0131 i\u00e7in m\u00fccadele i\u00e7erisindeyiz&#8221;<br \/>\n\u00c7evre Koruma ve Kontrol Dairesi Ba\u015fkan\u0131 Dr. B\u00fclent Halisdemir, 5 Haziran D\u00fcnya \u00c7evre G\u00fcn\u00fc ve 5-11 Haziran \u00c7evre Koruma Haftas\u0131&#8217;nda fark\u0131ndal\u0131k amac\u0131yla her y\u0131l bir dizi etkinlikler yapt\u0131klar\u0131n\u0131 s\u00f6yledi. Bu y\u0131lki etkinlik detaylar\u0131 hakk\u0131nda bilgi veren Halisdemir, &#8220;D\u00fcnya \u00c7evre G\u00fcn\u00fc nedeniyle kutlama yapm\u0131yoruz, fark\u0131ndal\u0131k g\u00fcn\u00fc olarak i\u015fliyoruz. Vatanda\u015flar\u0131m\u0131z\u0131n \u00e7evreye duyarl\u0131l\u0131\u011f\u0131 ve fark\u0131ndal\u0131\u011f\u0131 biraz daha arts\u0131n m\u00fccadelesi i\u00e7erisindeyiz. Bu y\u0131l yapaca\u011f\u0131m\u0131z etkinliklerimizde \u00f6ncelikle 5 Haziran&#8217;da Temiz Akdeniz Projemiz&#8217;in kapan\u0131\u015f lansman\u0131n\u0131 yapaca\u011f\u0131z. Mersin&#8217;in bir r\u00f6ntgenini \u00e7\u0131kartt\u0131k. Bir sonraki a\u015famaya ge\u00e7ece\u011fiz. Bir sonraki a\u015famaya ge\u00e7ece\u011fimiz projenin de a\u00e7\u0131l\u0131\u015f\u0131n\u0131, d\u00fczenleyece\u011fimiz panelle yapaca\u011f\u0131z&#8221; dedi.<br \/>\n&#8220;Kortej y\u00fcr\u00fcy\u00fc\u015f\u00fc ve dal\u0131\u015f etkinli\u011fimiz olacak&#8221;<br \/>\n\u00c7evre Koruma Haftas\u0131&#8217;n\u0131 dolu dolu ge\u00e7irmek ad\u0131na herkesi kapsayan etkinlikler planlad\u0131klar\u0131n\u0131 ifade eden Halisdemir, &#8220;6 Haziran&#8217;da Mezitli&#8217;de sokak temizli\u011fini kapsayan bir kortej y\u00fcr\u00fcy\u00fc\u015f\u00fc yapaca\u011f\u0131z. Bu y\u00fcr\u00fcy\u00fc\u015f\u00fcm\u00fcz bandomuz e\u015fli\u011finde olacak. 7 Haziran \u00c7ar\u015famba g\u00fcn\u00fc ise, Mersin Marina&#8217;da profesyonel uzman arkada\u015flar\u0131m\u0131z dal\u0131\u015f etkinli\u011fi yapacak. Bakal\u0131m denizimizin i\u00e7inden neler \u00e7\u0131kacak, neler at\u0131yoruz, nas\u0131l kirletiyoruz? \u0130nsanlar\u0131n daha dikkatli olmas\u0131n\u0131 sa\u011flamak i\u00e7in, bunlar\u0131 da \u00e7\u0131kart\u0131p sergilemeyi d\u00fc\u015f\u00fcn\u00fcyoruz. Umar\u0131m bir \u015fey \u00e7\u0131kmaz, ama maalesef her y\u0131l \u00e7ok de\u011fi\u015fik at\u0131klar\u0131n at\u0131ld\u0131\u011f\u0131n\u0131 g\u00f6r\u00fcyoruz. Zaten bizim de amac\u0131m\u0131z kimse denizi kirletmesin. Kirletilmi\u015f bir yeri temizlemek \u00e7ok zor&#8221; ifadelerini kulland\u0131.<br \/>\n&#8220;6 il\u00e7ede ayn\u0131 anda sahil temizli\u011fi yap\u0131lacak&#8221;<br \/>\nHalisdemir, 8 Haziran&#8217;da farkl\u0131 kurum, kurulu\u015f, stk ve vatanda\u015f i\u015fbirli\u011fi ile yap\u0131lacak sahil temizli\u011fi etkinli\u011finin detaylar\u0131n\u0131 da payla\u015farak, &#8220;Adanal\u0131o\u011flu&#8217;nda bir plaj temizli\u011fi yapaca\u011f\u0131z. \u00c7evre, \u015eehircilik \u0130l M\u00fcd\u00fcrl\u00fc\u011f\u00fcm\u00fcz de bize katk\u0131 sa\u011flayacak. Daha sonra Muhtarl\u0131k Daire Ba\u015fkanl\u0131\u011f\u0131m\u0131z\u0131n \u00f6nc\u00fcl\u00fc\u011f\u00fcnde Anamur, Ayd\u0131nc\u0131k, Erdemli, Tarsus ve Silifke&#8217;de ayn\u0131 anda ba\u015flayacak bir plaj temizli\u011fi yapaca\u011f\u0131z. Orada da yine plajdan \u00e7\u0131kan at\u0131klar\u0131 sergileyece\u011fiz&#8221; diye belirtti.<br \/>\n9 Haziran Cuma g\u00fcn\u00fc \u00f6zellikle \u00e7ocuklar\u0131n kat\u0131l\u0131m\u0131n\u0131n olaca\u011f\u0131 Geri D\u00f6n\u00fc\u015f\u00fcm Tesisi Teknik Gezisi yapacaklar\u0131n\u0131 s\u00f6yleyen Halisdemir, &#8220;\u00d6zellikle \u00f6\u011frenciler \u00fczerinde duruyoruz. Bu sefer ilk\u00f6\u011fretim okulundan bir grup \u00f6\u011frenciyi geri d\u00f6n\u00fc\u015f\u00fcm firmalar\u0131na g\u00f6t\u00fcr\u00fcp, kulland\u0131\u011f\u0131m\u0131z malzemelerin at\u0131klar\u0131n\u0131n geri d\u00f6n\u00fc\u015f\u00fcmle tekrar nas\u0131l kazand\u0131r\u0131ld\u0131\u011f\u0131n\u0131 g\u00f6rmelerini istiyoruz&#8221; dedi.<br \/>\n&#8220;10 Haziran&#8217;da herkesi Galatasaray Meydan\u0131&#8217;na bekliyoruz&#8221;<br \/>\n10 Haziran Cumartesi g\u00fcn\u00fc Galatasaray Meydan\u0131&#8217;nda Kad\u0131n ve Aile Hizmetleri Daire Ba\u015fkanl\u0131\u011f\u0131&#8217;n\u0131n \u00f6nc\u00fcl\u00fc\u011f\u00fcnde ODT\u00dc Deniz Bilimleri, Mersin \u00dcniversitesi ve di\u011fer birimlerin stant a\u00e7aca\u011f\u0131n\u0131 da s\u00f6zlerine ekleyen Halisdemir, &#8220;Orada konserler olacak ve Mersin Yelken Kul\u00fcb\u00fc denizde g\u00f6steriler yapacak. Yine biz de Mersin B\u00fcy\u00fck\u015fehir Belediyesi&#8217;nin deniz ara\u00e7lar\u0131yla baz\u0131 g\u00f6steriler yapaca\u011f\u0131z. Geri kazan\u0131m sergileri olacak. Yapt\u0131\u011f\u0131m\u0131z \u00e7al\u0131\u015fmalar\u0131 insanlara anlataca\u011f\u0131z. U\u00e7urtma \u015fenli\u011fimiz ve \u00e7ocuklara g\u00fczel hediyelerimiz olacak. T\u00fcm vatanda\u015flar\u0131m\u0131z\u0131 bekliyoruz&#8221; ifadelerini kulland\u0131.<\/p>\n","protected":false},"excerpt":{"rendered":"<p>Mersin B\u00fcy\u00fck\u015fehir Belediyesi, \u00c7evre Haftas\u0131&#8217;nda her y\u0131l oldu\u011fu gibi bu y\u0131l da, t\u00fcm Mersinlilerin \u00e7evre fark\u0131ndal\u0131\u011f\u0131n\u0131 art\u0131racak \u00f6nemli etkinliklere imza atacak. 5-11 Haziran \u00c7evre Haftas\u0131&#8217;nda \u00e7evre, iklim ve ekosistemin \u00f6nemine &hellip; <a href=\"https:\/\/akdenizolaygazetesi.com\/?p=26095\" class=\"more-link\">Devam\u0131n\u0131 Oku&#8230;<\/a><\/p>\n","protected":false},"author":2,"featured_media":26096,"comment_status":"open","ping_status":"open","sticky":false,"template":"","format":"standard","meta":[],"categories":[2,3],"tags":[],"_links":{"self":[{"href":"https:\/\/akdenizolaygazetesi.com\/index.php?rest_route=\/wp\/v2\/posts\/26095"}],"collection":[{"href":"https:\/\/akdenizolaygazetesi.com\/index.php?rest_route=\/wp\/v2\/posts"}],"about":[{"href":"https:\/\/akdenizolaygazetesi.com\/index.php?rest_route=\/wp\/v2\/types\/post"}],"author":[{"embeddable":true,"href":"https:\/\/akdenizolaygazetesi.com\/index.php?rest_route=\/wp\/v2\/users\/2"}],"replies":[{"embeddable":true,"href":"https:\/\/akdenizolaygazetesi.com\/index.php?rest_route=%2Fwp%2Fv2%2Fcomments&post=26095"}],"version-history":[{"count":1,"href":"https:\/\/akdenizolaygazetesi.com\/index.php?rest_route=\/wp\/v2\/posts\/26095\/revisions"}],"predecessor-version":[{"id":26097,"href":"https:\/\/akdenizolaygazetesi.com\/index.php?rest_route=\/wp\/v2\/posts\/26095\/revisions\/26097"}],"wp:featuredmedia":[{"embeddable":true,"href":"https:\/\/akdenizolaygazetesi.com\/index.php?rest_route=\/wp\/v2\/media\/26096"}],"wp:attachment":[{"href":"https:\/\/akdenizolaygazetesi.com\/index.php?rest_route=%2Fwp%2Fv2%2Fmedia&parent=26095"}],"wp:term":[{"taxonomy":"category","embeddable":true,"href":"https:\/\/akdenizolaygazetesi.com\/index.php?rest_route=%2Fwp%2Fv2%2Fcategories&post=26095"},{"taxonomy":"post_tag","embeddable":true,"href":"https:\/\/akdenizolaygazetesi.com\/index.php?rest_route=%2Fwp%2Fv2%2Ftags&post=26095"}],"curies":[{"name":"wp","href":"https:\/\/api.w.org\/{rel}","templated":true}]}}