{"id":26116,"date":"2023-06-02T12:34:37","date_gmt":"2023-06-02T09:34:37","guid":{"rendered":"http:\/\/akdenizolaygazetesi.com\/?p=26116"},"modified":"2023-06-02T12:34:37","modified_gmt":"2023-06-02T09:34:37","slug":"vali-ali-hamza-pehlivan-mersin-vergi-dairesi-baskanliginda-toplanti-gerceklestirdi","status":"publish","type":"post","link":"https:\/\/akdenizolaygazetesi.com\/?p=26116","title":{"rendered":"VAL\u0130 AL\u0130 HAMZA PEHL\u0130VAN, MERS\u0130N VERG\u0130 DA\u0130RES\u0130 BA\u015eKANLI\u011eI&#8217;NDA TOPLANTI GER\u00c7EKLE\u015eT\u0130RD\u0130"},"content":{"rendered":"<p>Valimiz Ali Hamza Pehlivan, Mersin Vergi Dairesi Ba\u015fkanl\u0131\u011f\u0131&#8217;nda; Vergi Dairesi Ba\u015fkan\u0131,Grup Ba\u015fkanlar\u0131 ve Vergi Daire M\u00fcd\u00fcrlerinin kat\u0131l\u0131m\u0131yla toplant\u0131 ger\u00e7ekle\u015ftirdi.<\/p>\n<p>Vali Pehlivan ba\u015fkanl\u0131\u011f\u0131nda ger\u00e7ekle\u015fen toplant\u0131da, Vergi Dairesi Ba\u015fkanl\u0131\u011f\u0131 b\u00fcnyesinde \u0130limiz genelinde y\u00fcr\u00fct\u00fclen \u00e7al\u0131\u015fmalar, m\u00fckelleflere sunulan hizmetler, vergi denetimleri ve ilgili di\u011fer hususlarda hakk\u0131nda Vergi Dairesi Ba\u015fkan\u0131 Seyfettin Baysal\u2019dan brifing ald\u0131. Bahse konu toplant\u0131da, yerine getirilmekte olan i\u015f ve i\u015flemler ile vatanda\u015flar\u0131m\u0131za sunulan i\u015flemler ve yap\u0131lan denetimlere ili\u015fkin de\u011ferlendirme ve bilgi al\u0131\u015fveri\u015finde bulunuldu.<\/p>\n<p>Mersin Vergi Dairesi Ba\u015fkanl\u0131\u011f\u0131na ba\u011fl\u0131, Gelir Kanunlar\u0131, Gelir Kanunlar\u0131 Usul ve Tahsilat, M\u00fckellef Hizmetleri, Strateji ve Hukuk ve \u0130htilafl\u0131 \u0130\u015fler, Denetim, \u0130nsan Kaynaklar\u0131 ve Destek Hizmetleri Grup M\u00fcd\u00fcrl\u00fc\u011f\u00fc ve \u0130limiz genelinde 11 Vergi Dairesi ile 4 Mal M\u00fcd\u00fcrl\u00fc\u011f\u00fcm\u00fczde toplam 777 personel ile hizmet vermektedir. \u0130limiz genelinde 101.140 gelir vergisi, 22.247 kurumlar vergisi ve 688.285 motorlu ta\u015f\u0131tlar vergisi m\u00fckellefi bulunmaktad\u0131r.<\/p>\n","protected":false},"excerpt":{"rendered":"<p>Valimiz Ali Hamza Pehlivan, Mersin Vergi Dairesi Ba\u015fkanl\u0131\u011f\u0131&#8217;nda; Vergi Dairesi Ba\u015fkan\u0131,Grup Ba\u015fkanlar\u0131 ve Vergi Daire M\u00fcd\u00fcrlerinin kat\u0131l\u0131m\u0131yla toplant\u0131 ger\u00e7ekle\u015ftirdi. Vali Pehlivan ba\u015fkanl\u0131\u011f\u0131nda ger\u00e7ekle\u015fen toplant\u0131da, Vergi Dairesi Ba\u015fkanl\u0131\u011f\u0131 b\u00fcnyesinde \u0130limiz genelinde &hellip; <a href=\"https:\/\/akdenizolaygazetesi.com\/?p=26116\" class=\"more-link\">Devam\u0131n\u0131 Oku&#8230;<\/a><\/p>\n","protected":false},"author":2,"featured_media":26117,"comment_status":"open","ping_status":"open","sticky":false,"template":"","format":"standard","meta":[],"categories":[2,3],"tags":[],"_links":{"self":[{"href":"https:\/\/akdenizolaygazetesi.com\/index.php?rest_route=\/wp\/v2\/posts\/26116"}],"collection":[{"href":"https:\/\/akdenizolaygazetesi.com\/index.php?rest_route=\/wp\/v2\/posts"}],"about":[{"href":"https:\/\/akdenizolaygazetesi.com\/index.php?rest_route=\/wp\/v2\/types\/post"}],"author":[{"embeddable":true,"href":"https:\/\/akdenizolaygazetesi.com\/index.php?rest_route=\/wp\/v2\/users\/2"}],"replies":[{"embeddable":true,"href":"https:\/\/akdenizolaygazetesi.com\/index.php?rest_route=%2Fwp%2Fv2%2Fcomments&post=26116"}],"version-history":[{"count":1,"href":"https:\/\/akdenizolaygazetesi.com\/index.php?rest_route=\/wp\/v2\/posts\/26116\/revisions"}],"predecessor-version":[{"id":26118,"href":"https:\/\/akdenizolaygazetesi.com\/index.php?rest_route=\/wp\/v2\/posts\/26116\/revisions\/26118"}],"wp:featuredmedia":[{"embeddable":true,"href":"https:\/\/akdenizolaygazetesi.com\/index.php?rest_route=\/wp\/v2\/media\/26117"}],"wp:attachment":[{"href":"https:\/\/akdenizolaygazetesi.com\/index.php?rest_route=%2Fwp%2Fv2%2Fmedia&parent=26116"}],"wp:term":[{"taxonomy":"category","embeddable":true,"href":"https:\/\/akdenizolaygazetesi.com\/index.php?rest_route=%2Fwp%2Fv2%2Fcategories&post=26116"},{"taxonomy":"post_tag","embeddable":true,"href":"https:\/\/akdenizolaygazetesi.com\/index.php?rest_route=%2Fwp%2Fv2%2Ftags&post=26116"}],"curies":[{"name":"wp","href":"https:\/\/api.w.org\/{rel}","templated":true}]}}