{"id":26119,"date":"2023-06-02T12:36:02","date_gmt":"2023-06-02T09:36:02","guid":{"rendered":"http:\/\/akdenizolaygazetesi.com\/?p=26119"},"modified":"2023-06-02T12:36:02","modified_gmt":"2023-06-02T09:36:02","slug":"pazar-gunu-tum-yurtta-lise-gecis-sistemi-lgs-sinavi-gerceklestirilecek","status":"publish","type":"post","link":"https:\/\/akdenizolaygazetesi.com\/?p=26119","title":{"rendered":"Pazar g\u00fcn\u00fc, t\u00fcm yurtta Lise Ge\u00e7i\u015f Sistemi (LGS) S\u0131nav\u0131 ger\u00e7ekle\u015ftirilecek"},"content":{"rendered":"<p>\u0130l Milli E\u011fitim M\u00fcd\u00fcr\u00fcm\u00fcz Say\u0131n Adem KOCA:<\/p>\n<p>&#8221; 4 Haziran Pazar g\u00fcn\u00fc t\u00fcm yurtla birlikte ilimizde de LGS s\u0131nav\u0131n\u0131 ger\u00e7ekle\u015ftirece\u011fiz. Mersin \u0130l Milli E\u011fitim M\u00fcd\u00fcrl\u00fc\u011f\u00fc olarak ilgili birimlerimizle, tam kadro s\u0131nav haz\u0131rl\u0131klar\u0131m\u0131z\u0131 tamamlad\u0131k. \u0130limiz genelinde 13 il\u00e7emizde toplam 376 okulumuzda, 2.109 salonda, 32.227 \u00f6\u011frencimiz LGS s\u0131nav\u0131na girecektir. S\u0131nava, 328 \u00f6\u011frencimiz tek ki\u015filik salonda, 6 \u00f6\u011frencimiz ise evde kat\u0131lacakt\u0131r. Evlatlar\u0131m\u0131z\u0131n s\u0131nav binalar\u0131na en ge\u00e7 saat 9.00&#8217;da ula\u015fmalar\u0131 ve yanlar\u0131nda mutlaka s\u0131nava giri\u015f belgeleri ile kimlik kartlar\u0131n\u0131n bulunmas\u0131 gerekti\u011fini \u00f6nemle hat\u0131rlatmak isterim.<\/p>\n<p>S\u0131nav organizasyonunda ve uygulanmas\u0131nda g\u00f6rev alan t\u00fcm meslekta\u015flar\u0131ma ve s\u00fcre\u00e7te evlatlar\u0131n\u0131 yaln\u0131z b\u0131rakmayan t\u00fcm velilerimize y\u00fcrekten te\u015fekk\u00fcr ediyor, emeklerinin kar\u015f\u0131l\u0131\u011f\u0131n\u0131 almalar\u0131 temennisiyle t\u00fcm \u00f6\u011frencilerimize ba\u015far\u0131lar diliyorum.<\/p>\n<p>De\u011ferli vatanda\u015flar, sizlerden ricam\u0131z, s\u0131nav saatlerinde \u00f6zellikle okullar\u0131m\u0131z\u0131n yak\u0131nlar\u0131nda sessizli\u011fin sa\u011flanmas\u0131d\u0131r. Duyarl\u0131l\u0131\u011f\u0131n\u0131z i\u00e7in e\u011fitim camias\u0131 olarak sizlere de \u015fimdiden te\u015fekk\u00fcr ediyoruz.&#8221; dedi.<\/p>\n","protected":false},"excerpt":{"rendered":"<p>\u0130l Milli E\u011fitim M\u00fcd\u00fcr\u00fcm\u00fcz Say\u0131n Adem KOCA: &#8221; 4 Haziran Pazar g\u00fcn\u00fc t\u00fcm yurtla birlikte ilimizde de LGS s\u0131nav\u0131n\u0131 ger\u00e7ekle\u015ftirece\u011fiz. Mersin \u0130l Milli E\u011fitim M\u00fcd\u00fcrl\u00fc\u011f\u00fc olarak ilgili birimlerimizle, tam kadro &hellip; <a href=\"https:\/\/akdenizolaygazetesi.com\/?p=26119\" class=\"more-link\">Devam\u0131n\u0131 Oku&#8230;<\/a><\/p>\n","protected":false},"author":2,"featured_media":26120,"comment_status":"open","ping_status":"open","sticky":false,"template":"","format":"standard","meta":[],"categories":[2,3],"tags":[],"_links":{"self":[{"href":"https:\/\/akdenizolaygazetesi.com\/index.php?rest_route=\/wp\/v2\/posts\/26119"}],"collection":[{"href":"https:\/\/akdenizolaygazetesi.com\/index.php?rest_route=\/wp\/v2\/posts"}],"about":[{"href":"https:\/\/akdenizolaygazetesi.com\/index.php?rest_route=\/wp\/v2\/types\/post"}],"author":[{"embeddable":true,"href":"https:\/\/akdenizolaygazetesi.com\/index.php?rest_route=\/wp\/v2\/users\/2"}],"replies":[{"embeddable":true,"href":"https:\/\/akdenizolaygazetesi.com\/index.php?rest_route=%2Fwp%2Fv2%2Fcomments&post=26119"}],"version-history":[{"count":1,"href":"https:\/\/akdenizolaygazetesi.com\/index.php?rest_route=\/wp\/v2\/posts\/26119\/revisions"}],"predecessor-version":[{"id":26121,"href":"https:\/\/akdenizolaygazetesi.com\/index.php?rest_route=\/wp\/v2\/posts\/26119\/revisions\/26121"}],"wp:featuredmedia":[{"embeddable":true,"href":"https:\/\/akdenizolaygazetesi.com\/index.php?rest_route=\/wp\/v2\/media\/26120"}],"wp:attachment":[{"href":"https:\/\/akdenizolaygazetesi.com\/index.php?rest_route=%2Fwp%2Fv2%2Fmedia&parent=26119"}],"wp:term":[{"taxonomy":"category","embeddable":true,"href":"https:\/\/akdenizolaygazetesi.com\/index.php?rest_route=%2Fwp%2Fv2%2Fcategories&post=26119"},{"taxonomy":"post_tag","embeddable":true,"href":"https:\/\/akdenizolaygazetesi.com\/index.php?rest_route=%2Fwp%2Fv2%2Ftags&post=26119"}],"curies":[{"name":"wp","href":"https:\/\/api.w.org\/{rel}","templated":true}]}}