{"id":26131,"date":"2023-06-02T16:15:24","date_gmt":"2023-06-02T13:15:24","guid":{"rendered":"http:\/\/akdenizolaygazetesi.com\/?p=26131"},"modified":"2023-06-02T16:15:24","modified_gmt":"2023-06-02T13:15:24","slug":"yenisehir-belediyesidunya-cevre-gunu-etkinlikleriyle-farkindalik-yaratacak","status":"publish","type":"post","link":"https:\/\/akdenizolaygazetesi.com\/?p=26131","title":{"rendered":"Yeni\u015fehir Belediyesi,D\u00fcnya \u00c7evre G\u00fcn\u00fc etkinlikleriyle fark\u0131ndal\u0131k yaratacak"},"content":{"rendered":"<p>Mersin Yeni\u015fehir Belediyesi, 5 Haziran D\u00fcnya \u00c7evre G\u00fcn\u00fc\u2019nde \u00e7evre bilincini art\u0131rmak ve \u00e7evresel s\u00fcrd\u00fcr\u00fclebilirlik konusunda fark\u0131ndal\u0131k yaratmak amac\u0131yla i\u00e7in bir dizi etkinlik program\u0131 haz\u0131rlad\u0131. Etkinlikler kapsam\u0131nda, \u00e7evre temal\u0131 oyunlar, at\u00f6lye \u00e7al\u0131\u015fmalar\u0131, sergiler ve bilgilendirme standlar\u0131 yer alacak.<br \/>\n\u00c7evresel politikalar\u0131 destekleyen ve s\u00fcrd\u00fcr\u00fclebilir bir gelecek i\u00e7in bir\u00e7ok projeyi hayata ge\u00e7iren Yeni\u015fehir Belediyesi, 5 Haziran D\u00fcnya \u00c7evre G\u00fcn\u00fc&#8217;n\u00fc birbirinden renkli ve anlaml\u0131 etkinliklerle kutlayacak. 16.00 ile 20.00 saatleri aras\u0131nda ger\u00e7ekle\u015fecek olan etkinlikler sahil band\u0131nda bulunan Yeni\u015fehir Belediyesi K\u00fclt\u00fcr Park\u0131&#8217;nda (Marina AVM \u00f6n\u00fc) d\u00fczenlenecek.<br \/>\nVatanda\u015flar\u0131 etkinliklere davet eden Yeni\u015fehir Belediye Ba\u015fkan\u0131 Abdullah \u00d6zyi\u011fit, \u00e7evre bilincini yayg\u0131nla\u015ft\u0131rmak ve toplumun t\u00fcm kesimlerini \u00e7evresel konular hakk\u0131nda bilin\u00e7lendirmek amac\u0131yla hareket ettiklerini ifade etti. Ba\u015fkan \u00d6zyi\u011fit ayr\u0131ca, do\u011fa dostu uygulamalar\u0131n te\u015fvik edilmesi ve s\u00fcrd\u00fcr\u00fclebilir bir gelecek i\u00e7in \u00e7al\u0131\u015fmalar\u0131n desteklenmesi gerekti\u011finin alt\u0131n\u0131 \u00e7izdi.<br \/>\n\u00c7ocuklar hem e\u011flenecek hem de bilgi sahibi olacak<br \/>\nEtkinlikte, \u00e7ocuklar i\u00e7in \u00f6zel olarak tasarlanm\u0131\u015f interaktif oyunlar ve at\u00f6lye \u00e7al\u0131\u015fmalar\u0131 d\u00fczenlenecek. Kat\u0131l\u0131mc\u0131lar, geri d\u00f6n\u00fc\u015f\u00fcm\u00fcn \u00f6nemi, enerji tasarrufunu, su koruma ve do\u011fal ya\u015fam\u0131n korunmas\u0131 gibi konularda bilgi edinecekler. Ayr\u0131ca, \u00e7evre dostu \u00fcr\u00fcnlerin sergilenece\u011fi bir sergi alan\u0131 da bulunacak.Etkinlikler kapsam\u0131nda deniz ve \u00e7evre temizli\u011fi de yap\u0131lacak.<br \/>\nYeni\u015fehir Belediye Ba\u015fkan\u0131 Abdullah \u00d6zyi\u011fit, g\u00f6reve geldikten sonra Covenent of Mayors (\u0130klim ve Enerji \u0130\u00e7in Belediye Ba\u015fkanlar\u0131 S\u00f6zle\u015fmesi)\u2019u imzalam\u0131\u015f ve Yeni\u015fehir Belediyesi, D\u00fcnya Sa\u011fl\u0131k \u00d6rg\u00fct\u00fc (WHO) Sa\u011fl\u0131kl\u0131 Kentler Projesi kapsam\u0131nda T\u00fcrkiye Sa\u011fl\u0131kl\u0131 Kentler Birli\u011fi ile Making Cities Resilient 2030 (MCR2030 \u2013 \u015eehirleri Diren\u00e7li Hale Getirme), \u201cS\u00fcrd\u00fcr\u00fclebilir Kentler Birli\u011fi\u201d (Local Governments for Sustainability- ICLEI) \u00fcyesi olmu\u015ftu. <\/p>\n","protected":false},"excerpt":{"rendered":"<p>Mersin Yeni\u015fehir Belediyesi, 5 Haziran D\u00fcnya \u00c7evre G\u00fcn\u00fc\u2019nde \u00e7evre bilincini art\u0131rmak ve \u00e7evresel s\u00fcrd\u00fcr\u00fclebilirlik konusunda fark\u0131ndal\u0131k yaratmak amac\u0131yla i\u00e7in bir dizi etkinlik program\u0131 haz\u0131rlad\u0131. Etkinlikler kapsam\u0131nda, \u00e7evre temal\u0131 oyunlar, at\u00f6lye &hellip; <a href=\"https:\/\/akdenizolaygazetesi.com\/?p=26131\" class=\"more-link\">Devam\u0131n\u0131 Oku&#8230;<\/a><\/p>\n","protected":false},"author":2,"featured_media":26132,"comment_status":"open","ping_status":"open","sticky":false,"template":"","format":"standard","meta":[],"categories":[7,3],"tags":[],"_links":{"self":[{"href":"https:\/\/akdenizolaygazetesi.com\/index.php?rest_route=\/wp\/v2\/posts\/26131"}],"collection":[{"href":"https:\/\/akdenizolaygazetesi.com\/index.php?rest_route=\/wp\/v2\/posts"}],"about":[{"href":"https:\/\/akdenizolaygazetesi.com\/index.php?rest_route=\/wp\/v2\/types\/post"}],"author":[{"embeddable":true,"href":"https:\/\/akdenizolaygazetesi.com\/index.php?rest_route=\/wp\/v2\/users\/2"}],"replies":[{"embeddable":true,"href":"https:\/\/akdenizolaygazetesi.com\/index.php?rest_route=%2Fwp%2Fv2%2Fcomments&post=26131"}],"version-history":[{"count":1,"href":"https:\/\/akdenizolaygazetesi.com\/index.php?rest_route=\/wp\/v2\/posts\/26131\/revisions"}],"predecessor-version":[{"id":26133,"href":"https:\/\/akdenizolaygazetesi.com\/index.php?rest_route=\/wp\/v2\/posts\/26131\/revisions\/26133"}],"wp:featuredmedia":[{"embeddable":true,"href":"https:\/\/akdenizolaygazetesi.com\/index.php?rest_route=\/wp\/v2\/media\/26132"}],"wp:attachment":[{"href":"https:\/\/akdenizolaygazetesi.com\/index.php?rest_route=%2Fwp%2Fv2%2Fmedia&parent=26131"}],"wp:term":[{"taxonomy":"category","embeddable":true,"href":"https:\/\/akdenizolaygazetesi.com\/index.php?rest_route=%2Fwp%2Fv2%2Fcategories&post=26131"},{"taxonomy":"post_tag","embeddable":true,"href":"https:\/\/akdenizolaygazetesi.com\/index.php?rest_route=%2Fwp%2Fv2%2Ftags&post=26131"}],"curies":[{"name":"wp","href":"https:\/\/api.w.org\/{rel}","templated":true}]}}