{"id":26134,"date":"2023-06-02T16:17:06","date_gmt":"2023-06-02T13:17:06","guid":{"rendered":"http:\/\/akdenizolaygazetesi.com\/?p=26134"},"modified":"2023-06-02T16:17:06","modified_gmt":"2023-06-02T13:17:06","slug":"toroslar-belediye-meclisi-haziran-ayi-toplantisini-yapti","status":"publish","type":"post","link":"https:\/\/akdenizolaygazetesi.com\/?p=26134","title":{"rendered":"TOROSLAR BELED\u0130YE MECL\u0130S\u0130, HAZ\u0130RAN AYI TOPLANTISINI YAPTI"},"content":{"rendered":"<p>Toroslar Belediye Ba\u015fkan\u0131 Ats\u0131z Af\u015f\u0131n Y\u0131lmaz; Toroslar Belediye Meclisi&#8217;nin Haziran Ay\u0131 Toplant\u0131s\u0131&#8217;nda bir a\u00e7\u0131klamada bulunarak, 28 May\u0131s&#8217;ta ger\u00e7ekle\u015ftirilen Cumhurba\u015fkanl\u0131\u011f\u0131 ikinci tur se\u00e7iminde yeniden Cumhurba\u015fkan\u0131 se\u00e7ilen Recep Tayyip Erdo\u011fan&#8217;a ve 28&#8217;inci D\u00f6nem Milletvekillerine tebrik dileklerini iletti.<\/p>\n<p>&#8220;\u00dcLKEM\u0130ZE, M\u0130LLET\u0130M\u0130ZE HAYIRLAR GET\u0130RMES\u0130N\u0130 D\u0130L\u0130YORUM&#8221;<\/p>\n<p>Se\u00e7im sonu\u00e7lar\u0131n\u0131n hay\u0131rl\u0131 olmas\u0131n\u0131 dileyen Ba\u015fkan Y\u0131lmaz, birlik ve beraberli\u011fe vurgu yaparak; &#8220;Bir se\u00e7im s\u00fcreci ya\u015fad\u0131k. Yap\u0131lan se\u00e7imin devletimize, milletimize, insan\u0131m\u0131za, \u015fehrimize ve il\u00e7emize hay\u0131rlar getirmesini diliyorum. Yeni d\u00f6nemde, birlik ve beraberlik i\u00e7inde bir b\u00fct\u00fcn\u00fcn par\u00e7alar\u0131 olarak hareket etmemiz, \u00f6n\u00fcm\u00fczdeki f\u0131rsatlar\u0131 de\u011ferlendirmemiz, \u00e7o\u011funluk\u00e7u de\u011fil \u00e7o\u011fulcu bakmam\u0131z gerekti\u011fini d\u00fc\u015f\u00fcn\u00fcyorum. Bunun da \u00fclkemize, milletimize ve hepimize faydalar getirece\u011fine inan\u0131yorum. Cumhurba\u015fkan\u0131 ve Milletvekili Se\u00e7imi de,  s\u00fck\u00fbnet, olgunluk, sakinlik ve demokrasi bilinci i\u00e7inde ba\u015fka hi\u00e7bir \u00fclkede olmayan y\u00fcksek kat\u0131l\u0131m oran\u0131yla ger\u00e7ekle\u015fti. Bu da bizim g\u00fczelli\u011fimiz. Hay\u0131rl\u0131 u\u011furlu olsun&#8221; diye konu\u015ftu.<\/p>\n<p>Toroslar Belediyesinin Haziran Ay\u0131 Meclis Toplant\u0131s\u0131, Belediye Ba\u015fkan\u0131 Ats\u0131z Af\u015f\u0131n Y\u0131lmaz Ba\u015fkanl\u0131\u011f\u0131nda yap\u0131ld\u0131.<\/p>\n<p>Yunus Emre K\u00fclt\u00fcr Merkezi&#8217;nde, Sayg\u0131 duru\u015fu ve \u0130stiklal Mar\u015f\u0131&#8217;n\u0131n okunmas\u0131n\u0131n ard\u0131ndan ba\u015flayan toplant\u0131da g\u00fcndem maddeleri g\u00f6r\u00fc\u015f\u00fcld\u00fc.<\/p>\n<p>Binlerce \u00e7ocu\u011fun ve gencin 23 farkl\u0131 bran\u015fta e\u011fitim ald\u0131\u011f\u0131 ve y\u0131ld\u0131z sporcular\u0131n yeti\u015fti\u011fi Toroslar Belediyesi Spor Kul\u00fcb\u00fc&#8217;ne; belediye b\u00fct\u00e7esinden 500 bin TL maddi destek sa\u011flanmas\u0131na ili\u015fkin teklif g\u00f6r\u00fc\u015f\u00fclerek, t\u00fcm komisyonlara havalesi oy birli\u011fiyle kabul edildi.<\/p>\n<p>&#8220;TOROSLAR BELED\u0130YES\u0130NDEN KURUMLAR ARASI \u0130\u015eB\u0130RL\u0130\u011e\u0130NE G\u00dcZEL B\u0130R \u00d6RNEK DAHA&#8221;<\/p>\n<p>Toroslar Belediyesi, belediye hizmetlerini geli\u015ftirmek, \u00fcniversite sanayi kent i\u015fbirli\u011fine katk\u0131 sunmak ve kurumlar aras\u0131 i\u015fbirli\u011fine dayal\u0131 projeleri hayata ge\u00e7irmek amac\u0131yla kurum ve kurulu\u015flarla diyaloglu \u00e7al\u0131\u015fmaya devam ediyor. Ger\u00e7ekle\u015fecek olan \u00e7al\u0131\u015fmalar\u0131n daha kaliteli, verimli, yasal h\u00fck\u00fcmlere uygun ve kurumlar aras\u0131 i\u015fbirli\u011fine dayal\u0131 bir \u015fekilde y\u00fcr\u00fct\u00fclmesi ama\u00e7lan\u0131yor.<\/p>\n<p>&#8220;Kamu kurumlar\u0131, \u00fcniversiteler, odalar, sivil toplum kurulu\u015flar\u0131 ve di\u011fer kurulu\u015flarla&#8221; protokol imzalanmas\u0131 ve Avrupa Birli\u011fi&#8217;nin \u00fclkemizi de kapsayan 2023 y\u0131l\u0131 hibe &#8220;\u00c7a\u011fr\u0131 Programlar\u0131&#8221;, Yerel ve Ulusal Kurumlar taraf\u0131ndan 2023 y\u0131l\u0131nda yay\u0131nlanan &#8220;Proje Teklif \u00c7a\u011fr\u0131lar\u0131&#8221; kapsam\u0131nda Toroslar Belediyesini temsile ve gerekli belgeleri imzalamaya Belediye Ba\u015fkan\u0131 Ats\u0131z Af\u015f\u0131n Y\u0131lmaz&#8217;a yetki verilmesine ili\u015fkin teklif g\u00f6r\u00fc\u015f\u00fclerek oy birli\u011fiyle kabul edildi.<\/p>\n<p>Toplant\u0131da, \u0130mar ve \u015eehircilik M\u00fcd\u00fcrl\u00fc\u011f\u00fc&#8217;nden gelen g\u00fcndem maddeleri de g\u00f6r\u00fc\u015f\u00fclerek karara ba\u011fland\u0131.<\/p>\n<p>Temmuz ay\u0131nda yap\u0131lacak meclis toplant\u0131 g\u00fcn\u00fc ise 4 Temmuz 2023 Sal\u0131 g\u00fcn\u00fc saat 14.00 olarak belirlendi. Toplant\u0131, dilek ve temenniler ile son buldu.<\/p>\n","protected":false},"excerpt":{"rendered":"<p>Toroslar Belediye Ba\u015fkan\u0131 Ats\u0131z Af\u015f\u0131n Y\u0131lmaz; Toroslar Belediye Meclisi&#8217;nin Haziran Ay\u0131 Toplant\u0131s\u0131&#8217;nda bir a\u00e7\u0131klamada bulunarak, 28 May\u0131s&#8217;ta ger\u00e7ekle\u015ftirilen Cumhurba\u015fkanl\u0131\u011f\u0131 ikinci tur se\u00e7iminde yeniden Cumhurba\u015fkan\u0131 se\u00e7ilen Recep Tayyip Erdo\u011fan&#8217;a ve 28&#8217;inci &hellip; <a href=\"https:\/\/akdenizolaygazetesi.com\/?p=26134\" class=\"more-link\">Devam\u0131n\u0131 Oku&#8230;<\/a><\/p>\n","protected":false},"author":2,"featured_media":26135,"comment_status":"open","ping_status":"open","sticky":false,"template":"","format":"standard","meta":[],"categories":[2,3],"tags":[],"_links":{"self":[{"href":"https:\/\/akdenizolaygazetesi.com\/index.php?rest_route=\/wp\/v2\/posts\/26134"}],"collection":[{"href":"https:\/\/akdenizolaygazetesi.com\/index.php?rest_route=\/wp\/v2\/posts"}],"about":[{"href":"https:\/\/akdenizolaygazetesi.com\/index.php?rest_route=\/wp\/v2\/types\/post"}],"author":[{"embeddable":true,"href":"https:\/\/akdenizolaygazetesi.com\/index.php?rest_route=\/wp\/v2\/users\/2"}],"replies":[{"embeddable":true,"href":"https:\/\/akdenizolaygazetesi.com\/index.php?rest_route=%2Fwp%2Fv2%2Fcomments&post=26134"}],"version-history":[{"count":1,"href":"https:\/\/akdenizolaygazetesi.com\/index.php?rest_route=\/wp\/v2\/posts\/26134\/revisions"}],"predecessor-version":[{"id":26136,"href":"https:\/\/akdenizolaygazetesi.com\/index.php?rest_route=\/wp\/v2\/posts\/26134\/revisions\/26136"}],"wp:featuredmedia":[{"embeddable":true,"href":"https:\/\/akdenizolaygazetesi.com\/index.php?rest_route=\/wp\/v2\/media\/26135"}],"wp:attachment":[{"href":"https:\/\/akdenizolaygazetesi.com\/index.php?rest_route=%2Fwp%2Fv2%2Fmedia&parent=26134"}],"wp:term":[{"taxonomy":"category","embeddable":true,"href":"https:\/\/akdenizolaygazetesi.com\/index.php?rest_route=%2Fwp%2Fv2%2Fcategories&post=26134"},{"taxonomy":"post_tag","embeddable":true,"href":"https:\/\/akdenizolaygazetesi.com\/index.php?rest_route=%2Fwp%2Fv2%2Ftags&post=26134"}],"curies":[{"name":"wp","href":"https:\/\/api.w.org\/{rel}","templated":true}]}}