{"id":26143,"date":"2023-06-03T19:58:14","date_gmt":"2023-06-03T16:58:14","guid":{"rendered":"http:\/\/akdenizolaygazetesi.com\/?p=26143"},"modified":"2023-06-03T19:58:14","modified_gmt":"2023-06-03T16:58:14","slug":"kariyer-merkezi-universitelilerin-yaninda","status":"publish","type":"post","link":"https:\/\/akdenizolaygazetesi.com\/?p=26143","title":{"rendered":"KAR\u0130YER MERKEZ\u0130 \u00dcN\u0130VERS\u0130TEL\u0130LER\u0130N YANINDA"},"content":{"rendered":"<p>Mersin B\u00fcy\u00fck\u015fehir Belediye Kariyer Merkezi \u00fcniversiteli \u00f6\u011frencilere y\u00f6nelik hizmetlerini Kariyer Mersin Projesi&#8217;yle tek platformda toplayacak.<\/p>\n<p>Mersin \u00dcniversitesi, Tarsus \u00dcniversitesi, \u00c7a\u011f \u00dcniversitesi ve Toros \u00dcniversitesi&#8217;nde okuyan \u00fcniversiteli gen\u00e7lere y\u00f6nelik hizmetleri tek platformda s\u00fcrd\u00fcrmek isteyen Kariyer Merkezi, \u00f6\u011frencilerin daha kat\u0131l\u0131mc\u0131 oldu\u011fu, istek ve beklentilerine uygun \u00e7al\u0131\u015fmalar\u0131 hayata ge\u00e7irmeye haz\u0131rlan\u0131yor.<\/p>\n<p>Online Kariyer Bulu\u015fmas\u0131 Ger\u00e7ekle\u015fti<\/p>\n<p>25 May\u0131s 2023 tarihinde Mersin&#8217;de bulunan 4 \u00fcniversitenin \u00f6\u011frenci temsilcilerinin kat\u0131l\u0131m\u0131yla \u00e7evrimi\u00e7i bulu\u015fma ger\u00e7ekle\u015fti. Ger\u00e7ekle\u015fen \u00e7evrimi\u00e7i etkinli\u011fi 100&#8217;den fazla \u00f6\u011frenci kat\u0131l\u0131m g\u00f6sterdi.<\/p>\n<p>\u00c7evrimi\u00e7i bulu\u015fmada, Kariyer Mersin Projesi hakk\u0131nda bilgilendirme yap\u0131l\u0131rken, &#8216;\u0130\u015f ve Staj F\u0131rsatlar\u0131n\u0131n Duyurulmas\u0131, Kurumsal Firmalarla Networking, M\u00fclakat Sim\u00fclasyonlar\u0131, \u0130stihdam Becerileri E\u011fitimleri, Firma Teknik Gezileri ile E\u011fitim ve etkinlerin duyurulmas\u0131 gibi konularda \u00fcniversiteli gen\u00e7lerle fikir al\u0131\u015fveri\u015finde bulunuldu.<\/p>\n<p>\u00dcniversiteli gen\u00e7ler i\u015f d\u00fcnyas\u0131na haz\u0131rlanmal\u0131<\/p>\n<p>Mersin B\u00fcy\u00fck\u015fehir Belediyesi Kariyer Merkezi \u015eube M\u00fcd\u00fcr\u00fc Serkan \u00d6zada, Kariyer Mersin Projesi&#8217;nin iki y\u00f6nl\u00fc bir proje oldu\u011funu belirtti. \u00d6ncelikle projenin kurumsal altyap\u0131s\u0131n\u0131 kurmak amac\u0131yla 2022 d\u00f6neminde \u00fcniversite rekt\u00f6rlerinin yan\u0131 s\u0131ra i\u015f d\u00fcnyas\u0131n\u0131 temsil eden oda ve sivil toplum kurulu\u015flar\u0131 ile isti\u015fare sa\u011flad\u0131klar\u0131n\u0131 s\u00f6yleyen \u00d6zada, &#8216;Kariyer, Mesleki E\u011fitim, Giri\u015fimcilik, \u0130stihdam&#8217; gibi konularla kurumlar aras\u0131 i\u015f birli\u011fini kurumsalla\u015ft\u0131racaklar\u0131n\u0131n alt\u0131n\u0131 \u00e7izdi.<\/p>\n<p>\u00d6zada, projenin \u00f6\u011frenci aya\u011f\u0131nda ise \u00f6ncelikle Mersin&#8217;de bulunan \u00fcniversite \u00f6\u011frencilerini tek platform alt\u0131nda birle\u015ftirerek, \u00fcniversiteli gen\u00e7lerin bir arada proje \u00fcretmesine y\u00f6nelik ortam sa\u011flamay\u0131 ama\u00e7lad\u0131klar\u0131n\u0131 belirtti. Kariyer Merkezi taraf\u0131ndan sunulacak hizmetlerde de gen\u00e7lerin istek ve beklentilerini en \u00fcst seviyeye \u00e7\u0131karacaklar\u0131n\u0131 ileten \u00d6zada, \u00fcniversitelilerle i\u015f d\u00fcnyas\u0131n\u0131 bulu\u015fturacak network ve ment\u00f6rl\u00fck e\u011fitimlerine a\u011f\u0131rl\u0131k vereceklerini s\u00f6yledi.<\/p>\n","protected":false},"excerpt":{"rendered":"<p>Mersin B\u00fcy\u00fck\u015fehir Belediye Kariyer Merkezi \u00fcniversiteli \u00f6\u011frencilere y\u00f6nelik hizmetlerini Kariyer Mersin Projesi&#8217;yle tek platformda toplayacak. Mersin \u00dcniversitesi, Tarsus \u00dcniversitesi, \u00c7a\u011f \u00dcniversitesi ve Toros \u00dcniversitesi&#8217;nde okuyan \u00fcniversiteli gen\u00e7lere y\u00f6nelik hizmetleri tek &hellip; <a href=\"https:\/\/akdenizolaygazetesi.com\/?p=26143\" class=\"more-link\">Devam\u0131n\u0131 Oku&#8230;<\/a><\/p>\n","protected":false},"author":2,"featured_media":26144,"comment_status":"open","ping_status":"open","sticky":false,"template":"","format":"standard","meta":[],"categories":[8,2,3],"tags":[],"_links":{"self":[{"href":"https:\/\/akdenizolaygazetesi.com\/index.php?rest_route=\/wp\/v2\/posts\/26143"}],"collection":[{"href":"https:\/\/akdenizolaygazetesi.com\/index.php?rest_route=\/wp\/v2\/posts"}],"about":[{"href":"https:\/\/akdenizolaygazetesi.com\/index.php?rest_route=\/wp\/v2\/types\/post"}],"author":[{"embeddable":true,"href":"https:\/\/akdenizolaygazetesi.com\/index.php?rest_route=\/wp\/v2\/users\/2"}],"replies":[{"embeddable":true,"href":"https:\/\/akdenizolaygazetesi.com\/index.php?rest_route=%2Fwp%2Fv2%2Fcomments&post=26143"}],"version-history":[{"count":1,"href":"https:\/\/akdenizolaygazetesi.com\/index.php?rest_route=\/wp\/v2\/posts\/26143\/revisions"}],"predecessor-version":[{"id":26145,"href":"https:\/\/akdenizolaygazetesi.com\/index.php?rest_route=\/wp\/v2\/posts\/26143\/revisions\/26145"}],"wp:featuredmedia":[{"embeddable":true,"href":"https:\/\/akdenizolaygazetesi.com\/index.php?rest_route=\/wp\/v2\/media\/26144"}],"wp:attachment":[{"href":"https:\/\/akdenizolaygazetesi.com\/index.php?rest_route=%2Fwp%2Fv2%2Fmedia&parent=26143"}],"wp:term":[{"taxonomy":"category","embeddable":true,"href":"https:\/\/akdenizolaygazetesi.com\/index.php?rest_route=%2Fwp%2Fv2%2Fcategories&post=26143"},{"taxonomy":"post_tag","embeddable":true,"href":"https:\/\/akdenizolaygazetesi.com\/index.php?rest_route=%2Fwp%2Fv2%2Ftags&post=26143"}],"curies":[{"name":"wp","href":"https:\/\/api.w.org\/{rel}","templated":true}]}}