{"id":26146,"date":"2023-06-03T20:00:10","date_gmt":"2023-06-03T17:00:10","guid":{"rendered":"http:\/\/akdenizolaygazetesi.com\/?p=26146"},"modified":"2023-06-03T20:00:10","modified_gmt":"2023-06-03T17:00:10","slug":"secer-pedalliyoruz-etkinligine-katildi","status":"publish","type":"post","link":"https:\/\/akdenizolaygazetesi.com\/?p=26146","title":{"rendered":"SE\u00c7ER, &#8216;PEDALLIYORUZ&#8217; ETK\u0130NL\u0130\u011e\u0130NE KATILDI"},"content":{"rendered":"<p>Mersin B\u00fcy\u00fck\u015fehir Belediye Ba\u015fkan\u0131 Vahap Se\u00e7er, 3 Haziran D\u00fcnya Bisiklet G\u00fcn\u00fc dolay\u0131s\u0131yla d\u00fczenlenen etkinli\u011fe kat\u0131ld\u0131. Mersin B\u00fcy\u00fck\u015fehir Belediyesi Kad\u0131n ve Aile Hizmetleri Dairesi Ba\u015fkanl\u0131\u011f\u0131 taraf\u0131ndan d\u00fczenlenen etkinli\u011fe, bisiklet dernekleri, topluluklar\u0131 ve 7&#8217;den 70&#8217;e bisiklet tutkunu vatanda\u015flar kat\u0131ld\u0131.<\/p>\n<p>Yeni\u015fehir il\u00e7esinde bulunan \u00d6zgecan Aslan Bar\u0131\u015f Meydan\u0131&#8217;nda ba\u015flayan bisiklet turu \u00f6ncesi bisiklet tutkunlar\u0131yla bir araya gelen Se\u00e7er, vatanda\u015flarla bol bol sohbet etti. Ba\u015fkan Se\u00e7er&#8217;i b\u00f6yle bir etkinlikte g\u00f6rmekten dolay\u0131 mutluluklar\u0131n\u0131 ifade eden vatanda\u015flar, kent genelinde yap\u0131lan bisiklet yollar\u0131 ve bisiklete te\u015fvik eden \u00e7al\u0131\u015fmalardan dolay\u0131 Ba\u015fkan Se\u00e7er&#8217;e te\u015fekk\u00fcrlerini ilettiler.<\/p>\n<p>\u00d6zgecan Aslan Bar\u0131\u015f Meydan\u0131&#8217;nda ba\u015flayan bisiklet turu, \u015fark\u0131lar e\u015fli\u011finde sahil boyu devam ederek rengarenk bir g\u00f6r\u00fcnt\u00fc olu\u015fturdu. Turun sona ermesinin ard\u0131ndan B\u00fcy\u00fck\u015fehir&#8217;in Etkinlik ve G\u00f6steri Merkezi&#8217;nde kat\u0131l\u0131mc\u0131lar i\u00e7in kahvalt\u0131 etkinli\u011fi d\u00fczenlendi. Burada bisikletli vatanda\u015flarla kahvalt\u0131 yapan Se\u00e7er, kat\u0131l\u0131mc\u0131larla sohbet ederek foto\u011fraf \u00e7ekildi.<\/p>\n<p>&#8220;Bisiklet Mersin i\u00e7in art\u0131k her anlamda bir realite&#8221;<\/p>\n<p>D\u00fcnya Bisiklet G\u00fcn\u00fc ile ilgili de\u011ferlendirmelerde bulunan Se\u00e7er, bisikletin Mersin i\u00e7in art\u0131k hayat\u0131n bir par\u00e7as\u0131 haline geldi\u011fini belirterek, B\u00fcy\u00fck\u015fehir Belediyesi olarak yap\u0131lan her \u00e7al\u0131\u015fmada bisiklet kullan\u0131m\u0131n\u0131 te\u015fvik edici uygulamalar\u0131n da programa dahil edilmeye \u00e7al\u0131\u015f\u0131ld\u0131\u011f\u0131n\u0131 s\u00f6yledi. D\u00fcnya Bisiklet G\u00fcn\u00fc dolay\u0131s\u0131yla d\u00fczenlenen etkinli\u011fe kat\u0131lmaktan keyif ald\u0131\u011f\u0131n\u0131 belirten Ba\u015fkan Se\u00e7er, &#8220;\u00c7ok say\u0131da vatanda\u015f\u0131m\u0131z ile g\u00fczel bir Cumartesi sabah ya\u015fad\u0131k. Bisiklet Mersin i\u00e7in art\u0131k bir realite her anlamda. \u0130nsanlar bu kavram\u0131 i\u00e7selle\u015ftirdi. \u00c7\u00fcnk\u00fc belediyemiz bu konuda 4 y\u0131l \u00f6nce g\u00f6reve geldi\u011fi g\u00fcnden bug\u00fcne kadar bisiklet yollar\u0131 konusunda \u00e7ok istikrarl\u0131 bir \u015fekilde bisiklet yollar\u0131n\u0131n yap\u0131m\u0131n\u0131 ba\u015flatt\u0131 ve devam etti&#8221; dedi.<\/p>\n<p>&#8220;Her ge\u00e7en g\u00fcn Mersin&#8217;de bisiklet yolunun kilometre olarak uzunlu\u011fu artacak&#8221;<\/p>\n<p>Mersin&#8217;de h\u00e2lihaz\u0131rda 100 kilometrelik bisiklet yolunun tamamland\u0131\u011f\u0131n\u0131 ve yenilerinin de yap\u0131m\u0131n\u0131n s\u00fcrd\u00fc\u011f\u00fcn\u00fc dile getiren Ba\u015fkan Se\u00e7er, &#8220;Nihai hedefimiz \u00e7ok \u00e7ok daha fazla. Her yapt\u0131\u011f\u0131m\u0131z, yeni a\u00e7t\u0131\u011f\u0131m\u0131z bulvarlarda, yapt\u0131\u011f\u0131m\u0131z \u00e7al\u0131\u015fmalarda mutlaka bisiklet yolunu d\u00fc\u015f\u00fcn\u00fcyoruz ya da geni\u015fletti\u011fimiz, yeniledi\u011fimiz yollarda \u00f6l\u00e7\u00fcleri uygunsa yine bisiklet yolu mutlaka yap\u0131yoruz. Her ge\u00e7en g\u00fcn Mersin&#8217;de bisiklet yolunun kilometre olarak uzunlu\u011fu artacak. Bu fark\u0131ndal\u0131k art\u0131k toplumda var. Bisiklet kullan\u0131m\u0131 da art\u0131yor, bisiklet yollar\u0131n\u0131n olmas\u0131 cazip hale getiriyor. Sabah vatanda\u015flar\u0131mla yapt\u0131\u011f\u0131m sohbetlerde de bunu dile getirdiler. Bu muazzam bir \u015fey&#8221; diye konu\u015ftu.<\/p>\n<p>&#8220;Mersin&#8217;de y\u00fcksek oranlarda bisiklet kullan\u0131m\u0131n\u0131 sa\u011flayacak \u00e7al\u0131\u015fmalar yapaca\u011f\u0131z&#8221;<\/p>\n<p>Bisiklet kullan\u0131m\u0131n\u0131n sa\u011fl\u0131k ve \u00e7evre a\u00e7\u0131s\u0131ndan da b\u00fcy\u00fck \u00f6nem arz etti\u011fine dikkat \u00e7eken Ba\u015fkan Se\u00e7er, &#8220;Tabi ki sa\u011fl\u0131k, \u00e7evre, hava kirlili\u011fi, fosil k\u00f6kenli yak\u0131tlar\u0131n kullan\u0131m\u0131n\u0131n d\u00fc\u015fmesi a\u00e7\u0131s\u0131ndan, iklim de\u011fi\u015fikli\u011fi gibi \u00e7evreye tehdit olu\u015fturan son y\u0131llar\u0131n \u00f6nemli konular\u0131n\u0131n m\u00fccadelesi a\u00e7\u0131s\u0131ndan da bisiklet kullan\u0131m\u0131n\u0131n art\u0131\u015f oran\u0131 bizleri memnun ediyor. \u0130n\u015fallah \u00f6n\u00fcm\u00fczdeki g\u00fcnlerde Mersin&#8217;de \u00e7ok daha y\u00fcksek oranlarda bisiklet kullan\u0131m\u0131n\u0131 sa\u011flayacak \u00e7al\u0131\u015fmalar yapaca\u011f\u0131z&#8221; ifadelerini kulland\u0131.<\/p>\n<p>\u00c7ak\u0131r: &#8220;Mavi yol muhte\u015fem bir \u015fey, o olmasa bu kadar \u00f6zg\u00fcr bisiklet s\u00fcremezdik&#8221;<\/p>\n<p>\u00c7al\u0131\u015fma hayat\u0131 s\u00fcresince bu t\u00fcr etkinliklerin hayalini kurdu\u011funu ve emekli olduktan sonra bu hayallerine Mersin B\u00fcy\u00fck\u015fehir Belediyesi&#8217;nin d\u00fczenledi\u011fi organizasyonlar ile kavu\u015ftu\u011funu s\u00f6yleyen Fatma \u00c7ak\u0131r, &#8220;Y\u0131llard\u0131r hayalimdi bu benim. \u00c7ocuklar\u0131m\u0131 b\u00fcy\u00fctt\u00fcm, emekli oldum ve \u015fimdi b\u00fct\u00fcn aktivitelere kat\u0131l\u0131yorum. \u00c7ok keyifli. B\u00fcy\u00fck\u015fehir zaten ger\u00e7ekten halk\u0131n yan\u0131nda, kutluyorum. \u015eu sahilimiz cennet oldu. \u00c7\u0131k\u0131yoruz bisikletlerimizle geziyoruz. Mavi yol muhte\u015fem bir \u015fey, o olmasa bu kadar \u00f6zg\u00fcr bisiklet s\u00fcremezdik. B\u00fct\u00fcn hizmetler bizim i\u00e7in gen\u00e7ler i\u00e7in. Sahiller g\u00fczelle\u015fti \u00e7ok g\u00fczel oldu&#8221; dedi.<\/p>\n<p>Tol: &#8220;Belediyenin deste\u011fi olunca \u00e7ok mutlu oluyoruz&#8221;<\/p>\n<p>Bisikopat Kad\u0131nlar Bisiklet Toplulu\u011fu&#8217;ndan Dilek Tol ise topluluk olarak 2 senedir faaliyet g\u00f6sterdiklerini belirterek, &#8220;Biz iki senedir faaliyet g\u00f6steriyoruz, bisiklet \u00f6\u011fretiyoruz. Kad\u0131nlarla bir topluluk olu\u015fturduk. Beraber tur yap\u0131yoruz. Her hafta bir kere tur bir kere de \u00fccretsiz ders yap\u0131yoruz. Biz bisikletliler olarak zaten b\u00f6yle etkinlikleri \u00e7ok seviyoruz. Kendimiz de yap\u0131yoruz ama belediyenin de deste\u011fi olunca \u00e7ok mutlu oluyoruz&#8221; diye konu\u015ftu.<\/p>\n<p>Ak\u00e7\u0131nar: &#8220;Ula\u015f\u0131m arac\u0131 olarak bisikletimi kullan\u0131yorum&#8221;<\/p>\n<p>Mersin B\u00fcy\u00fck\u015fehir Belediyesi&#8217;nin t\u00fcm etkinliklerine kat\u0131ld\u0131\u011f\u0131n\u0131 dile getiren Zerrin Ak\u00e7\u0131nar, &#8220;Ba\u015fkan\u0131m\u0131z\u0131 \u00e7ok seviyorum. B\u00fct\u00fcn etkinliklerine kat\u0131l\u0131yorum. Onu candan kutluyorum. Sonsuz te\u015fekk\u00fcrler. Kendimi bildim bileli bisiklet s\u00fcr\u00fcyorum ve \u00e7ok seviyorum. Ula\u015f\u0131m arac\u0131 olarak bisikletimi kullan\u0131yorum, her yere bisikletle gidiyorum ve herkese tavsiye ediyorum&#8221; \u015feklinde konu\u015ftu.<\/p>\n<p>C\u0131nc\u0131k: &#8220;Bisiklete \u00f6zendirmek i\u00e7in b\u00f6yle programlar haz\u0131rlayanlara te\u015fekk\u00fcr ediyoruz&#8221;<\/p>\n<p>Zirve Da\u011fc\u0131l\u0131k Kul\u00fcb\u00fc Bisiklet Grubu \u00fcyesi Musa Kaz\u0131m C\u0131nc\u0131k ise etkinli\u011fe bisiklet fark\u0131ndal\u0131\u011f\u0131 olu\u015fturulmas\u0131na katk\u0131 sunabilmek i\u00e7in kat\u0131ld\u0131\u011f\u0131n\u0131 belirterek, &#8220;Bisikletin de \u00f6ncelikle fark\u0131ndal\u0131\u011f\u0131 olmal\u0131. \u00c7\u00fcnk\u00fc g\u00fcn\u00fcm\u00fcz ekonomik \u015fartlar\u0131nda yak\u0131t\u0131n \u00e7ok y\u00fcksek fiyat\u0131 oldu\u011funu ayn\u0131 zamanda da \u00e7evre kirlili\u011fi ad\u0131na etkisini hepimiz biliyoruz. Bu nedenle vatanda\u015flar\u0131m\u0131z\u0131 bisiklete \u00f6zendirmek ve bisiklete binmeyi sa\u011flamak i\u00e7in b\u00f6yle programlar haz\u0131rlayanlara da te\u015fekk\u00fcr ediyoruz&#8221; ifadelerini kulland\u0131.<\/p>\n","protected":false},"excerpt":{"rendered":"<p>Mersin B\u00fcy\u00fck\u015fehir Belediye Ba\u015fkan\u0131 Vahap Se\u00e7er, 3 Haziran D\u00fcnya Bisiklet G\u00fcn\u00fc dolay\u0131s\u0131yla d\u00fczenlenen etkinli\u011fe kat\u0131ld\u0131. Mersin B\u00fcy\u00fck\u015fehir Belediyesi Kad\u0131n ve Aile Hizmetleri Dairesi Ba\u015fkanl\u0131\u011f\u0131 taraf\u0131ndan d\u00fczenlenen etkinli\u011fe, bisiklet dernekleri, topluluklar\u0131 &hellip; <a href=\"https:\/\/akdenizolaygazetesi.com\/?p=26146\" class=\"more-link\">Devam\u0131n\u0131 Oku&#8230;<\/a><\/p>\n","protected":false},"author":2,"featured_media":26147,"comment_status":"open","ping_status":"open","sticky":false,"template":"","format":"standard","meta":[],"categories":[2,3,10],"tags":[],"_links":{"self":[{"href":"https:\/\/akdenizolaygazetesi.com\/index.php?rest_route=\/wp\/v2\/posts\/26146"}],"collection":[{"href":"https:\/\/akdenizolaygazetesi.com\/index.php?rest_route=\/wp\/v2\/posts"}],"about":[{"href":"https:\/\/akdenizolaygazetesi.com\/index.php?rest_route=\/wp\/v2\/types\/post"}],"author":[{"embeddable":true,"href":"https:\/\/akdenizolaygazetesi.com\/index.php?rest_route=\/wp\/v2\/users\/2"}],"replies":[{"embeddable":true,"href":"https:\/\/akdenizolaygazetesi.com\/index.php?rest_route=%2Fwp%2Fv2%2Fcomments&post=26146"}],"version-history":[{"count":1,"href":"https:\/\/akdenizolaygazetesi.com\/index.php?rest_route=\/wp\/v2\/posts\/26146\/revisions"}],"predecessor-version":[{"id":26148,"href":"https:\/\/akdenizolaygazetesi.com\/index.php?rest_route=\/wp\/v2\/posts\/26146\/revisions\/26148"}],"wp:featuredmedia":[{"embeddable":true,"href":"https:\/\/akdenizolaygazetesi.com\/index.php?rest_route=\/wp\/v2\/media\/26147"}],"wp:attachment":[{"href":"https:\/\/akdenizolaygazetesi.com\/index.php?rest_route=%2Fwp%2Fv2%2Fmedia&parent=26146"}],"wp:term":[{"taxonomy":"category","embeddable":true,"href":"https:\/\/akdenizolaygazetesi.com\/index.php?rest_route=%2Fwp%2Fv2%2Fcategories&post=26146"},{"taxonomy":"post_tag","embeddable":true,"href":"https:\/\/akdenizolaygazetesi.com\/index.php?rest_route=%2Fwp%2Fv2%2Ftags&post=26146"}],"curies":[{"name":"wp","href":"https:\/\/api.w.org\/{rel}","templated":true}]}}