{"id":26155,"date":"2023-06-05T12:33:02","date_gmt":"2023-06-05T09:33:02","guid":{"rendered":"http:\/\/akdenizolaygazetesi.com\/?p=26155"},"modified":"2023-06-05T12:33:02","modified_gmt":"2023-06-05T09:33:02","slug":"buyuksehirin-kres-ogrencileri-tarihe-yolculuk-yapti","status":"publish","type":"post","link":"https:\/\/akdenizolaygazetesi.com\/?p=26155","title":{"rendered":"B\u00dcY\u00dcK\u015eEH\u0130R&#8217;\u0130N KRE\u015e \u00d6\u011eRENC\u0130LER\u0130 TAR\u0130HE YOLCULUK YAPTI"},"content":{"rendered":"<p>Mersin B\u00fcy\u00fck\u015fehir Belediyesi Kad\u0131n ve Aile Hizmetleri Daire Ba\u015fkanl\u0131\u011f\u0131 \u00c7ocuk \u015eube M\u00fcd\u00fcrl\u00fc\u011f\u00fc&#8217;ne ba\u011fl\u0131 \u00c7ocuk Geli\u015fim Merkezleri&#8217;nde e\u011fitim g\u00f6ren \u00f6\u011frenciler, M\u00fczeler Haftas\u0131 dolay\u0131s\u0131yla, Mersin Arkeoloji M\u00fczesi&#8217;ni ziyaret etti. M\u00fcnir \u00d6zkul \u00c7ocuk Geli\u015fim Merkezi, Halkkent \u00c7ocuk Geli\u015fim Merkezi ve Adile Teyze \u00c7ocuk Geli\u015fim Merkezi&#8217;nde e\u011fitim g\u00f6ren 50 \u00f6\u011frenci, tarihe uzun bir yolculuk ger\u00e7ekle\u015ftirirken, m\u00fczelerde bulunan eserlerin neden sergilendi\u011fi ve ge\u00e7mi\u015f toplumlara ait kal\u0131nt\u0131lar\u0131n neden incelendi\u011fi hakk\u0131nda bilgi ald\u0131. \u00d6\u011frenciler m\u00fcze ziyareti s\u0131ras\u0131nda \u00f6\u011frendikleri bilgiler ve yapt\u0131klar\u0131 g\u00f6zlemler neticesinde, zihinlerinde yer edinen imgeleri, gezi sonras\u0131nda hayal g\u00fc\u00e7leri ile birle\u015ftirerek resim \u00e7izdiler.<br \/>\nTan\u0131\u015f\u0131k: &#8220;M\u00fcze ziyaretinde \u00e7ocuklar\u0131m\u0131z, ge\u00e7mi\u015f ile gelecek aras\u0131nda ba\u011f kurdular&#8221;<br \/>\nMersin B\u00fcy\u00fck\u015fehir Belediyesi \u00c7ocuk Geli\u015fim Merkezleri sorumlusu \u00d6zlem Tan\u0131\u015f\u0131k, \u00e7ocuklara m\u00fczelerin \u00f6nemini anlatt\u0131klar\u0131n\u0131 ve unutamayacaklar\u0131 bir gezi d\u00fczenlediklerini belirterek, &#8220;\u00c7ocuklar\u0131m\u0131z\u0131n ge\u00e7mi\u015f ile gelecek aras\u0131ndaki ba\u011flant\u0131lar\u0131 kurup, sanat ile hayatlar\u0131n\u0131 y\u00f6nlendirebilmeleri ad\u0131na arkeolojik eserlerle bir araya getirdik&#8221; dedi. Bu geziyle, \u00e7ocuklar\u0131n tarihin \u00f6nemini daha iyi anlayabilmelerini ama\u00e7lad\u0131klar\u0131n\u0131 ifade eden Tan\u0131\u015f\u0131k, &#8220;Kendileri de, se\u00e7tikleri tarihi eserlerin \u00f6n\u00fcnde o heykellerin resmini yapt\u0131lar. T\u00fcm \u00e7ocuklar\u0131m\u0131z\u0131, tarih ile bug\u00fcn ve gelecek aras\u0131nda ba\u011flant\u0131 kurmas\u0131 i\u00e7in m\u00fczelerle bulu\u015fturmam\u0131z gerekiyor&#8221; diye konu\u015ftu.<br \/>\nBir m\u00fcze ziyareti de Tarsus&#8217;ta ger\u00e7ekle\u015fti<br \/>\nMersin B\u00fcy\u00fck\u015fehir Belediyesi Kad\u0131n ve Aile Hizmetleri Dairesi Ba\u015fkanl\u0131\u011f\u0131na ba\u011fl\u0131 Tarsus G\u00fcnyurdu Mahallesi Atgirmez mevkiinde bulunan Kad\u0131n ve \u00c7ocuk At\u00f6lyesi ile Mevlana Kad\u0131n ve \u00c7ocuk At\u00f6lyesi&#8217;nde destek e\u011fitimi alan \u00f6\u011frenciler de, M\u00fczeler Haftas\u0131 dolay\u0131s\u0131yla Tarsus M\u00fczesi&#8217;ni gezdiler.<br \/>\n\u00c7ocuklar m\u00fcze ziyaretinin ard\u0131ndan, Tar\u0131msal Hizmetler Dairesi Ba\u015fkanl\u0131\u011f\u0131 b\u00fcnyesinde yer alan Tarsus Do\u011fa Park\u0131&#8217;na da g\u00f6t\u00fcr\u00fclerek, birbirinden \u00e7e\u015fitli hayvanlar\u0131 yak\u0131ndan g\u00f6rme \u015fans\u0131 buldular.<br \/>\nBerber: &#8220;\u00c7ocuklar\u0131m\u0131z, k\u00f6kl\u00fc bir tarihi olan Tarsus hakk\u0131nda bilgi sahibi oldular&#8221;<br \/>\nMevlana Kad\u0131n ve \u00c7ocuk At\u00f6lyesi Birim Sorumlusu Sonay Berber, \u00f6\u011frencileri tarih hakk\u0131nda bilgilendirmek amac\u0131yla bu geziyi d\u00fczenlediklerini kaydederek, &#8220;Mevlana Kad\u0131n ve \u00c7ocuk At\u00f6lyesi&#8217;nde, 4-6 ya\u015f gruplar\u0131na y\u00f6nelik hizmetler veriyoruz. Mezun grubumuzda toplam 32 \u00e7ocu\u011fumuz var. \u00c7ocuklar\u0131m\u0131z\u0131 Tarsus M\u00fczesi&#8217;ne getirmek istedik. Tarsus&#8217;u g\u00f6rmeleri, Tarsus&#8217;a ait \u00fcr\u00fcnleri tan\u0131malar\u0131, arkeolojik kaz\u0131lar\u0131 incelemeleri ve \u00e7a\u011flar hakk\u0131nda bilgi sahibi olabilmeleri i\u00e7in buraya getirdik. G\u00fczel bir etkinlik oldu. \u00c7ocuklar\u0131m\u0131z, k\u00f6kl\u00fc bir tarihe sahip olan Tarsus&#8217;un ge\u00e7mi\u015f de\u011ferlerinin yans\u0131t\u0131ld\u0131\u011f\u0131 m\u00fczede t\u00fcm b\u00f6l\u00fcmleri merakla gezerek, binlerce y\u0131l \u00f6ncesinin tasvir edildi\u011fi odalarda bir nevi zaman yolculu\u011fu yapt\u0131lar. Hepimiz yeni \u015feyler \u00f6\u011frendik. M\u00fczeler Haftas\u0131 dolay\u0131s\u0131yla Tarsus M\u00fczesi&#8217;ni tercih ettik ve \u00e7ok memnun kald\u0131k&#8221; diye konu\u015ftu.<\/p>\n","protected":false},"excerpt":{"rendered":"<p>Mersin B\u00fcy\u00fck\u015fehir Belediyesi Kad\u0131n ve Aile Hizmetleri Daire Ba\u015fkanl\u0131\u011f\u0131 \u00c7ocuk \u015eube M\u00fcd\u00fcrl\u00fc\u011f\u00fc&#8217;ne ba\u011fl\u0131 \u00c7ocuk Geli\u015fim Merkezleri&#8217;nde e\u011fitim g\u00f6ren \u00f6\u011frenciler, M\u00fczeler Haftas\u0131 dolay\u0131s\u0131yla, Mersin Arkeoloji M\u00fczesi&#8217;ni ziyaret etti. M\u00fcnir \u00d6zkul \u00c7ocuk &hellip; <a href=\"https:\/\/akdenizolaygazetesi.com\/?p=26155\" class=\"more-link\">Devam\u0131n\u0131 Oku&#8230;<\/a><\/p>\n","protected":false},"author":2,"featured_media":26156,"comment_status":"open","ping_status":"open","sticky":false,"template":"","format":"standard","meta":[],"categories":[2,3],"tags":[],"_links":{"self":[{"href":"https:\/\/akdenizolaygazetesi.com\/index.php?rest_route=\/wp\/v2\/posts\/26155"}],"collection":[{"href":"https:\/\/akdenizolaygazetesi.com\/index.php?rest_route=\/wp\/v2\/posts"}],"about":[{"href":"https:\/\/akdenizolaygazetesi.com\/index.php?rest_route=\/wp\/v2\/types\/post"}],"author":[{"embeddable":true,"href":"https:\/\/akdenizolaygazetesi.com\/index.php?rest_route=\/wp\/v2\/users\/2"}],"replies":[{"embeddable":true,"href":"https:\/\/akdenizolaygazetesi.com\/index.php?rest_route=%2Fwp%2Fv2%2Fcomments&post=26155"}],"version-history":[{"count":1,"href":"https:\/\/akdenizolaygazetesi.com\/index.php?rest_route=\/wp\/v2\/posts\/26155\/revisions"}],"predecessor-version":[{"id":26157,"href":"https:\/\/akdenizolaygazetesi.com\/index.php?rest_route=\/wp\/v2\/posts\/26155\/revisions\/26157"}],"wp:featuredmedia":[{"embeddable":true,"href":"https:\/\/akdenizolaygazetesi.com\/index.php?rest_route=\/wp\/v2\/media\/26156"}],"wp:attachment":[{"href":"https:\/\/akdenizolaygazetesi.com\/index.php?rest_route=%2Fwp%2Fv2%2Fmedia&parent=26155"}],"wp:term":[{"taxonomy":"category","embeddable":true,"href":"https:\/\/akdenizolaygazetesi.com\/index.php?rest_route=%2Fwp%2Fv2%2Fcategories&post=26155"},{"taxonomy":"post_tag","embeddable":true,"href":"https:\/\/akdenizolaygazetesi.com\/index.php?rest_route=%2Fwp%2Fv2%2Ftags&post=26155"}],"curies":[{"name":"wp","href":"https:\/\/api.w.org\/{rel}","templated":true}]}}